{"id":15666,"date":"2025-01-03T11:07:48","date_gmt":"2025-01-03T08:07:48","guid":{"rendered":"https:\/\/kibrisayna.com\/index.php\/2025\/01\/03\/berovasendikalarla-en-gec-carsamba-gorusecegiz-brtk\/"},"modified":"2025-01-03T11:07:48","modified_gmt":"2025-01-03T08:07:48","slug":"berovasendikalarla-en-gec-carsamba-gorusecegiz-brtk","status":"publish","type":"post","link":"https:\/\/kibrisayna.com\/index.php\/2025\/01\/03\/berovasendikalarla-en-gec-carsamba-gorusecegiz-brtk\/","title":{"rendered":"Berova:Sendikalarla en ge\u00e7 \u00e7ar\u015famba g\u00f6r\u00fc\u015fece\u011fiz \u2013 BRTK"},"content":{"rendered":"<p> <br \/>\n<\/p>\n<div>\n<div class=\"mariselle-image-container center\">\n                <img loading=\"lazy\" decoding=\"async\" width=\"720\" height=\"405\" class=\"lazy-image\" alt=\"\" sizes=\"auto, (max-width: 720px) 100vw, 720px\" src=\"https:\/\/brtk.net\/wp-content\/uploads\/2024\/06\/15\/ozdemir-berova1.jpg?ver=d3cab302e10830603b509f1b2c67e4a7\" srcset=\"https:\/\/brtk.net\/wp-content\/uploads\/2024\/06\/15\/ozdemir-berova1.jpg?ver=d3cab302e10830603b509f1b2c67e4a7 720w, https:\/\/brtk.net\/wp-content\/uploads\/2024\/06\/15\/ozdemir-berova1-300x169.jpg?ver=a4cbf132839eaf182462f84521940ac0 300w\"\/>                            <\/div>\n<p> Maliye Bakan\u0131 \u00d6zdemir Berova, hayat pahal\u0131l\u0131\u011f\u0131 \u00f6dene\u011fiyle ilgili \u00f6ng\u00f6rd\u00fckleri yasal d\u00fczenlemeyi ele almak \u00fczere en ge\u00e7 \u00f6n\u00fcm\u00fczdeki \u00c7ar\u015famba sendikalarla bir araya geleceklerini a\u00e7\u0131klad\u0131.<\/p>\n<p>Berova, bakanl\u0131k b\u00fcrokratlar\u0131n\u0131n \u00e7al\u0131\u015fmalar\u0131n\u0131 s\u00fcrd\u00fcrd\u00fc\u011f\u00fcn\u00fc, yar\u0131n kendisine sunum yap\u0131laca\u011f\u0131n\u0131 kaydederek, Meclis Genel Kurulu toplant\u0131lar\u0131n\u0131n yap\u0131laca\u011f\u0131 pazartesi ve sal\u0131 g\u00fcnleri toplant\u0131 erken biterse bu g\u00fcnlerde, ya da en ge\u00e7 \u00e7ar\u015famba g\u00fcn\u00fc sendikalar\u0131 toplant\u0131ya \u00e7a\u011f\u0131raca\u011f\u0131n\u0131 s\u00f6yledi.<\/p>\n<p>BRT 1\u2019de 18. Saat program\u0131na canl\u0131 telefon ba\u011flant\u0131s\u0131yla kat\u0131lan Berova, ilgili yasa tasar\u0131s\u0131 Meclis komitesinde g\u00f6r\u00fc\u015f\u00fclmek \u00fczere komite toplant\u0131ya \u00e7a\u011fr\u0131ld\u0131\u011f\u0131nda sendikalar\u0131n iki g\u00fcnl\u00fck genel grev uygulad\u0131\u011f\u0131n\u0131 hat\u0131rlatarak, 27 Aral\u0131k\u2019ta sendikalarla Meclis\u2019te bir araya gelerek onlar\u0131 dinledi\u011fini, notlar\u0131n\u0131 ald\u0131\u011f\u0131n\u0131 kaydetti.<\/p>\n<p>Berova, maa\u015flara ger\u00e7ek hayat pahal\u0131l\u0131\u011f\u0131n\u0131n yans\u0131t\u0131lmas\u0131 \u00fczerine bir haz\u0131rl\u0131k yapt\u0131klar\u0131n\u0131 ifade ederek, mevcut uygulama ile yasa tasar\u0131s\u0131n\u0131n \u00f6ng\u00f6rd\u00fcklerinin rakamsal olarak ne ifade etti\u011fini bakanl\u0131kta yeniden ele ald\u0131klar\u0131n\u0131 kaydetti. Berova, sendikalarla ayn\u0131 dili konu\u015fabilmek i\u00e7in rakamlar\u0131n ortaya konulaca\u011f\u0131n\u0131 belirtti.<\/p>\n<p>Maliye Bakan\u0131 \u00d6zdemir Berova, \u201cYar\u0131n itibar\u0131yla bu \u00e7al\u0131\u015fmalar tamamlanacak ve b\u00fcrokratlar bana sunum yapacak. Sendikalara s\u00f6z verdi\u011fimiz gibi ilgili yasa tasar\u0131s\u0131n\u0131 onlarla g\u00f6r\u00fc\u015f\u00fcp Meclis\u2019e ona g\u00f6re sunaca\u011f\u0131z.\u201d dedi.<\/p>\n<p>Pazartesi ve sal\u0131 Meclis Genel Kurulu toplant\u0131lar\u0131 oldu\u011funu hat\u0131rlatan Berova, toplant\u0131lar uzamazsa bu g\u00fcnlerde, olmazsa en ge\u00e7 \u00e7ar\u015famba g\u00fcn\u00fc sendikalar\u0131 g\u00f6r\u00fc\u015fmeye \u00e7a\u011f\u0131racaklar\u0131n\u0131 bildirdi.<\/p>\n<p>Berova, hayat pahal\u0131l\u0131\u011f\u0131 \u00f6dene\u011fini y\u0131lda iki kez vermeye devam edeceklerini vurgulayarak, \u201cger\u00e7ek hayat pahal\u0131l\u0131\u011f\u0131 olarak maa\u015flara yans\u0131t\u0131lacakt\u0131r\u201d \u015feklinde bir d\u00fczenleme yapt\u0131klar\u0131n\u0131, bu d\u00fczenlemenin getirisinin ne oldu\u011funu, y\u00fckselen maa\u015f hakk\u0131n\u0131n b\u00fct\u00e7ede art\u0131rd\u0131\u011f\u0131 y\u00fck\u00fc, \u00f6n\u00fcm\u00fczdeki 5 y\u0131l i\u00e7in ortaya nas\u0131l bir tablo \u00e7\u0131kaca\u011f\u0131n\u0131 sendikalarla g\u00f6r\u00fc\u015fmesinde a\u00e7\u0131k ve \u015feffaf \u015fekilde anlataca\u011f\u0131n\u0131 s\u00f6yledi.<\/p>\n<p><strong>-\u201cHalk\u0131n ciddi serzeni\u015flerini \u00f6nemsiyoruz\u201d<\/strong><\/p>\n<p>Orta ve dar gelirli gruplar\u0131 zafiyete u\u011fratmamak amac\u0131yla 2024\u2019te \u00fc\u00e7 kez hayat pahal\u0131l\u0131\u011f\u0131 uygulamas\u0131 yapt\u0131klar\u0131n\u0131 hat\u0131rlatan Bakan Berova, elde edilen kazan\u00e7 a\u00e7\u0131s\u0131ndan G\u00fcney K\u0131br\u0131s, T\u00fcrkiye ve Avrupa \u00fclkeleriyle k\u0131yasland\u0131\u011f\u0131nda s\u0131k\u0131nt\u0131 olmad\u0131\u011f\u0131n\u0131 ancak t\u00fcm bunlara ra\u011fmen halk\u0131n hayat pahal\u0131l\u0131\u011f\u0131 ve al\u0131m g\u00fcc\u00fc konusundaki hakl\u0131 serzeni\u015flerini \u00f6nemsediklerini vurgulad\u0131.<\/p>\n<p>\u201cAslolan al\u0131m g\u00fcc\u00fcn\u00fc korumakt\u0131r.\u201d diyen Berova, kazanc\u0131 daha da art\u0131rmak suretiyle hayat pahal\u0131l\u0131\u011f\u0131n\u0131n daha da artmas\u0131yla ortaya \u00e7\u0131kan sarmal\u0131n \u00fclkenin kald\u0131rabilece\u011fi bir sarmal olmad\u0131\u011f\u0131n\u0131 sendikalara anlatacaklar\u0131n\u0131, onlar\u0131n fikirlerini dinleyeceklerini kaydetti.<\/p>\n<p>\u00d6zdemir Berova, sendikalar\u0131n \u00f6nerilerinde enflasyonun pe\u015fin \u00f6denmesinin yer ald\u0131\u011f\u0131n\u0131, bunun T\u00fcrkiye\u2019de de uyguland\u0131\u011f\u0131n\u0131 ancak bunun i\u00e7in uygun ekonomik ko\u015fullar\u0131n ve gelirlerin olmas\u0131 gerekti\u011fini s\u00f6yledi. Bakanl\u0131k ekiplerinin bu konuda \u00e7al\u0131\u015ft\u0131\u011f\u0131n\u0131 ifade eden Berova, \u201cBu sarmaldan mutlaka \u00e7\u0131kmal\u0131y\u0131z ve bizim bu y\u0131lki \u00f6nerimiz ki sonu\u00e7lar\u0131 2026\u2019ya yans\u0131yacakt\u0131r, y\u0131lda iki kez ger\u00e7ek hayat pahal\u0131l\u0131\u011f\u0131n\u0131 vermek y\u00f6n\u00fcndedir.\u201d diye konu\u015ftu.<\/p>\n<p>Berova, yine sendikalar\u0131n tepkisine yol a\u00e7an Grev ve Referandum Yasas\u0131\u2019ndaki de\u011fi\u015fiklikle ilgili tasar\u0131yla neyi ama\u00e7lad\u0131klar\u0131n\u0131 anlat\u0131rken, devlet katk\u0131s\u0131 olan kurum ve kurulu\u015flar\u0131n toplu i\u015f s\u00f6zle\u015fmesine imza atmadan \u00f6nce Maliye Bakanl\u0131\u011f\u0131\u2019n\u0131n g\u00f6r\u00fc\u015f\u00fcn\u00fcn al\u0131nmas\u0131 oldu\u011funu s\u00f6yledi.<\/p>\n<p>Tasar\u0131daki, \u201conay\u201d kelimesinin yanl\u0131\u015f anlamalara yol a\u00e7t\u0131\u011f\u0131n\u0131 kaydeden Berova, 2008\u2019de d\u00f6nemin CTP\u2019li bakan\u0131n\u0131n genelgesi \u00fczerinde \u00e7al\u0131\u015farak revize edecekleri bir tasar\u0131y\u0131 Meclis\u2019e g\u00f6ndereceklerini bildirdi.<\/p>\n<p>Berova, b\u00f6ylece, yapacaklar\u0131 d\u00fczenlemenin sendikal ya\u015fama m\u00fcdahale olarak alg\u0131lanmas\u0131ndan ar\u0131nmay\u0131 hedeflediklerini kaydetti.<\/p>\n<\/p><\/div>\n<p><script async\n                    defer\n                    crossorigin=\"anonymous\"\n                    src=\"https:\/\/connect.facebook.net\/tr_TR\/sdk.js#xfbml=1&#038;version=v3.3\"\n            ><\/script><br \/>\n<br \/><br \/>\n<br \/><a href=\"https:\/\/brtk.net\/berovasendikalarla-en-gec-carsamba-gorusecegiz\/\">Kaynak BRT <\/a><\/p>\n","protected":false},"excerpt":{"rendered":"<p>Maliye Bakan\u0131 \u00d6zdemir Berova, hayat pahal\u0131l\u0131\u011f\u0131 \u00f6dene\u011fiyle ilgili \u00f6ng\u00f6rd\u00fckleri yasal d\u00fczenlemeyi ele almak \u00fczere en ge\u00e7 \u00f6n\u00fcm\u00fczdeki \u00c7ar\u015famba sendikalarla bir araya geleceklerini a\u00e7\u0131klad\u0131. Berova, bakanl\u0131k b\u00fcrokratlar\u0131n\u0131n \u00e7al\u0131\u015fmalar\u0131n\u0131 s\u00fcrd\u00fcrd\u00fc\u011f\u00fcn\u00fc, yar\u0131n kendisine sunum yap\u0131laca\u011f\u0131n\u0131 kaydederek, Meclis Genel Kurulu toplant\u0131lar\u0131n\u0131n yap\u0131laca\u011f\u0131 pazartesi ve sal\u0131 g\u00fcnleri toplant\u0131 erken biterse bu g\u00fcnlerde, ya da en ge\u00e7 \u00e7ar\u015famba g\u00fcn\u00fc sendikalar\u0131 toplant\u0131ya [&hellip;]<\/p>\n","protected":false},"author":908,"featured_media":15667,"comment_status":"open","ping_status":"open","sticky":false,"template":"","format":"standard","meta":{"_jetpack_memberships_contains_paid_content":false,"footnotes":"","jetpack_publicize_message":"","jetpack_publicize_feature_enabled":true,"jetpack_social_post_already_shared":true,"jetpack_social_options":{"image_generator_settings":{"template":"highway","default_image_id":0,"font":"","enabled":false},"version":2}},"categories":[253],"tags":[],"class_list":["post-15666","post","type-post","status-publish","format-standard","has-post-thumbnail","hentry","category-gundem"],"jetpack_publicize_connections":[],"jetpack_featured_media_url":"https:\/\/kibrisayna.com\/wp-content\/uploads\/2025\/01\/ozdemir-berova1.jpg","jetpack_sharing_enabled":true,"_links":{"self":[{"href":"https:\/\/kibrisayna.com\/index.php\/wp-json\/wp\/v2\/posts\/15666","targetHints":{"allow":["GET"]}}],"collection":[{"href":"https:\/\/kibrisayna.com\/index.php\/wp-json\/wp\/v2\/posts"}],"about":[{"href":"https:\/\/kibrisayna.com\/index.php\/wp-json\/wp\/v2\/types\/post"}],"author":[{"embeddable":true,"href":"https:\/\/kibrisayna.com\/index.php\/wp-json\/wp\/v2\/users\/908"}],"replies":[{"embeddable":true,"href":"https:\/\/kibrisayna.com\/index.php\/wp-json\/wp\/v2\/comments?post=15666"}],"version-history":[{"count":0,"href":"https:\/\/kibrisayna.com\/index.php\/wp-json\/wp\/v2\/posts\/15666\/revisions"}],"wp:featuredmedia":[{"embeddable":true,"href":"https:\/\/kibrisayna.com\/index.php\/wp-json\/wp\/v2\/media\/15667"}],"wp:attachment":[{"href":"https:\/\/kibrisayna.com\/index.php\/wp-json\/wp\/v2\/media?parent=15666"}],"wp:term":[{"taxonomy":"category","embeddable":true,"href":"https:\/\/kibrisayna.com\/index.php\/wp-json\/wp\/v2\/categories?post=15666"},{"taxonomy":"post_tag","embeddable":true,"href":"https:\/\/kibrisayna.com\/index.php\/wp-json\/wp\/v2\/tags?post=15666"}],"curies":[{"name":"wp","href":"https:\/\/api.w.org\/{rel}","templated":true}]}}