{"id":15657,"date":"2025-01-03T04:00:22","date_gmt":"2025-01-03T01:00:22","guid":{"rendered":"https:\/\/kibrisayna.com\/index.php\/2025\/01\/03\/teslanin-uretim-ve-teslimatinda-dusus-2024-verileri-aciklandi\/"},"modified":"2025-01-03T04:00:22","modified_gmt":"2025-01-03T01:00:22","slug":"teslanin-uretim-ve-teslimatinda-dusus-2024-verileri-aciklandi","status":"publish","type":"post","link":"https:\/\/kibrisayna.com\/index.php\/2025\/01\/03\/teslanin-uretim-ve-teslimatinda-dusus-2024-verileri-aciklandi\/","title":{"rendered":"Tesla&#8217;n\u0131n \u00fcretim ve teslimat\u0131nda d\u00fc\u015f\u00fc\u015f: 2024 verileri a\u00e7\u0131kland\u0131"},"content":{"rendered":"<p> <br \/>\n<\/p>\n<div>\n<p><a href=\"https:\/\/www.ntv.com.tr\/tesla\" target=\"_blank\" rel=\"tag noopener\">Tesla<\/a>, ge\u00e7en y\u0131l\u0131n son \u00e7eyre\u011fi ve 2024 geneline ili\u015fkin ara\u00e7 \u00fcretim ve teslimat verilerini a\u00e7\u0131klad\u0131.<\/p>\n<p>Buna g\u00f6re, \u015firket ge\u00e7en y\u0131l\u0131n d\u00f6rd\u00fcnc\u00fc \u00e7eyre\u011finde 459 bin 445 ara\u00e7 \u00fcretti.\u00a0Tesla, 2023&#8217;\u00fcn son \u00e7eyre\u011finde 494 bin 989 ara\u00e7 \u00fcretmi\u015fti.<\/p>\n<p>Tesla&#8217;n\u0131n 2024&#8217;\u00fcn son \u00e7eyre\u011finde teslimat\u0131n\u0131 ger\u00e7ekle\u015ftirdi\u011fi ara\u00e7 say\u0131s\u0131 ise y\u0131ll\u0131k bazda y\u00fczde 2 artarak 495 bin 570 oldu.<\/p>\n<p>Piyasa beklentisi, \u015firketin bu d\u00f6nemde 504 bin 770 ara\u00e7 teslim etti\u011fi y\u00f6n\u00fcndeydi.\u00a0Tesla, 2023&#8217;\u00fcn ayn\u0131 d\u00f6neminde 484 bin 507 ara\u00e7 teslim etmi\u015fti.<\/p>\n<p><strong>\u015e\u0130RKET\u0130N \u00dcRET\u0130M\u0130 DE TESL\u0130MATI DA AZALDI<\/strong><\/p>\n<p>Tesla&#8217;n\u0131n ge\u00e7en y\u0131l genelinde \u00fcretti\u011fi ara\u00e7 say\u0131s\u0131 y\u00fczde 4 azal\u0131\u015fla 1 milyon 773 bin 443&#8217;e geriledi. \u015eirket bir \u00f6nceki y\u0131l 1 milyon 845 bin 985 ara\u00e7 \u00fcretmi\u015fti.<\/p>\n<p>\u015eirketin 2024&#8217;te teslimat\u0131n\u0131 yapt\u0131\u011f\u0131 ara\u00e7 say\u0131s\u0131 ise y\u00fczde 1 azal\u0131\u015fla 1 milyon 789 bin 226 olurken,\u00a0Tesla\u00a0ilk kez y\u0131ll\u0131k teslimatlar\u0131nda azal\u0131\u015f bildirdi.\u00a0Tesla, 2023&#8217;te 1 milyon 808 bin 581 <a href=\"https:\/\/www.ntv.com.tr\/otomobil\" target=\"_blank\" rel=\"tag noopener\">otomobil<\/a> teslim etmi\u015fti.<\/p>\n<p>Tesla&#8217;n\u0131n hisselerindeki kay\u0131p da y\u0131ll\u0131k teslimatlarda azal\u0131\u015f bildirilmesi sonras\u0131 y\u00fczde 7&#8217;ye yakla\u015ft\u0131.<\/p>\n<\/div>\n<p><br \/>\n<br \/><a href=\"https:\/\/www.ntv.com.tr\/otomobil\/teslanin-uretim-ve-teslimatinda-dusus-2024-verileri-aciklandi,DB3qWvBmTUG62WRwSnVp4w\"><\/a><\/p>\n","protected":false},"excerpt":{"rendered":"<p>Tesla, ge\u00e7en y\u0131l\u0131n son \u00e7eyre\u011fi ve 2024 geneline ili\u015fkin ara\u00e7 \u00fcretim ve teslimat verilerini a\u00e7\u0131klad\u0131. Buna g\u00f6re, \u015firket ge\u00e7en y\u0131l\u0131n d\u00f6rd\u00fcnc\u00fc \u00e7eyre\u011finde 459 bin 445 ara\u00e7 \u00fcretti.\u00a0Tesla, 2023&#8217;\u00fcn son \u00e7eyre\u011finde 494 bin 989 ara\u00e7 \u00fcretmi\u015fti. Tesla&#8217;n\u0131n 2024&#8217;\u00fcn son \u00e7eyre\u011finde teslimat\u0131n\u0131 ger\u00e7ekle\u015ftirdi\u011fi ara\u00e7 say\u0131s\u0131 ise y\u0131ll\u0131k bazda y\u00fczde 2 artarak 495 bin 570 oldu. Piyasa beklentisi, [&hellip;]<\/p>\n","protected":false},"author":908,"featured_media":1798,"comment_status":"open","ping_status":"open","sticky":false,"template":"","format":"standard","meta":{"_jetpack_memberships_contains_paid_content":false,"footnotes":"","jetpack_publicize_message":"","jetpack_publicize_feature_enabled":true,"jetpack_social_post_already_shared":true,"jetpack_social_options":{"image_generator_settings":{"template":"highway","default_image_id":0,"font":"","enabled":false},"version":2}},"categories":[13],"tags":[],"class_list":["post-15657","post","type-post","status-publish","format-standard","has-post-thumbnail","hentry","category-otomobil"],"jetpack_publicize_connections":[],"jetpack_featured_media_url":"https:\/\/kibrisayna.com\/wp-content\/uploads\/2024\/08\/aWG4TaYCXkS5eGcEOgtWXQ.jpg","jetpack_sharing_enabled":true,"_links":{"self":[{"href":"https:\/\/kibrisayna.com\/index.php\/wp-json\/wp\/v2\/posts\/15657","targetHints":{"allow":["GET"]}}],"collection":[{"href":"https:\/\/kibrisayna.com\/index.php\/wp-json\/wp\/v2\/posts"}],"about":[{"href":"https:\/\/kibrisayna.com\/index.php\/wp-json\/wp\/v2\/types\/post"}],"author":[{"embeddable":true,"href":"https:\/\/kibrisayna.com\/index.php\/wp-json\/wp\/v2\/users\/908"}],"replies":[{"embeddable":true,"href":"https:\/\/kibrisayna.com\/index.php\/wp-json\/wp\/v2\/comments?post=15657"}],"version-history":[{"count":0,"href":"https:\/\/kibrisayna.com\/index.php\/wp-json\/wp\/v2\/posts\/15657\/revisions"}],"wp:featuredmedia":[{"embeddable":true,"href":"https:\/\/kibrisayna.com\/index.php\/wp-json\/wp\/v2\/media\/1798"}],"wp:attachment":[{"href":"https:\/\/kibrisayna.com\/index.php\/wp-json\/wp\/v2\/media?parent=15657"}],"wp:term":[{"taxonomy":"category","embeddable":true,"href":"https:\/\/kibrisayna.com\/index.php\/wp-json\/wp\/v2\/categories?post=15657"},{"taxonomy":"post_tag","embeddable":true,"href":"https:\/\/kibrisayna.com\/index.php\/wp-json\/wp\/v2\/tags?post=15657"}],"curies":[{"name":"wp","href":"https:\/\/api.w.org\/{rel}","templated":true}]}}