{"id":15655,"date":"2025-01-02T23:10:58","date_gmt":"2025-01-02T20:10:58","guid":{"rendered":"https:\/\/kibrisayna.com\/index.php\/2025\/01\/02\/ataoglu-regaip-kandili-dolayisi-ile-mesaj-yayimladi-brtk\/"},"modified":"2025-01-02T23:10:58","modified_gmt":"2025-01-02T20:10:58","slug":"ataoglu-regaip-kandili-dolayisi-ile-mesaj-yayimladi-brtk","status":"publish","type":"post","link":"https:\/\/kibrisayna.com\/index.php\/2025\/01\/02\/ataoglu-regaip-kandili-dolayisi-ile-mesaj-yayimladi-brtk\/","title":{"rendered":"Atao\u011flu, Regaip Kandili dolay\u0131s\u0131 ile mesaj yay\u0131mlad\u0131 \u2013 BRTK"},"content":{"rendered":"<p> <br \/>\n<\/p>\n<div>\n<div class=\"mariselle-image-container center\">\n                <img loading=\"lazy\" decoding=\"async\" width=\"1654\" height=\"1104\" class=\"lazy-image\" alt=\"\" sizes=\"auto, (max-width: 1654px) 100vw, 1654px\" src=\"https:\/\/brtk.net\/wp-content\/uploads\/2025\/01\/01\/ataoglu-25b.jpg?ver=c46be3e003fb611e81d4bc04374007b3\" srcset=\"https:\/\/brtk.net\/wp-content\/uploads\/2025\/01\/01\/ataoglu-25b.jpg?ver=c46be3e003fb611e81d4bc04374007b3 1654w, https:\/\/brtk.net\/wp-content\/uploads\/2025\/01\/01\/ataoglu-25b-300x200.jpg?ver=a5f0da11e191c487949f75d4f069fdac 300w, https:\/\/brtk.net\/wp-content\/uploads\/2025\/01\/01\/ataoglu-25b-1024x683.jpg?ver=a5f0da11e191c487949f75d4f069fdac 1024w, https:\/\/brtk.net\/wp-content\/uploads\/2025\/01\/01\/ataoglu-25b-768x513.jpg?ver=f8c38a3ee5f8d0323f732f8a7831fe7c 768w, https:\/\/brtk.net\/wp-content\/uploads\/2025\/01\/01\/ataoglu-25b-1536x1025.jpg?ver=f8c38a3ee5f8d0323f732f8a7831fe7c 1536w\"\/>                            <\/div>\n<p> Ba\u015fbakan Yard\u0131mc\u0131s\u0131 Turizm K\u00fclt\u00fcr Gen\u00e7lik ve \u00c7evre Bakan\u0131 Fikri Atao\u011flu, yay\u0131mlad\u0131\u011f\u0131 mesajla halk\u0131n ve t\u00fcm \u0130slam aleminin Regaip Kandili\u2019ni kutlad\u0131.<\/p>\n<p>Atao\u011flu, Regaip Kandili dolay\u0131s\u0131 ile yay\u0131mlad\u0131\u011f\u0131 mesajda \u015fu ifadelere yer verdi:<\/p>\n<p>\u201cHalk\u0131m\u0131z\u0131n ve t\u00fcm \u0130slam \u00e2leminin Regaip Kandil\u2019ini en i\u00e7ten dileklerimle kutluyorum.<\/p>\n<p>Bu m\u00fcbarek gece, dualar\u0131m\u0131z\u0131n kabul oldu\u011fu, kalplerimizin sevgi ve ho\u015fg\u00f6r\u00fcyle doldu\u011fu, manevi huzurun derinden hissedildi\u011fi \u00f6zel bir zaman dilimidir. Regaip Kandili, ayn\u0131 zamanda birlik ve dayan\u0131\u015fma ruhumuzu g\u00fc\u00e7lendiren \u00f6nemli bir f\u0131rsatt\u0131r.Bu anlaml\u0131 gecenin \u00fclkemize, \u0130slam \u00e2lemine ve t\u00fcm insanl\u0131\u011fa sa\u011fl\u0131k, huzur ve mutluluk getirmesini Y\u00fcce Allah\u2019tan niyaz ederim.\u201d<\/p>\n<\/p><\/div>\n<p><script async\n                    defer\n                    crossorigin=\"anonymous\"\n                    src=\"https:\/\/connect.facebook.net\/tr_TR\/sdk.js#xfbml=1&#038;version=v3.3\"\n            ><\/script><br \/>\n<br \/><br \/>\n<br \/><a href=\"https:\/\/brtk.net\/ataoglu-regaip-kandili-dolayisi-ile-mesaj-yayimladi\/\">Kaynak BRT <\/a><\/p>\n","protected":false},"excerpt":{"rendered":"<p>Ba\u015fbakan Yard\u0131mc\u0131s\u0131 Turizm K\u00fclt\u00fcr Gen\u00e7lik ve \u00c7evre Bakan\u0131 Fikri Atao\u011flu, yay\u0131mlad\u0131\u011f\u0131 mesajla halk\u0131n ve t\u00fcm \u0130slam aleminin Regaip Kandili\u2019ni kutlad\u0131. Atao\u011flu, Regaip Kandili dolay\u0131s\u0131 ile yay\u0131mlad\u0131\u011f\u0131 mesajda \u015fu ifadelere yer verdi: \u201cHalk\u0131m\u0131z\u0131n ve t\u00fcm \u0130slam \u00e2leminin Regaip Kandil\u2019ini en i\u00e7ten dileklerimle kutluyorum. Bu m\u00fcbarek gece, dualar\u0131m\u0131z\u0131n kabul oldu\u011fu, kalplerimizin sevgi ve ho\u015fg\u00f6r\u00fcyle doldu\u011fu, manevi huzurun [&hellip;]<\/p>\n","protected":false},"author":908,"featured_media":15656,"comment_status":"open","ping_status":"open","sticky":false,"template":"","format":"standard","meta":{"_jetpack_memberships_contains_paid_content":false,"footnotes":"","jetpack_publicize_message":"","jetpack_publicize_feature_enabled":true,"jetpack_social_post_already_shared":true,"jetpack_social_options":{"image_generator_settings":{"template":"highway","default_image_id":0,"font":"","enabled":false},"version":2}},"categories":[253],"tags":[],"class_list":["post-15655","post","type-post","status-publish","format-standard","has-post-thumbnail","hentry","category-gundem"],"jetpack_publicize_connections":[],"jetpack_featured_media_url":"https:\/\/kibrisayna.com\/wp-content\/uploads\/2025\/01\/ataoglu-25b.jpg","jetpack_sharing_enabled":true,"_links":{"self":[{"href":"https:\/\/kibrisayna.com\/index.php\/wp-json\/wp\/v2\/posts\/15655","targetHints":{"allow":["GET"]}}],"collection":[{"href":"https:\/\/kibrisayna.com\/index.php\/wp-json\/wp\/v2\/posts"}],"about":[{"href":"https:\/\/kibrisayna.com\/index.php\/wp-json\/wp\/v2\/types\/post"}],"author":[{"embeddable":true,"href":"https:\/\/kibrisayna.com\/index.php\/wp-json\/wp\/v2\/users\/908"}],"replies":[{"embeddable":true,"href":"https:\/\/kibrisayna.com\/index.php\/wp-json\/wp\/v2\/comments?post=15655"}],"version-history":[{"count":0,"href":"https:\/\/kibrisayna.com\/index.php\/wp-json\/wp\/v2\/posts\/15655\/revisions"}],"wp:featuredmedia":[{"embeddable":true,"href":"https:\/\/kibrisayna.com\/index.php\/wp-json\/wp\/v2\/media\/15656"}],"wp:attachment":[{"href":"https:\/\/kibrisayna.com\/index.php\/wp-json\/wp\/v2\/media?parent=15655"}],"wp:term":[{"taxonomy":"category","embeddable":true,"href":"https:\/\/kibrisayna.com\/index.php\/wp-json\/wp\/v2\/categories?post=15655"},{"taxonomy":"post_tag","embeddable":true,"href":"https:\/\/kibrisayna.com\/index.php\/wp-json\/wp\/v2\/tags?post=15655"}],"curies":[{"name":"wp","href":"https:\/\/api.w.org\/{rel}","templated":true}]}}