{"id":15650,"date":"2025-01-02T22:57:08","date_gmt":"2025-01-02T19:57:08","guid":{"rendered":"https:\/\/kibrisayna.com\/index.php\/2025\/01\/02\/serbest-liman-ve-bolge-degisiklik-yasa-tasarisi-resmi-gazetede-yayimlandi-brtk\/"},"modified":"2025-01-02T22:57:08","modified_gmt":"2025-01-02T19:57:08","slug":"serbest-liman-ve-bolge-degisiklik-yasa-tasarisi-resmi-gazetede-yayimlandi-brtk","status":"publish","type":"post","link":"https:\/\/kibrisayna.com\/index.php\/2025\/01\/02\/serbest-liman-ve-bolge-degisiklik-yasa-tasarisi-resmi-gazetede-yayimlandi-brtk\/","title":{"rendered":"Serbest Liman ve B\u00f6lge (De\u011fi\u015fiklik) Yasa Tasar\u0131s\u0131, Resmi Gazete\u2019de yay\u0131mland\u0131 \u2013 BRTK"},"content":{"rendered":"<p> <br \/>\n<\/p>\n<div>\n<div class=\"mariselle-image-container center\">\n                <img loading=\"lazy\" decoding=\"async\" width=\"870\" height=\"489\" class=\"lazy-image\" alt=\"\" sizes=\"auto, (max-width: 870px) 100vw, 870px\" src=\"https:\/\/brtk.net\/wp-content\/uploads\/2025\/01\/02\/liman.webp?ver=ae9c89d7c212e7a22785b11fa401c4c8\" srcset=\"https:\/\/brtk.net\/wp-content\/uploads\/2025\/01\/02\/liman.webp?ver=ae9c89d7c212e7a22785b11fa401c4c8 870w, https:\/\/brtk.net\/wp-content\/uploads\/2025\/01\/02\/liman-300x169.webp?ver=6c7d187ff54f2d62a3e64ebe7ac877ec 300w, https:\/\/brtk.net\/wp-content\/uploads\/2025\/01\/02\/liman-768x432.webp?ver=6c7d187ff54f2d62a3e64ebe7ac877ec 768w\"\/>                            <\/div>\n<p> Serbest Liman ve B\u00f6lge (De\u011fi\u015fiklik) Yasa Tasar\u0131s\u0131, Resmi Gazete\u2019de yay\u0131mlanarak halk\u0131n bilgisine sunuldu. Ger\u00e7ek ve t\u00fczel ki\u015filer, Yasa Tasar\u0131s\u0131\u2019n\u0131n i\u00e7eri\u011fi ile ilgili g\u00f6r\u00fc\u015f ve \u00f6nerilerini yirmi g\u00fcn i\u00e7inde yaz\u0131l\u0131 olarak Meclis Ba\u015fkanl\u0131\u011f\u0131na sunabilecek.<\/p>\n<p>Tasar\u0131,\u201d Serbest Liman ve b\u00f6lgede i\u015fletme izni almak i\u00e7in aranan ko\u015fullar\u0131n yeniden belirlenmesi, al\u0131nacak har\u00e7lar\u0131n g\u00fcncellenmesi, Serbest Liman ve b\u00f6lgede tescilli olan ve Serbest Liman ve b\u00f6lgede a\u00e7\u0131k alan ve\/veya kapal\u0131 alan ve\/veya ofis Tescilli Ger\u00e7ek veya kiras\u0131nda bulundurmayan ger\u00e7ek veya t\u00fczel ki\u015filerin har\u00e7lar\u0131 yat\u0131rmas\u0131 gereken son tarihi ve hangi usulde yat\u0131r\u0131lacaklar\u0131n\u0131 belirlemek\u201d amac\u0131yla haz\u0131rland\u0131.<\/p>\n<\/p><\/div>\n<p><script async\n                    defer\n                    crossorigin=\"anonymous\"\n                    src=\"https:\/\/connect.facebook.net\/tr_TR\/sdk.js#xfbml=1&#038;version=v3.3\"\n            ><\/script><br \/>\n<br \/><br \/>\n<br \/><a href=\"https:\/\/brtk.net\/serbest-liman-ve-bolge-degisiklik-yasa-tasarisi-resmi-gazetede-yayimlandi\/\">Kaynak BRT <\/a><\/p>\n","protected":false},"excerpt":{"rendered":"<p>Serbest Liman ve B\u00f6lge (De\u011fi\u015fiklik) Yasa Tasar\u0131s\u0131, Resmi Gazete\u2019de yay\u0131mlanarak halk\u0131n bilgisine sunuldu. Ger\u00e7ek ve t\u00fczel ki\u015filer, Yasa Tasar\u0131s\u0131\u2019n\u0131n i\u00e7eri\u011fi ile ilgili g\u00f6r\u00fc\u015f ve \u00f6nerilerini yirmi g\u00fcn i\u00e7inde yaz\u0131l\u0131 olarak Meclis Ba\u015fkanl\u0131\u011f\u0131na sunabilecek. Tasar\u0131,\u201d Serbest Liman ve b\u00f6lgede i\u015fletme izni almak i\u00e7in aranan ko\u015fullar\u0131n yeniden belirlenmesi, al\u0131nacak har\u00e7lar\u0131n g\u00fcncellenmesi, Serbest Liman ve b\u00f6lgede tescilli olan [&hellip;]<\/p>\n","protected":false},"author":908,"featured_media":15651,"comment_status":"open","ping_status":"open","sticky":false,"template":"","format":"standard","meta":{"_jetpack_memberships_contains_paid_content":false,"footnotes":"","jetpack_publicize_message":"","jetpack_publicize_feature_enabled":true,"jetpack_social_post_already_shared":true,"jetpack_social_options":{"image_generator_settings":{"template":"highway","default_image_id":0,"font":"","enabled":false},"version":2}},"categories":[253],"tags":[],"class_list":["post-15650","post","type-post","status-publish","format-standard","has-post-thumbnail","hentry","category-gundem"],"jetpack_publicize_connections":[],"jetpack_featured_media_url":"https:\/\/kibrisayna.com\/wp-content\/uploads\/2025\/01\/liman.webp","jetpack_sharing_enabled":true,"_links":{"self":[{"href":"https:\/\/kibrisayna.com\/index.php\/wp-json\/wp\/v2\/posts\/15650","targetHints":{"allow":["GET"]}}],"collection":[{"href":"https:\/\/kibrisayna.com\/index.php\/wp-json\/wp\/v2\/posts"}],"about":[{"href":"https:\/\/kibrisayna.com\/index.php\/wp-json\/wp\/v2\/types\/post"}],"author":[{"embeddable":true,"href":"https:\/\/kibrisayna.com\/index.php\/wp-json\/wp\/v2\/users\/908"}],"replies":[{"embeddable":true,"href":"https:\/\/kibrisayna.com\/index.php\/wp-json\/wp\/v2\/comments?post=15650"}],"version-history":[{"count":0,"href":"https:\/\/kibrisayna.com\/index.php\/wp-json\/wp\/v2\/posts\/15650\/revisions"}],"wp:featuredmedia":[{"embeddable":true,"href":"https:\/\/kibrisayna.com\/index.php\/wp-json\/wp\/v2\/media\/15651"}],"wp:attachment":[{"href":"https:\/\/kibrisayna.com\/index.php\/wp-json\/wp\/v2\/media?parent=15650"}],"wp:term":[{"taxonomy":"category","embeddable":true,"href":"https:\/\/kibrisayna.com\/index.php\/wp-json\/wp\/v2\/categories?post=15650"},{"taxonomy":"post_tag","embeddable":true,"href":"https:\/\/kibrisayna.com\/index.php\/wp-json\/wp\/v2\/tags?post=15650"}],"curies":[{"name":"wp","href":"https:\/\/api.w.org\/{rel}","templated":true}]}}