{"id":15648,"date":"2025-01-02T22:54:39","date_gmt":"2025-01-02T19:54:39","guid":{"rendered":"https:\/\/kibrisayna.com\/index.php\/2025\/01\/02\/girne-koprulu-kavsaginin-yonca-kavsagi-yapim-calismalari-basliyor-brtk\/"},"modified":"2025-01-02T22:54:39","modified_gmt":"2025-01-02T19:54:39","slug":"girne-koprulu-kavsaginin-yonca-kavsagi-yapim-calismalari-basliyor-brtk","status":"publish","type":"post","link":"https:\/\/kibrisayna.com\/index.php\/2025\/01\/02\/girne-koprulu-kavsaginin-yonca-kavsagi-yapim-calismalari-basliyor-brtk\/","title":{"rendered":"Girne K\u00f6pr\u00fcl\u00fc Kav\u015fa\u011f\u0131\u2019n\u0131n (Yonca kav\u015fa\u011f\u0131) yap\u0131m \u00e7al\u0131\u015fmalar\u0131 ba\u015fl\u0131yor \u2013 BRTK"},"content":{"rendered":"<p> <br \/>\n<\/p>\n<div>\n<div class=\"mariselle-image-container center\">\n                <img loading=\"lazy\" decoding=\"async\" width=\"670\" height=\"522\" class=\"lazy-image\" alt=\"\" sizes=\"auto, (max-width: 670px) 100vw, 670px\" src=\"https:\/\/brtk.net\/wp-content\/uploads\/2025\/01\/02\/dsilfis.jpg?ver=dd93b6be2e87d95736dc1e9c9391a2d7\" srcset=\"https:\/\/brtk.net\/wp-content\/uploads\/2025\/01\/02\/dsilfis.jpg?ver=dd93b6be2e87d95736dc1e9c9391a2d7 670w, https:\/\/brtk.net\/wp-content\/uploads\/2025\/01\/02\/dsilfis-300x234.jpg?ver=dd93b6be2e87d95736dc1e9c9391a2d7 300w, https:\/\/brtk.net\/wp-content\/uploads\/2025\/01\/02\/dsilfis-130x100.jpg?ver=256a3896333eae6ab0f2332a1d5055ed 130w\"\/>                            <\/div>\n<p>Lefko\u015fa-Girne Yolu ile Lefko\u015fa Kuzey \u00c7evre Yolu\u2019nun kesi\u015fti\u011fi noktada in\u015fa edilecek Girne K\u00f6pr\u00fcl\u00fc Kav\u015fa\u011f\u0131\u2019n\u0131n (yonca kav\u015fa\u011f\u0131) yap\u0131m \u00e7al\u0131\u015fmalar\u0131 ba\u015fl\u0131yor. <\/p>\n<p>Bay\u0131nd\u0131rl\u0131k ve Ula\u015ft\u0131rma Bakanl\u0131\u011f\u0131\u2019ndan yap\u0131lan a\u00e7\u0131klamaya g\u00f6re, kav\u015fa\u011f\u0131n in\u015faat\u0131 nedeniyle Lefko\u015fa-Girne ana yolunda 7 Ocak Sal\u0131 g\u00fcn\u00fc trafik d\u00fczenlemesine gidilecek.<\/p>\n<p>\u0130n\u015fa edilecek yonca kav\u015fa\u011f\u0131, iki yanlarda ve bir orta ref\u00fcjde olmak \u00fczere \u00fc\u00e7 ayaktan olu\u015facak. Yonca kav\u015fa\u011f\u0131 \u00e7al\u0131\u015fmalar\u0131 s\u0131ras\u0131nda Girne istikametinden Lefko\u015fa\u2019ya seyreden ara\u00e7lar, Lefko\u015fa Kuzey \u00c7evre Yolu\u2019na y\u00f6nlendirilecek. S\u00f6z konusu ara\u00e7lar, Lefko\u015fa Kuzey \u00c7evre Yolu\u2019ndaki Dikmen YD\u00dc Yonca Kav\u015fa\u011f\u0131\u2019n\u0131 kullanarak Lefko\u015fa \u015fehir merkezi veya G\u00f6nyeli istikametine gidebilecek. Di\u011fer yandan Lefko\u015fa-Girne ana yolunun ilk kilometrelerinde, yonca kav\u015fa\u011f\u0131n\u0131n in\u015fa edilece\u011fi b\u00f6l\u00fcmde trafik, tek \u015feritten verilecek.<\/p>\n<p>-Yolda d\u00fczenleme \u00e7al\u0131\u015fmalar\u0131 yar\u0131n ba\u015fl\u0131yor<\/p>\n<p>Yonca kav\u015fa\u011f\u0131 yap\u0131m \u00e7al\u0131\u015fmalar\u0131 s\u0131ras\u0131nda Lefko\u015fa-Girne aras\u0131 trafi\u011fin rahatlat\u0131lmas\u0131 ve G\u00f6nyeli-Bo\u011faz yolunun (Eski Girne yolu) etkin bir alternatif olabilmesi i\u00e7in 3 Ocak Cuma (yar\u0131n) sabah saatlerinden itibaren G\u00f6nyeli Yenikent (Koop-Gaz) \u00c7emberi ile Lefko\u015fa-G\u00fczelyurt yolu G\u00f6nyeli giri\u015f ayr\u0131m\u0131nda kav\u015fak d\u00fczenleme \u00e7al\u0131\u015fmalar\u0131na ba\u015flanacak.<\/p>\n<p>Bay\u0131nd\u0131rl\u0131k ve Ula\u015ft\u0131rma Bakanl\u0131\u011f\u0131 a\u00e7\u0131klamas\u0131nda, 2016 y\u0131l\u0131nda onaylanm\u0131\u015f ve G\u00f6nyeli\u2019ye ula\u015f\u0131m sa\u011flayan kav\u015faklar\u0131n da dahil oldu\u011fu Dr. Faz\u0131l K\u00fc\u00e7\u00fck Bulvar\u0131 \u00dczerindeki Kav\u015faklar\u0131 D\u00fczenleme Projesi\u2019nin, \u00f6zelikle b\u00fct\u00e7esel olmakla beraber bir\u00e7ok sebepten \u00f6t\u00fcr\u00fc bug\u00fcne kadar ertelendi\u011fi belirtildi.<\/p>\n<p>Bu proje kapsam\u0131nda Yenikent G\u00f6nyeli (Koopgaz) \u00c7emberi ile Lefko\u015fa-G\u00fczelyurt ana yolu G\u00f6nyeli giri\u015f ayr\u0131m\u0131nda planlanm\u0131\u015f ve onaylanm\u0131\u015f kav\u015fak d\u00fczenleme \u00e7al\u0131\u015fmalar\u0131na derhal ba\u015flama karar\u0131 verildi\u011fi kaydedilen a\u00e7\u0131klamada, \u015fu bilgiler de payla\u015f\u0131ld\u0131:<\/p>\n<p>\u201cKarayollar\u0131 Dairesi ekipleri taraf\u0131ndan yap\u0131lacak kav\u015fak d\u00fczenleme \u00e7al\u0131\u015fmalar\u0131n\u0131n m\u00fcmk\u00fcn olan en erken zamanda tamamlanmas\u0131 hedefleniyor. \u00dclkenin en \u00f6nemli karayolu projelerinden birinin yap\u0131m\u0131 s\u0131ras\u0131nda trafik yo\u011funlu\u011funu m\u00fcmk\u00fcn oldu\u011fu kadar azaltabilmek i\u00e7in Polis Genel M\u00fcd\u00fcrl\u00fc\u011f\u00fc de bilgilendirildi ve gerekli tedbirler al\u0131nd\u0131.<\/p>\n<p>-Hedef 1 Nisan\u2019da tamamlanmas\u0131<\/p>\n<p>Yonca kav\u015fa\u011f\u0131 yap\u0131m\u0131 ve yol yap\u0131m \u00e7al\u0131\u015fmalar\u0131n\u0131n, hedeflenen tarih olan 1 Nisan\u2019da tamamlanmas\u0131 ile birlikte Lefko\u015fa-Girne ana yolundan Lefko\u015fa Kuzey \u00c7evre Yolu\u2019na do\u011frudan ula\u015f\u0131m imkan\u0131 sa\u011flanacak. Yonca kav\u015fa\u011f\u0131 \u00e7al\u0131\u015fmalar\u0131n\u0131n, Lefko\u015fa Kuzey \u00c7evre Yolu\u2019nun Alayk\u00f6y kav\u015fa\u011f\u0131na kadarki b\u00f6l\u00fcm\u00fcndeki yol yap\u0131m \u00e7al\u0131\u015fmalar\u0131 ile e\u015f zamanl\u0131 tamamlanaca\u011f\u0131ndan dolay\u0131, \u00fclkenin do\u011fusundan bat\u0131s\u0131na veya ters y\u00f6nde seyreden ara\u00e7lar, \u015fehir trafi\u011fine girmeden, zamandan ve yak\u0131ttan tasarruf ederek yollar\u0131na devam edebilecek. Ayn\u0131 zamanda \u00fclkenin do\u011fusu veya bat\u0131s\u0131ndan gelip Girne\u2019ye gidecek olan ara\u00e7lar, G\u00f6nyeli \u00e7emberini kullanmak zorunda kalmadan, Lefko\u015fa Kuzey \u00c7evre Yolu ve Girne K\u00f6pr\u00fcl\u00fc Kav\u015fa\u011f\u0131 \u00fczerinden yollar\u0131na devam edebilecek.\u201d<\/p>\n<p>-\u201cYola erken \u00e7\u0131k\u0131n\u201d uyar\u0131s\u0131\u2026<\/p>\n<p>A\u00e7\u0131klamada, G\u00f6nyeli\u2019de yap\u0131lacak kav\u015fak d\u00fczenlemeleri ve Lefko\u015fa-Girne ana yoluna in\u015fa edilecek yonca kav\u015fa\u011f\u0131 yap\u0131m \u00e7al\u0131\u015fmalar\u0131 s\u0131ras\u0131nda ilgili b\u00f6lgelerde trafi\u011fin kontroll\u00fc verilecek olmas\u0131 nedeniyle s\u00fcr\u00fcc\u00fclerin trafik i\u015faret ve i\u015faret\u00e7ilerine uymalar\u0131, yava\u015f ve dikkatli seyretmeleri istendi. Yine \u00e7al\u0131\u015fmalar s\u0131ras\u0131nda, \u00f6zellikle i\u015f giri\u015f-\u00e7\u0131k\u0131\u015f saatlerinde trafik yo\u011funlu\u011fu ya\u015fanacak olmas\u0131 nedeniyle s\u00fcr\u00fcc\u00fclerin normal vakinden \u00f6nce yola \u00e7\u0131kmalar\u0131 da tavsiye edildi.<\/p>\n<\/p><\/div>\n<p><script async\n                    defer\n                    crossorigin=\"anonymous\"\n                    src=\"https:\/\/connect.facebook.net\/tr_TR\/sdk.js#xfbml=1&#038;version=v3.3\"\n            ><\/script><br \/>\n<br \/><br \/>\n<br \/><a href=\"https:\/\/brtk.net\/girne-koprulu-kavsaginin-yonca-kavsagi-yapim-calismalari-basliyor\/\">Kaynak BRT <\/a><\/p>\n","protected":false},"excerpt":{"rendered":"<p>Lefko\u015fa-Girne Yolu ile Lefko\u015fa Kuzey \u00c7evre Yolu\u2019nun kesi\u015fti\u011fi noktada in\u015fa edilecek Girne K\u00f6pr\u00fcl\u00fc Kav\u015fa\u011f\u0131\u2019n\u0131n (yonca kav\u015fa\u011f\u0131) yap\u0131m \u00e7al\u0131\u015fmalar\u0131 ba\u015fl\u0131yor. Bay\u0131nd\u0131rl\u0131k ve Ula\u015ft\u0131rma Bakanl\u0131\u011f\u0131\u2019ndan yap\u0131lan a\u00e7\u0131klamaya g\u00f6re, kav\u015fa\u011f\u0131n in\u015faat\u0131 nedeniyle Lefko\u015fa-Girne ana yolunda 7 Ocak Sal\u0131 g\u00fcn\u00fc trafik d\u00fczenlemesine gidilecek. \u0130n\u015fa edilecek yonca kav\u015fa\u011f\u0131, iki yanlarda ve bir orta ref\u00fcjde olmak \u00fczere \u00fc\u00e7 ayaktan olu\u015facak. Yonca [&hellip;]<\/p>\n","protected":false},"author":908,"featured_media":15649,"comment_status":"open","ping_status":"open","sticky":false,"template":"","format":"standard","meta":{"_jetpack_memberships_contains_paid_content":false,"footnotes":"","jetpack_publicize_message":"","jetpack_publicize_feature_enabled":true,"jetpack_social_post_already_shared":true,"jetpack_social_options":{"image_generator_settings":{"template":"highway","default_image_id":0,"font":"","enabled":false},"version":2}},"categories":[253],"tags":[],"class_list":["post-15648","post","type-post","status-publish","format-standard","has-post-thumbnail","hentry","category-gundem"],"jetpack_publicize_connections":[],"jetpack_featured_media_url":"https:\/\/kibrisayna.com\/wp-content\/uploads\/2025\/01\/dsilfis.jpg","jetpack_sharing_enabled":true,"_links":{"self":[{"href":"https:\/\/kibrisayna.com\/index.php\/wp-json\/wp\/v2\/posts\/15648","targetHints":{"allow":["GET"]}}],"collection":[{"href":"https:\/\/kibrisayna.com\/index.php\/wp-json\/wp\/v2\/posts"}],"about":[{"href":"https:\/\/kibrisayna.com\/index.php\/wp-json\/wp\/v2\/types\/post"}],"author":[{"embeddable":true,"href":"https:\/\/kibrisayna.com\/index.php\/wp-json\/wp\/v2\/users\/908"}],"replies":[{"embeddable":true,"href":"https:\/\/kibrisayna.com\/index.php\/wp-json\/wp\/v2\/comments?post=15648"}],"version-history":[{"count":0,"href":"https:\/\/kibrisayna.com\/index.php\/wp-json\/wp\/v2\/posts\/15648\/revisions"}],"wp:featuredmedia":[{"embeddable":true,"href":"https:\/\/kibrisayna.com\/index.php\/wp-json\/wp\/v2\/media\/15649"}],"wp:attachment":[{"href":"https:\/\/kibrisayna.com\/index.php\/wp-json\/wp\/v2\/media?parent=15648"}],"wp:term":[{"taxonomy":"category","embeddable":true,"href":"https:\/\/kibrisayna.com\/index.php\/wp-json\/wp\/v2\/categories?post=15648"},{"taxonomy":"post_tag","embeddable":true,"href":"https:\/\/kibrisayna.com\/index.php\/wp-json\/wp\/v2\/tags?post=15648"}],"curies":[{"name":"wp","href":"https:\/\/api.w.org\/{rel}","templated":true}]}}