{"id":15644,"date":"2025-01-02T17:48:28","date_gmt":"2025-01-02T14:48:28","guid":{"rendered":"https:\/\/kibrisayna.com\/index.php\/2025\/01\/02\/olumlu-is-kazasiyla-ilgili-3-tutuklama-brtk\/"},"modified":"2025-01-02T17:48:28","modified_gmt":"2025-01-02T14:48:28","slug":"olumlu-is-kazasiyla-ilgili-3-tutuklama-brtk","status":"publish","type":"post","link":"https:\/\/kibrisayna.com\/index.php\/2025\/01\/02\/olumlu-is-kazasiyla-ilgili-3-tutuklama-brtk\/","title":{"rendered":"\u00d6l\u00fcml\u00fc i\u015f kazas\u0131yla ilgili 3 tutuklama \u2013 BRTK"},"content":{"rendered":"<p> <br \/>\n<\/p>\n<div>\n<div class=\"mariselle-image-container center\">\n                <img loading=\"lazy\" decoding=\"async\" width=\"512\" height=\"279\" class=\"lazy-image\" alt=\"\" sizes=\"auto, (max-width: 512px) 100vw, 512px\" src=\"https:\/\/brtk.net\/wp-content\/uploads\/2024\/10\/11\/tutuklu-211.jpg?ver=6a3a5d6a91e4174c40fedcaa91672bf8\" srcset=\"https:\/\/brtk.net\/wp-content\/uploads\/2024\/10\/11\/tutuklu-211.jpg?ver=6a3a5d6a91e4174c40fedcaa91672bf8 512w, https:\/\/brtk.net\/wp-content\/uploads\/2024\/10\/11\/tutuklu-211-300x163.jpg?ver=6a3a5d6a91e4174c40fedcaa91672bf8 300w\"\/>                            <\/div>\n<p> Gazima\u011fusa\u2019da bug\u00fcn bir ki\u015finin hayat\u0131n\u0131 kaybetti\u011fi i\u015f kazas\u0131yla ilgili 3 ki\u015fi tutukland\u0131.<\/p>\n<p>Olayda ihmali g\u00f6r\u00fclen M.K. (E-45), A.K. (E-28) ve M.U.\u2019yu (E-26) tutuklayan polisin soru\u015fturmas\u0131 s\u00fcr\u00fcyor.<\/p>\n<p>Polisin a\u00e7\u0131klamas\u0131na g\u00f6re, bug\u00fcn saat 11.00 s\u0131ralar\u0131nda, Gazima\u011fusa B\u00fcy\u00fck Sanayi B\u00f6lgesinde faaliyet g\u00f6steren \u00c7eten Yap\u0131 Market isimli i\u015f yerinin ambar\u0131 i\u00e7erisinde meydana gelen i\u015f kazas\u0131nda 55 ya\u015f\u0131ndaki Mustafa K\u0131l\u0131n\u00e7 ya\u015fam\u0131n\u0131 yitirmi\u015fti<\/p>\n<\/p><\/div>\n<p><script async\n                    defer\n                    crossorigin=\"anonymous\"\n                    src=\"https:\/\/connect.facebook.net\/tr_TR\/sdk.js#xfbml=1&#038;version=v3.3\"\n            ><\/script><br \/>\n<br \/><br \/>\n<br \/><a href=\"https:\/\/brtk.net\/olumlu-is-kazasiyla-ilgili-3-tutuklama\/\"> <\/a><\/p>\n","protected":false},"excerpt":{"rendered":"<p>Gazima\u011fusa\u2019da bug\u00fcn bir ki\u015finin hayat\u0131n\u0131 kaybetti\u011fi i\u015f kazas\u0131yla ilgili 3 ki\u015fi tutukland\u0131. Olayda ihmali g\u00f6r\u00fclen M.K. (E-45), A.K. (E-28) ve M.U.\u2019yu (E-26) tutuklayan polisin soru\u015fturmas\u0131 s\u00fcr\u00fcyor. Polisin a\u00e7\u0131klamas\u0131na g\u00f6re, bug\u00fcn saat 11.00 s\u0131ralar\u0131nda, Gazima\u011fusa B\u00fcy\u00fck Sanayi B\u00f6lgesinde faaliyet g\u00f6steren \u00c7eten Yap\u0131 Market isimli i\u015f yerinin ambar\u0131 i\u00e7erisinde meydana gelen i\u015f kazas\u0131nda 55 ya\u015f\u0131ndaki Mustafa K\u0131l\u0131n\u00e7 [&hellip;]<\/p>\n","protected":false},"author":908,"featured_media":7605,"comment_status":"open","ping_status":"open","sticky":false,"template":"","format":"standard","meta":{"_jetpack_memberships_contains_paid_content":false,"footnotes":"","jetpack_publicize_message":"","jetpack_publicize_feature_enabled":true,"jetpack_social_post_already_shared":true,"jetpack_social_options":{"image_generator_settings":{"template":"highway","default_image_id":0,"font":"","enabled":false},"version":2}},"categories":[253,19],"tags":[],"class_list":["post-15644","post","type-post","status-publish","format-standard","has-post-thumbnail","hentry","category-gundem","category-manset"],"jetpack_publicize_connections":[],"jetpack_featured_media_url":"https:\/\/kibrisayna.com\/wp-content\/uploads\/2024\/10\/tutuklu-211.jpg","jetpack_sharing_enabled":true,"_links":{"self":[{"href":"https:\/\/kibrisayna.com\/index.php\/wp-json\/wp\/v2\/posts\/15644","targetHints":{"allow":["GET"]}}],"collection":[{"href":"https:\/\/kibrisayna.com\/index.php\/wp-json\/wp\/v2\/posts"}],"about":[{"href":"https:\/\/kibrisayna.com\/index.php\/wp-json\/wp\/v2\/types\/post"}],"author":[{"embeddable":true,"href":"https:\/\/kibrisayna.com\/index.php\/wp-json\/wp\/v2\/users\/908"}],"replies":[{"embeddable":true,"href":"https:\/\/kibrisayna.com\/index.php\/wp-json\/wp\/v2\/comments?post=15644"}],"version-history":[{"count":0,"href":"https:\/\/kibrisayna.com\/index.php\/wp-json\/wp\/v2\/posts\/15644\/revisions"}],"wp:featuredmedia":[{"embeddable":true,"href":"https:\/\/kibrisayna.com\/index.php\/wp-json\/wp\/v2\/media\/7605"}],"wp:attachment":[{"href":"https:\/\/kibrisayna.com\/index.php\/wp-json\/wp\/v2\/media?parent=15644"}],"wp:term":[{"taxonomy":"category","embeddable":true,"href":"https:\/\/kibrisayna.com\/index.php\/wp-json\/wp\/v2\/categories?post=15644"},{"taxonomy":"post_tag","embeddable":true,"href":"https:\/\/kibrisayna.com\/index.php\/wp-json\/wp\/v2\/tags?post=15644"}],"curies":[{"name":"wp","href":"https:\/\/api.w.org\/{rel}","templated":true}]}}