{"id":15638,"date":"2025-01-02T17:32:11","date_gmt":"2025-01-02T14:32:11","guid":{"rendered":"https:\/\/kibrisayna.com\/index.php\/2025\/01\/02\/sibel-tatar-gonendere-sehit-salih-terzi-ilkokulunu-ziyaret-etti-brtk\/"},"modified":"2025-01-02T17:32:11","modified_gmt":"2025-01-02T14:32:11","slug":"sibel-tatar-gonendere-sehit-salih-terzi-ilkokulunu-ziyaret-etti-brtk","status":"publish","type":"post","link":"https:\/\/kibrisayna.com\/index.php\/2025\/01\/02\/sibel-tatar-gonendere-sehit-salih-terzi-ilkokulunu-ziyaret-etti-brtk\/","title":{"rendered":"Sibel Tatar, G\u00f6nendere \u015eehit Salih Terzi \u0130lkokulu\u2019nu ziyaret etti \u2013 BRTK"},"content":{"rendered":"<p> <br \/>\n<\/p>\n<div>\n<div class=\"mariselle-image-container center\">\n                <img loading=\"lazy\" decoding=\"async\" width=\"1600\" height=\"1066\" class=\"lazy-image\" alt=\"\" sizes=\"auto, (max-width: 1600px) 100vw, 1600px\" src=\"https:\/\/brtk.net\/wp-content\/uploads\/2025\/01\/02\/1d9a03de-d5fb-4c6b-a8c7-ca7b34243637.jpg?ver=2ee0074b4b0361fdce9f9724b2684c4c\" srcset=\"https:\/\/brtk.net\/wp-content\/uploads\/2025\/01\/02\/1d9a03de-d5fb-4c6b-a8c7-ca7b34243637.jpg?ver=2ee0074b4b0361fdce9f9724b2684c4c 1600w, https:\/\/brtk.net\/wp-content\/uploads\/2025\/01\/02\/1d9a03de-d5fb-4c6b-a8c7-ca7b34243637-300x200.jpg?ver=ce3c8f544a4726435c88f05df2488fb3 300w, https:\/\/brtk.net\/wp-content\/uploads\/2025\/01\/02\/1d9a03de-d5fb-4c6b-a8c7-ca7b34243637-1024x682.jpg?ver=ce3c8f544a4726435c88f05df2488fb3 1024w, https:\/\/brtk.net\/wp-content\/uploads\/2025\/01\/02\/1d9a03de-d5fb-4c6b-a8c7-ca7b34243637-768x512.jpg?ver=ce3c8f544a4726435c88f05df2488fb3 768w, https:\/\/brtk.net\/wp-content\/uploads\/2025\/01\/02\/1d9a03de-d5fb-4c6b-a8c7-ca7b34243637-1536x1023.jpg?ver=836d2e700f5f0b262fc77cd7127d67f6 1536w\"\/>                            <\/div>\n<p>Cumhurba\u015fkan\u0131 Ersin Tatar\u2019\u0131n e\u015fi Sibel Tatar\u2019\u0131n kat\u0131l\u0131m\u0131yla \u00e7ocuklara hediyeleri verildi<\/p>\n<p>Cumhurba\u015fkan\u0131 Ersin Tatar\u2019\u0131n e\u015fi Sibel Tatar, Kurucu Ba\u015fkan\u0131 oldu\u011fu Bellapais Inner Wheel Kul\u00fcb\u00fc ve Ege Inner Wheel Kul\u00fcb\u00fc\u2019n\u00fcn ortakla\u015fa d\u00fczenledi\u011fi \u201cYeni Y\u0131l Dilek A\u011fac\u0131 Projesi\u201d kapsam\u0131nda G\u00f6nendere \u015eehit Salih Terzi \u0130lkokulu\u2019nu ziyaret etti.<\/p>\n<p>Sibel Tatar, ziyaretinde Bellapais Inner Wheel Kul\u00fcb\u00fc Genel Sekreteri Berin Avunduk birlikte \u00e7ocuklara yeni y\u0131l hediyelerini takdim etti.<\/p>\n<p>Bu y\u0131l 7\u2019ncisi ger\u00e7ekle\u015ftirilen \u201cDilek A\u011fac\u0131 Projesi\u201d ile bug\u00fcne kadar yakla\u015f\u0131k 8 bin 500 \u00f6\u011frenciye ula\u015f\u0131ld\u0131.<\/p>\n<\/p><\/div>\n<p><script async\n                    defer\n                    crossorigin=\"anonymous\"\n                    src=\"https:\/\/connect.facebook.net\/tr_TR\/sdk.js#xfbml=1&#038;version=v3.3\"\n            ><\/script><br \/>\n<br \/><br \/>\n<br \/><a href=\"https:\/\/brtk.net\/sibel-tatar-gonendere-sehit-salih-terzi-ilkokulunu-ziyaret-etti\/\">Kaynak BRT <\/a><\/p>\n","protected":false},"excerpt":{"rendered":"<p>Cumhurba\u015fkan\u0131 Ersin Tatar\u2019\u0131n e\u015fi Sibel Tatar\u2019\u0131n kat\u0131l\u0131m\u0131yla \u00e7ocuklara hediyeleri verildi Cumhurba\u015fkan\u0131 Ersin Tatar\u2019\u0131n e\u015fi Sibel Tatar, Kurucu Ba\u015fkan\u0131 oldu\u011fu Bellapais Inner Wheel Kul\u00fcb\u00fc ve Ege Inner Wheel Kul\u00fcb\u00fc\u2019n\u00fcn ortakla\u015fa d\u00fczenledi\u011fi \u201cYeni Y\u0131l Dilek A\u011fac\u0131 Projesi\u201d kapsam\u0131nda G\u00f6nendere \u015eehit Salih Terzi \u0130lkokulu\u2019nu ziyaret etti. Sibel Tatar, ziyaretinde Bellapais Inner Wheel Kul\u00fcb\u00fc Genel Sekreteri Berin Avunduk birlikte [&hellip;]<\/p>\n","protected":false},"author":908,"featured_media":15639,"comment_status":"open","ping_status":"open","sticky":false,"template":"","format":"standard","meta":{"_jetpack_memberships_contains_paid_content":false,"footnotes":"","jetpack_publicize_message":"","jetpack_publicize_feature_enabled":true,"jetpack_social_post_already_shared":true,"jetpack_social_options":{"image_generator_settings":{"template":"highway","default_image_id":0,"font":"","enabled":false},"version":2}},"categories":[253],"tags":[],"class_list":["post-15638","post","type-post","status-publish","format-standard","has-post-thumbnail","hentry","category-gundem"],"jetpack_publicize_connections":[],"jetpack_featured_media_url":"https:\/\/kibrisayna.com\/wp-content\/uploads\/2025\/01\/1d9a03de-d5fb-4c6b-a8c7-ca7b34243637.jpg","jetpack_sharing_enabled":true,"_links":{"self":[{"href":"https:\/\/kibrisayna.com\/index.php\/wp-json\/wp\/v2\/posts\/15638","targetHints":{"allow":["GET"]}}],"collection":[{"href":"https:\/\/kibrisayna.com\/index.php\/wp-json\/wp\/v2\/posts"}],"about":[{"href":"https:\/\/kibrisayna.com\/index.php\/wp-json\/wp\/v2\/types\/post"}],"author":[{"embeddable":true,"href":"https:\/\/kibrisayna.com\/index.php\/wp-json\/wp\/v2\/users\/908"}],"replies":[{"embeddable":true,"href":"https:\/\/kibrisayna.com\/index.php\/wp-json\/wp\/v2\/comments?post=15638"}],"version-history":[{"count":0,"href":"https:\/\/kibrisayna.com\/index.php\/wp-json\/wp\/v2\/posts\/15638\/revisions"}],"wp:featuredmedia":[{"embeddable":true,"href":"https:\/\/kibrisayna.com\/index.php\/wp-json\/wp\/v2\/media\/15639"}],"wp:attachment":[{"href":"https:\/\/kibrisayna.com\/index.php\/wp-json\/wp\/v2\/media?parent=15638"}],"wp:term":[{"taxonomy":"category","embeddable":true,"href":"https:\/\/kibrisayna.com\/index.php\/wp-json\/wp\/v2\/categories?post=15638"},{"taxonomy":"post_tag","embeddable":true,"href":"https:\/\/kibrisayna.com\/index.php\/wp-json\/wp\/v2\/tags?post=15638"}],"curies":[{"name":"wp","href":"https:\/\/api.w.org\/{rel}","templated":true}]}}