{"id":15600,"date":"2025-01-02T12:36:55","date_gmt":"2025-01-02T09:36:55","guid":{"rendered":"https:\/\/kibrisayna.com\/index.php\/2025\/01\/02\/norobiyolog-guclu-beynin-altin-anahtarini-acikladi-meger-sirri-damarlarinizdaymis\/"},"modified":"2025-01-02T12:36:55","modified_gmt":"2025-01-02T09:36:55","slug":"norobiyolog-guclu-beynin-altin-anahtarini-acikladi-meger-sirri-damarlarinizdaymis","status":"publish","type":"post","link":"https:\/\/kibrisayna.com\/index.php\/2025\/01\/02\/norobiyolog-guclu-beynin-altin-anahtarini-acikladi-meger-sirri-damarlarinizdaymis\/","title":{"rendered":"N\u00f6robiyolog g\u00fc\u00e7l\u00fc beynin alt\u0131n anahtar\u0131n\u0131 a\u00e7\u0131klad\u0131: Me\u011fer s\u0131rr\u0131 damarlar\u0131n\u0131zdaym\u0131\u015f"},"content":{"rendered":"<p> <br \/>\n<br \/><img decoding=\"async\" src=\"https:\/\/cdn1.ntv.com.tr\/gorsel\/4CHlGON2P0eptx9otYC2hg.jpg?width=1200&amp;ampmode=crop&amp;ampscale=both\" class=\"type:primaryImage\" alt=\"N\u00f6robiyolog g\u00fc\u00e7l\u00fc beynin alt\u0131n anahtar\u0131n\u0131 a\u00e7\u0131klad\u0131: Me\u011fer s\u0131rr\u0131 damarlar\u0131n\u0131zdaym\u0131\u015f\" \/><\/p>\n<p>Beyin sa\u011fl\u0131\u011f\u0131n\u0131 korumak ve g\u00fc\u00e7l\u00fc bir haf\u0131zaya sahip olmak genel ya\u015fam\u0131n\u0131z\u0131 da etkiler. Karolinska Enstit\u00fcs\u00fc ve Gothenburg \u00dcniversitesi\u2019nden ara\u015ft\u0131rmac\u0131lar, beynin ya\u015flanma h\u0131z\u0131n\u0131 etkileyen ya\u015fam tarz\u0131 se\u00e7imlerini mercek alt\u0131na ald\u0131. 70 ya\u015f\u0131ndaki bireylerin beyin ya\u015f\u0131, ya\u015fam tarz\u0131 ve sa\u011fl\u0131k verileriyle ili\u015fkisini inceleyen \u00e7al\u0131\u015fma, beynin ya\u015flanmas\u0131n\u0131 yava\u015flatmada damar sa\u011fl\u0131\u011f\u0131n\u0131n kritik bir rol oynad\u0131\u011f\u0131n\u0131 ortaya koyuyor.<\/p>\n<section class=\"type:slideshow\">\n<figure><img decoding=\"async\" src=\"https:\/\/cdn1.ntv.com.tr\/gorsel\/eiWEfmOCQkuycu5QBWAq7g.jpg?width=1200&amp;mode=crop&amp;scale=both\" width=\"1200\" \/><figcaption>Ara\u015ft\u0131rmada, 739 kat\u0131l\u0131mc\u0131n\u0131n biyolojik sinyalleri analiz edilerek fiziksel aktivite, sa\u011fl\u0131kl\u0131 beslenme, sigaradan uzak durma ve kan \u015fekeri seviyelerinin kontrol alt\u0131nda tutulmas\u0131n\u0131n beynin ya\u015flanmas\u0131n\u0131 yava\u015flatmaya yard\u0131mc\u0131 oldu\u011fu belirlendi.<\/figcaption><\/figure>\n<figure><img decoding=\"async\" src=\"https:\/\/cdn1.ntv.com.tr\/gorsel\/R6zTODLCfkW0-4T7-NodKw.jpg?width=1200&amp;mode=crop&amp;scale=both\" width=\"1200\" \/><figcaption>Karolinska Enstit\u00fcs\u00fc\u2019nden n\u00f6robiyolog Anna Marseglia, \u015fu ifadeleri kulland\u0131: \u201cDamar sa\u011fl\u0131\u011f\u0131n\u0131 olumsuz etkileyen fakt\u00f6rler, daha ya\u015fl\u0131 g\u00f6r\u00fcn\u00fcn bir beyinle ili\u015fkili. Bu nedenle damarlar\u0131 sa\u011fl\u0131kl\u0131 tutmak hayati bir \u00f6neme sahip.\u201d<\/figcaption><\/figure>\n<figure><img decoding=\"async\" src=\"https:\/\/cdn1.ntv.com.tr\/gorsel\/uqfAvodK3ESPs_WSlvKj3Q.jpg?width=1200&amp;mode=crop&amp;scale=both\" width=\"1200\" \/><figcaption>Ara\u015ft\u0131rmaya g\u00f6re fiziksel hareketsizlik, diyabet, fel\u00e7 ge\u00e7irme, y\u00fcksek iltihaplanma seviyeleri ve y\u00fcksek kan \u015fekeri, beynin biyolojik olarak daha ya\u015fl\u0131 g\u00f6r\u00fcnmesiyle ba\u011flant\u0131l\u0131.<\/figcaption><\/figure>\n<figure><img decoding=\"async\" src=\"https:\/\/cdn1.ntv.com.tr\/gorsel\/TLXdhj3ZYkCIStZ1z5-W7g.jpg?width=1200&amp;mode=crop&amp;scale=both\" width=\"1200\" \/><figcaption>Erkeklerde kan \u015fekeri seviyesinin beyin ya\u015f\u0131na etkisinin daha belirgin oldu\u011fu belirtilirken, bu durum cinsiyet farkl\u0131l\u0131klar\u0131na dikkat \u00e7ekiyor.<\/figcaption><\/figure>\n<figure><img decoding=\"async\" src=\"https:\/\/cdn1.ntv.com.tr\/gorsel\/yKGD_c_gPkeiPV8m3gSVBg.jpg?width=1200&amp;mode=crop&amp;scale=both\" width=\"1200\" \/><figcaption>Ara\u015ft\u0131rmac\u0131lar, beynin biyolojik ya\u015f\u0131n\u0131 tespit etmek i\u00e7in derin \u00f6\u011frenme tabanl\u0131 bir yapay zeka modeli kulland\u0131.<\/figcaption><\/figure>\n<figure><img decoding=\"async\" src=\"https:\/\/cdn1.ntv.com.tr\/gorsel\/k7bhsf8xz06wcpuVlmlNDQ.jpg?width=1200&amp;mode=crop&amp;scale=both\" width=\"1200\" \/><figcaption>Bu model, daha \u00f6nce bili\u015fsel sorun ya\u015famam\u0131\u015f 18.000 ki\u015finin manyetik rezonans g\u00f6r\u00fcnt\u00fcleme (MRI) taramalar\u0131yla e\u011fitildi. Beyin ya\u015f\u0131 tahminleri, kan \u00f6rnekleri, ya\u015fam tarz\u0131 fakt\u00f6rleri ve t\u0131bbi durumlarla kar\u015f\u0131la\u015ft\u0131r\u0131larak analiz edildi<\/figcaption><\/figure>\n<figure><img decoding=\"async\" src=\"https:\/\/cdn1.ntv.com.tr\/gorsel\/tsB1sK0EME-B_f-RntJQBw.jpg?width=1200&amp;mode=crop&amp;scale=both\" width=\"1200\" \/><figcaption>\u00c7al\u0131\u015fma, daha ya\u015fl\u0131 bir beyne sahip bireylerin Alzheimer gibi demans hastal\u0131klar\u0131na daha yatk\u0131n oldu\u011funu g\u00f6steriyor.<\/figcaption><\/figure>\n<figure><img decoding=\"async\" src=\"https:\/\/cdn1.ntv.com.tr\/gorsel\/s_19Rsdci0-qGuTx6mslQA.jpg?width=1200&amp;mode=crop&amp;scale=both\" width=\"1200\" \/><figcaption>Ancak damar sa\u011fl\u0131\u011f\u0131n\u0131 koruyarak bu t\u00fcr bili\u015fsel gerilemelerin \u00f6n\u00fcne ge\u00e7ilebilece\u011fi belirtiliyor. Klinik geriatrist Eric Westman, \u201cBu y\u00f6ntem gelecekte demans ara\u015ft\u0131rmalar\u0131nda \u00f6nemli bir arac\u0131 olabilir\u201d dedi.<\/figcaption><\/figure>\n<figure><img decoding=\"async\" src=\"https:\/\/cdn1.ntv.com.tr\/gorsel\/h-zyHmb2S0W9IY4s1-ErSw.jpg?width=1200&amp;mode=crop&amp;scale=both\" width=\"1200\" \/><figcaption>Ara\u015ft\u0131rmac\u0131lar, kad\u0131n ve erkeklerin beyin ya\u015flanmas\u0131n\u0131 etkileyen farkl\u0131 biyolojik ve sosyok\u00fclt\u00fcrel belirleyicilere sahip olabilece\u011fini vurguluyor. 2024 y\u0131l\u0131nda ba\u015flat\u0131lacak yeni bir \u00e7al\u0131\u015fma, sosyal kat\u0131l\u0131m, destek, uyku ve stresin orta ve ileri ya\u015ftaki beyin dayan\u0131kl\u0131l\u0131\u011f\u0131 \u00fczerindeki etkilerini inceleyecek.<\/figcaption><\/figure>\n<\/section>\n<p><br \/>\n<br \/><a href=\"https:\/\/www.ntv.com.tr\/galeri\/dunya\/norobiyolog-guclu-beynin-altin-anahtarini-acikladi-meger-sirri-damarlarinizdaymis,jsW5Ih6fnEKwOhZcwexS1w\"><\/a><\/p>\n","protected":false},"excerpt":{"rendered":"<p>Beyin sa\u011fl\u0131\u011f\u0131n\u0131 korumak ve g\u00fc\u00e7l\u00fc bir haf\u0131zaya sahip olmak genel ya\u015fam\u0131n\u0131z\u0131 da etkiler. Karolinska Enstit\u00fcs\u00fc ve Gothenburg \u00dcniversitesi\u2019nden ara\u015ft\u0131rmac\u0131lar, beynin ya\u015flanma h\u0131z\u0131n\u0131 etkileyen ya\u015fam tarz\u0131 se\u00e7imlerini mercek alt\u0131na ald\u0131. 70 ya\u015f\u0131ndaki bireylerin beyin ya\u015f\u0131, ya\u015fam tarz\u0131 ve sa\u011fl\u0131k verileriyle ili\u015fkisini inceleyen \u00e7al\u0131\u015fma, beynin ya\u015flanmas\u0131n\u0131 yava\u015flatmada damar sa\u011fl\u0131\u011f\u0131n\u0131n kritik bir rol oynad\u0131\u011f\u0131n\u0131 ortaya koyuyor. Ara\u015ft\u0131rmada, 739 [&hellip;]<\/p>\n","protected":false},"author":908,"featured_media":15601,"comment_status":"open","ping_status":"open","sticky":false,"template":"","format":"standard","meta":{"_jetpack_memberships_contains_paid_content":false,"footnotes":"","jetpack_publicize_message":"","jetpack_publicize_feature_enabled":true,"jetpack_social_post_already_shared":true,"jetpack_social_options":{"image_generator_settings":{"template":"highway","default_image_id":0,"font":"","enabled":false},"version":2}},"categories":[12],"tags":[],"class_list":["post-15600","post","type-post","status-publish","format-standard","has-post-thumbnail","hentry","category-teknoloji"],"jetpack_publicize_connections":[],"jetpack_featured_media_url":"https:\/\/kibrisayna.com\/wp-content\/uploads\/2025\/01\/4CHlGON2P0eptx9otYC2hg.jpg","jetpack_sharing_enabled":true,"_links":{"self":[{"href":"https:\/\/kibrisayna.com\/index.php\/wp-json\/wp\/v2\/posts\/15600","targetHints":{"allow":["GET"]}}],"collection":[{"href":"https:\/\/kibrisayna.com\/index.php\/wp-json\/wp\/v2\/posts"}],"about":[{"href":"https:\/\/kibrisayna.com\/index.php\/wp-json\/wp\/v2\/types\/post"}],"author":[{"embeddable":true,"href":"https:\/\/kibrisayna.com\/index.php\/wp-json\/wp\/v2\/users\/908"}],"replies":[{"embeddable":true,"href":"https:\/\/kibrisayna.com\/index.php\/wp-json\/wp\/v2\/comments?post=15600"}],"version-history":[{"count":0,"href":"https:\/\/kibrisayna.com\/index.php\/wp-json\/wp\/v2\/posts\/15600\/revisions"}],"wp:featuredmedia":[{"embeddable":true,"href":"https:\/\/kibrisayna.com\/index.php\/wp-json\/wp\/v2\/media\/15601"}],"wp:attachment":[{"href":"https:\/\/kibrisayna.com\/index.php\/wp-json\/wp\/v2\/media?parent=15600"}],"wp:term":[{"taxonomy":"category","embeddable":true,"href":"https:\/\/kibrisayna.com\/index.php\/wp-json\/wp\/v2\/categories?post=15600"},{"taxonomy":"post_tag","embeddable":true,"href":"https:\/\/kibrisayna.com\/index.php\/wp-json\/wp\/v2\/tags?post=15600"}],"curies":[{"name":"wp","href":"https:\/\/api.w.org\/{rel}","templated":true}]}}