{"id":15598,"date":"2025-01-02T12:21:55","date_gmt":"2025-01-02T09:21:55","guid":{"rendered":"https:\/\/kibrisayna.com\/index.php\/2025\/01\/02\/turkiye-icin-kibris-davasi-kulfet-degil-onur-ve-ovunc-davasidir-brtk\/"},"modified":"2025-01-02T12:21:55","modified_gmt":"2025-01-02T09:21:55","slug":"turkiye-icin-kibris-davasi-kulfet-degil-onur-ve-ovunc-davasidir-brtk","status":"publish","type":"post","link":"https:\/\/kibrisayna.com\/index.php\/2025\/01\/02\/turkiye-icin-kibris-davasi-kulfet-degil-onur-ve-ovunc-davasidir-brtk\/","title":{"rendered":"T\u00fcrkiye i\u00e7in K\u0131br\u0131s davas\u0131 k\u00fclfet de\u011fil onur ve \u00f6v\u00fcn\u00e7 davas\u0131d\u0131r \u2013 BRTK"},"content":{"rendered":"<p> <br \/>\n<\/p>\n<div>\n<div class=\"mariselle-image-container center\">\n                <img loading=\"lazy\" decoding=\"async\" width=\"2560\" height=\"1707\" class=\"lazy-image\" alt=\"\" sizes=\"auto, (max-width: 2560px) 100vw, 2560px\" src=\"https:\/\/brtk.net\/wp-content\/uploads\/2025\/01\/02\/serimmmmmm-scaled.jpg?ver=d22ab8ae10ad18f8faff832a098a6dec\" srcset=\"https:\/\/brtk.net\/wp-content\/uploads\/2025\/01\/02\/serimmmmmm-scaled.jpg?ver=d22ab8ae10ad18f8faff832a098a6dec 2560w, https:\/\/brtk.net\/wp-content\/uploads\/2025\/01\/02\/serimmmmmm-300x200.jpg?ver=d22ab8ae10ad18f8faff832a098a6dec 300w, https:\/\/brtk.net\/wp-content\/uploads\/2025\/01\/02\/serimmmmmm-1024x683.jpg?ver=eb6a0090b57f3b4342036b433c4b6262 1024w, https:\/\/brtk.net\/wp-content\/uploads\/2025\/01\/02\/serimmmmmm-768x512.jpg?ver=1c035488c6e37bce4b1ea0ff286c6351 768w, https:\/\/brtk.net\/wp-content\/uploads\/2025\/01\/02\/serimmmmmm-1536x1024.jpg?ver=e6524e3ee944d2fed9d09eb2110f09bf 1536w, https:\/\/brtk.net\/wp-content\/uploads\/2025\/01\/02\/serimmmmmm-2048x1365.jpg?ver=19b6474a307f45660e07ad55cc18da64 2048w\"\/>                            <\/div>\n<p>T\u00fcrkiye\u2019nin Lefko\u015fa B\u00fcy\u00fckel\u00e7isi Yasin Ekrem Serim, Gazima\u011fusa Gaziler Derne\u011fi\u2019ni ziyaret ederek dernek \u00fcyeleriyle g\u00f6r\u00fc\u015ft\u00fc.<\/p>\n<p>Ziyarette konu\u015fan B\u00fcy\u00fckel\u00e7i Serim, T\u00fcrkiye Cumhuriyeti i\u00e7in K\u0131br\u0131s Davas\u0131n\u0131n \u00f6nemini vurgulayarak, \u201c K\u0131br\u0131s Davas\u0131 asla bir k\u00fclfet de\u011fil onur ve \u00f6v\u00fcn\u00e7 davas\u0131d\u0131r\u201d dedi.<\/p>\n<p>T\u00fcrkiye Cumhuriyeti\u2019nin hem K\u0131br\u0131s davas\u0131na tam destek verdi\u011fini hem de Kuzey K\u0131br\u0131s T\u00fcrk Cumhuriyeti\u2019nin gerek ekonomik gerekse sosyal anlamda geli\u015fmesi i\u00e7in elinden gelen katk\u0131y\u0131 yapt\u0131\u011f\u0131n\u0131 yapmaya da devam edece\u011fini s\u00f6yledi.<\/p>\n<p>B\u00fcy\u00fckel\u00e7i Serim, kalbinin K\u0131br\u0131s davas\u0131 ile att\u0131\u011f\u0131n\u0131 belirterek, T\u00fcrkiye Cumhurba\u015fkan\u0131 Recep Tayip Erdo\u011fan ve T\u00fcrkiye Cumhuriyeti Meclisi\u2019nde K\u0131br\u0131s konusunun teminat alt\u0131na al\u0131nd\u0131\u011f\u0131n\u0131 ifade etti.<\/p>\n<p>Gazilerin ve t\u00fcm halk\u0131n yeni y\u0131l\u0131n\u0131 da kutlayan B\u00fcy\u00fckel\u00e7i Serim, Regaip Kandili\u2019ni de tebrik etti\u2026<\/p>\n<p>Gaziler Derne\u011fi Genel Ba\u015fkan Nusrettin Yuca da sadece milli g\u00fcnlerde de\u011fil her zaman gazilerin hat\u0131rlanmas\u0131 gerekti\u011fini ifade ederek ziyaretinden dolay\u0131 B\u00fcy\u00fckel\u00e7i Serim\u2019e te\u015fekk\u00fcr etti.<\/p>\n<p>Ziyarette Yuca ziyaret an\u0131s\u0131na B\u00fcy\u00fckel\u00e7i Serim\u2019e plaket de takdim etti.<\/p>\n<\/p><\/div>\n<p><script async\n                    defer\n                    crossorigin=\"anonymous\"\n                    src=\"https:\/\/connect.facebook.net\/tr_TR\/sdk.js#xfbml=1&#038;version=v3.3\"\n            ><\/script><br \/>\n<br \/><br \/>\n<br \/><a href=\"https:\/\/brtk.net\/serim-turkiye-icin-kibris-davasi-kulfet-degil-onur-ve-ovunc-davasidir\/\">Kaynak BRT <\/a><\/p>\n","protected":false},"excerpt":{"rendered":"<p>T\u00fcrkiye\u2019nin Lefko\u015fa B\u00fcy\u00fckel\u00e7isi Yasin Ekrem Serim, Gazima\u011fusa Gaziler Derne\u011fi\u2019ni ziyaret ederek dernek \u00fcyeleriyle g\u00f6r\u00fc\u015ft\u00fc. Ziyarette konu\u015fan B\u00fcy\u00fckel\u00e7i Serim, T\u00fcrkiye Cumhuriyeti i\u00e7in K\u0131br\u0131s Davas\u0131n\u0131n \u00f6nemini vurgulayarak, \u201c K\u0131br\u0131s Davas\u0131 asla bir k\u00fclfet de\u011fil onur ve \u00f6v\u00fcn\u00e7 davas\u0131d\u0131r\u201d dedi. T\u00fcrkiye Cumhuriyeti\u2019nin hem K\u0131br\u0131s davas\u0131na tam destek verdi\u011fini hem de Kuzey K\u0131br\u0131s T\u00fcrk Cumhuriyeti\u2019nin gerek ekonomik gerekse sosyal [&hellip;]<\/p>\n","protected":false},"author":908,"featured_media":15599,"comment_status":"open","ping_status":"open","sticky":false,"template":"","format":"standard","meta":{"_jetpack_memberships_contains_paid_content":false,"footnotes":"","jetpack_publicize_message":"","jetpack_publicize_feature_enabled":true,"jetpack_social_post_already_shared":true,"jetpack_social_options":{"image_generator_settings":{"template":"highway","default_image_id":0,"font":"","enabled":false},"version":2}},"categories":[253],"tags":[],"class_list":["post-15598","post","type-post","status-publish","format-standard","has-post-thumbnail","hentry","category-gundem"],"jetpack_publicize_connections":[],"jetpack_featured_media_url":"https:\/\/kibrisayna.com\/wp-content\/uploads\/2025\/01\/serimmmmmm-scaled.jpg","jetpack_sharing_enabled":true,"_links":{"self":[{"href":"https:\/\/kibrisayna.com\/index.php\/wp-json\/wp\/v2\/posts\/15598","targetHints":{"allow":["GET"]}}],"collection":[{"href":"https:\/\/kibrisayna.com\/index.php\/wp-json\/wp\/v2\/posts"}],"about":[{"href":"https:\/\/kibrisayna.com\/index.php\/wp-json\/wp\/v2\/types\/post"}],"author":[{"embeddable":true,"href":"https:\/\/kibrisayna.com\/index.php\/wp-json\/wp\/v2\/users\/908"}],"replies":[{"embeddable":true,"href":"https:\/\/kibrisayna.com\/index.php\/wp-json\/wp\/v2\/comments?post=15598"}],"version-history":[{"count":0,"href":"https:\/\/kibrisayna.com\/index.php\/wp-json\/wp\/v2\/posts\/15598\/revisions"}],"wp:featuredmedia":[{"embeddable":true,"href":"https:\/\/kibrisayna.com\/index.php\/wp-json\/wp\/v2\/media\/15599"}],"wp:attachment":[{"href":"https:\/\/kibrisayna.com\/index.php\/wp-json\/wp\/v2\/media?parent=15598"}],"wp:term":[{"taxonomy":"category","embeddable":true,"href":"https:\/\/kibrisayna.com\/index.php\/wp-json\/wp\/v2\/categories?post=15598"},{"taxonomy":"post_tag","embeddable":true,"href":"https:\/\/kibrisayna.com\/index.php\/wp-json\/wp\/v2\/tags?post=15598"}],"curies":[{"name":"wp","href":"https:\/\/api.w.org\/{rel}","templated":true}]}}