{"id":15595,"date":"2025-01-02T12:07:40","date_gmt":"2025-01-02T09:07:40","guid":{"rendered":"https:\/\/kibrisayna.com\/index.php\/2025\/01\/02\/tc-lefkosa-buyukelcisi-serim-gaziler-dernegini-ziyaret-etti-brtk\/"},"modified":"2025-01-02T12:07:40","modified_gmt":"2025-01-02T09:07:40","slug":"tc-lefkosa-buyukelcisi-serim-gaziler-dernegini-ziyaret-etti-brtk","status":"publish","type":"post","link":"https:\/\/kibrisayna.com\/index.php\/2025\/01\/02\/tc-lefkosa-buyukelcisi-serim-gaziler-dernegini-ziyaret-etti-brtk\/","title":{"rendered":"TC Lefko\u015fa B\u00fcy\u00fckel\u00e7isi Serim Gaziler Derne\u011fi\u2019ni ziyaret etti \u2013 BRTK"},"content":{"rendered":"<p> <br \/>\n<\/p>\n<div>\n<div class=\"mariselle-image-container center\">\n                <img loading=\"lazy\" decoding=\"async\" width=\"1500\" height=\"1147\" class=\"lazy-image\" alt=\"\" sizes=\"auto, (max-width: 1500px) 100vw, 1500px\" src=\"https:\/\/brtk.net\/wp-content\/uploads\/2025\/01\/02\/cb3debc4-dc7b-4448-8714-3d27c880a252.jpg?ver=8c243fcd966be3d910e246f241ae6386\" srcset=\"https:\/\/brtk.net\/wp-content\/uploads\/2025\/01\/02\/cb3debc4-dc7b-4448-8714-3d27c880a252.jpg?ver=8c243fcd966be3d910e246f241ae6386 1500w, https:\/\/brtk.net\/wp-content\/uploads\/2025\/01\/02\/cb3debc4-dc7b-4448-8714-3d27c880a252-300x229.jpg?ver=036d6a371211e5af0b6c6cb980f63ece 300w, https:\/\/brtk.net\/wp-content\/uploads\/2025\/01\/02\/cb3debc4-dc7b-4448-8714-3d27c880a252-1024x783.jpg?ver=036d6a371211e5af0b6c6cb980f63ece 1024w, https:\/\/brtk.net\/wp-content\/uploads\/2025\/01\/02\/cb3debc4-dc7b-4448-8714-3d27c880a252-768x587.jpg?ver=892f8ed1db8defbbd3f71a1d669efb8c 768w, https:\/\/brtk.net\/wp-content\/uploads\/2025\/01\/02\/cb3debc4-dc7b-4448-8714-3d27c880a252-130x100.jpg?ver=892f8ed1db8defbbd3f71a1d669efb8c 130w\"\/>                            <\/div>\n<p>T\u00fcrkiye\u2019nin Lefko\u015fa B\u00fcy\u00fckel\u00e7isi Yasin Ekrem Serim, Gazima\u011fusa\u2019da T\u00fcrk Bar\u0131\u015f Kuvvetleri (TBK) Gaziler Derne\u011fi\u2019ni ziyaret ederek, gazilerle bir araya geldi.<\/p>\n<p>TBK Gaziler Derne\u011fi Ba\u015fkan\u0131 Nusrettin Yuca ziyaret an\u0131s\u0131na B\u00fcy\u00fckel\u00e7i Serim\u2019e plaket takdim etti.<\/p>\n<p>B\u00fcy\u00fckel\u00e7i Serim ziyarette yapt\u0131\u011f\u0131 konu\u015fmada B\u00fcy\u00fckel\u00e7ilik g\u00f6revine ba\u015flad\u0131\u011f\u0131 g\u00fcnden beri gaziler gibi de\u011ferli insanlar\u0131 elinden geldi\u011fince ziyaret etmeye \u00e7al\u0131\u015ft\u0131\u011f\u0131n\u0131 vurgulayarak, \u201cZaman elverdi\u011fince onlar\u0131 g\u00f6rmek bizi motive ediyor, \u00e7al\u0131\u015fmalar\u0131m\u0131za ciddi katk\u0131 yap\u0131yor.\u201d dedi.<\/p>\n<p>\u201cK\u0131br\u0131s T\u00fcrk halk\u0131 T\u00fcrk milletinin ayr\u0131lmaz bir par\u00e7as\u0131d\u0131r.\u201d diyen B\u00fcy\u00fckel\u00e7i Serim, \u201cK\u0131br\u0131s davas\u0131 T\u00fcrk mileti i\u00e7in asla bir k\u00fclfet de\u011fil. K\u0131br\u0131s davas\u0131 bizim i\u00e7in \u00f6v\u00fcn\u00e7, ayn\u0131 \u00e7er\u00e7evede onur davas\u0131d\u0131r. O y\u00fczden biz bunu bu kapsamda g\u00f6r\u00fcyoruz.\u201d diye ekledi.<\/p>\n<p>T\u00fcrk milletinin gerek K\u0131br\u0131s davas\u0131nda gerekse K\u0131br\u0131s T\u00fcrk\u00fc\u2019n\u00fcn, KKTC\u2019nin ekonomik ve sosyal anlamda  kalk\u0131nmas\u0131 i\u00e7in her t\u00fcrl\u00fc deste\u011fi vermeye devam etti\u011fini ve edece\u011fini s\u00f6yleyen Serim, gen\u00e7lik y\u0131llar\u0131 KKTC\u2019de ge\u00e7en biri olarak o y\u0131llardan beri kalbinin K\u0131br\u0131s davas\u0131yla ayn\u0131 \u00e7er\u00e7evede att\u0131\u011f\u0131n\u0131 ifade etti.<\/p>\n<p>Serim, K\u0131br\u0131s davas\u0131n\u0131n, T\u00fcrkiye Cumhurba\u015fkan\u0131 ve TBMM taraf\u0131ndan teminat alt\u0131na al\u0131nd\u0131\u011f\u0131n\u0131 vurgulayarak, gazilerin de tecr\u00fcbe ve g\u00f6r\u00fc\u015flerinden yararlanarak K\u0131br\u0131s davas\u0131na destek vermeye devam edeceklerini ifade etti.<\/p>\n<div class=\"mariselle-image-container center\">\n                <img loading=\"lazy\" decoding=\"async\" width=\"2000\" height=\"1197\" class=\"lazy-image\" alt=\"\" sizes=\"auto, (max-width: 2000px) 100vw, 2000px\" src=\"https:\/\/brtk.net\/wp-content\/uploads\/2025\/01\/02\/58f3dd6e-0635-4af9-aae9-068590b4dd85.jpg?ver=301348340e72994eda706cdd64623609\" srcset=\"https:\/\/brtk.net\/wp-content\/uploads\/2025\/01\/02\/58f3dd6e-0635-4af9-aae9-068590b4dd85.jpg?ver=301348340e72994eda706cdd64623609 2000w, https:\/\/brtk.net\/wp-content\/uploads\/2025\/01\/02\/58f3dd6e-0635-4af9-aae9-068590b4dd85-300x180.jpg?ver=5602c54b9b7dfa8d1c7d9b33d0591af0 300w, https:\/\/brtk.net\/wp-content\/uploads\/2025\/01\/02\/58f3dd6e-0635-4af9-aae9-068590b4dd85-1024x613.jpg?ver=5602c54b9b7dfa8d1c7d9b33d0591af0 1024w, https:\/\/brtk.net\/wp-content\/uploads\/2025\/01\/02\/58f3dd6e-0635-4af9-aae9-068590b4dd85-768x460.jpg?ver=5602c54b9b7dfa8d1c7d9b33d0591af0 768w, https:\/\/brtk.net\/wp-content\/uploads\/2025\/01\/02\/58f3dd6e-0635-4af9-aae9-068590b4dd85-1536x919.jpg?ver=a520559c9c96431c5a068981dde11013 1536w\"\/>                            <\/div>\n<p>\nTBK Gaziler Derne\u011fi Ba\u015fkan\u0131 Nurettin Yuca, \u00f6zel g\u00fcnler d\u0131\u015f\u0131nda da gazilerin hat\u0131rlanmas\u0131n\u0131n kendileri i\u00e7in bir gurur vesilesi oldu\u011funu ifade etti.<\/p>\n<p>Yuca, T\u00fcrkiye Cumhurba\u015fkan\u0131 Recep Tayyip Erdo\u011fan\u2019\u0131n gazilere verdi\u011fi de\u011ferin kendilerini memnun etti\u011fini vurgulayarak, Bar\u0131\u015f Harekat\u0131\u2019nda g\u00f6rev yapan gaziler olarak hem Kuzey\u2019e hem G\u00fcney\u2019e bar\u0131\u015f getirdiklerini s\u00f6yledi.<\/p>\n<p>Yuca d\u00fcnyaya mesaj vererek, \u201cAsla ve asla hakl\u0131 davam\u0131zdan vazge\u00e7meyiz. M\u00fccahitlerimizle birlikte KKTC\u2019de bayra\u011f\u0131n g\u00f6nderden inmemesinin, ezan sesinin dinmemesinin bek\u00e7ileriyiz.\u201d dedi.<\/p>\n<p>Ziyarette, gazilerin sorunlar\u0131 da B\u00fcy\u00fckel\u00e7i Serim\u2019e aktar\u0131ld\u0131.<\/p>\n<\/p><\/div>\n<p><script async\n                    defer\n                    crossorigin=\"anonymous\"\n                    src=\"https:\/\/connect.facebook.net\/tr_TR\/sdk.js#xfbml=1&#038;version=v3.3\"\n            ><\/script><br \/>\n<br \/><br \/>\n<br \/><a href=\"https:\/\/brtk.net\/tc-lefkosa-buyukelcisi-serim-gaziler-dernegini-ziyaret-etti\/\">Kaynak BRT <\/a><\/p>\n","protected":false},"excerpt":{"rendered":"<p>T\u00fcrkiye\u2019nin Lefko\u015fa B\u00fcy\u00fckel\u00e7isi Yasin Ekrem Serim, Gazima\u011fusa\u2019da T\u00fcrk Bar\u0131\u015f Kuvvetleri (TBK) Gaziler Derne\u011fi\u2019ni ziyaret ederek, gazilerle bir araya geldi. TBK Gaziler Derne\u011fi Ba\u015fkan\u0131 Nusrettin Yuca ziyaret an\u0131s\u0131na B\u00fcy\u00fckel\u00e7i Serim\u2019e plaket takdim etti. B\u00fcy\u00fckel\u00e7i Serim ziyarette yapt\u0131\u011f\u0131 konu\u015fmada B\u00fcy\u00fckel\u00e7ilik g\u00f6revine ba\u015flad\u0131\u011f\u0131 g\u00fcnden beri gaziler gibi de\u011ferli insanlar\u0131 elinden geldi\u011fince ziyaret etmeye \u00e7al\u0131\u015ft\u0131\u011f\u0131n\u0131 vurgulayarak, \u201cZaman elverdi\u011fince onlar\u0131 [&hellip;]<\/p>\n","protected":false},"author":908,"featured_media":15596,"comment_status":"open","ping_status":"open","sticky":false,"template":"","format":"standard","meta":{"_jetpack_memberships_contains_paid_content":false,"footnotes":"","jetpack_publicize_message":"","jetpack_publicize_feature_enabled":true,"jetpack_social_post_already_shared":true,"jetpack_social_options":{"image_generator_settings":{"template":"highway","default_image_id":0,"font":"","enabled":false},"version":2}},"categories":[253],"tags":[],"class_list":["post-15595","post","type-post","status-publish","format-standard","has-post-thumbnail","hentry","category-gundem"],"jetpack_publicize_connections":[],"jetpack_featured_media_url":"https:\/\/kibrisayna.com\/wp-content\/uploads\/2025\/01\/cb3debc4-dc7b-4448-8714-3d27c880a252.jpg","jetpack_sharing_enabled":true,"_links":{"self":[{"href":"https:\/\/kibrisayna.com\/index.php\/wp-json\/wp\/v2\/posts\/15595","targetHints":{"allow":["GET"]}}],"collection":[{"href":"https:\/\/kibrisayna.com\/index.php\/wp-json\/wp\/v2\/posts"}],"about":[{"href":"https:\/\/kibrisayna.com\/index.php\/wp-json\/wp\/v2\/types\/post"}],"author":[{"embeddable":true,"href":"https:\/\/kibrisayna.com\/index.php\/wp-json\/wp\/v2\/users\/908"}],"replies":[{"embeddable":true,"href":"https:\/\/kibrisayna.com\/index.php\/wp-json\/wp\/v2\/comments?post=15595"}],"version-history":[{"count":0,"href":"https:\/\/kibrisayna.com\/index.php\/wp-json\/wp\/v2\/posts\/15595\/revisions"}],"wp:featuredmedia":[{"embeddable":true,"href":"https:\/\/kibrisayna.com\/index.php\/wp-json\/wp\/v2\/media\/15596"}],"wp:attachment":[{"href":"https:\/\/kibrisayna.com\/index.php\/wp-json\/wp\/v2\/media?parent=15595"}],"wp:term":[{"taxonomy":"category","embeddable":true,"href":"https:\/\/kibrisayna.com\/index.php\/wp-json\/wp\/v2\/categories?post=15595"},{"taxonomy":"post_tag","embeddable":true,"href":"https:\/\/kibrisayna.com\/index.php\/wp-json\/wp\/v2\/tags?post=15595"}],"curies":[{"name":"wp","href":"https:\/\/api.w.org\/{rel}","templated":true}]}}