{"id":15506,"date":"2024-12-31T19:37:27","date_gmt":"2024-12-31T16:37:27","guid":{"rendered":"https:\/\/kibrisayna.com\/index.php\/2024\/12\/31\/cumhurbaskani-tatar-ile-turkiye-cumhurbaskani-erdogan-birbirlerinin-yeni-yilini-kutladi-brtk\/"},"modified":"2024-12-31T19:37:27","modified_gmt":"2024-12-31T16:37:27","slug":"cumhurbaskani-tatar-ile-turkiye-cumhurbaskani-erdogan-birbirlerinin-yeni-yilini-kutladi-brtk","status":"publish","type":"post","link":"https:\/\/kibrisayna.com\/index.php\/2024\/12\/31\/cumhurbaskani-tatar-ile-turkiye-cumhurbaskani-erdogan-birbirlerinin-yeni-yilini-kutladi-brtk\/","title":{"rendered":"Cumhurba\u015fkan\u0131 Tatar ile T\u00fcrkiye Cumhurba\u015fkan\u0131 Erdo\u011fan birbirlerinin yeni y\u0131l\u0131n\u0131 kutlad\u0131 \u2013 BRTK"},"content":{"rendered":"<p> <br \/>\n<\/p>\n<div>\n<div class=\"mariselle-image-container center\">\n                <img loading=\"lazy\" decoding=\"async\" width=\"1600\" height=\"1129\" class=\"lazy-image\" alt=\"\" sizes=\"auto, (max-width: 1600px) 100vw, 1600px\" src=\"https:\/\/brtk.net\/wp-content\/uploads\/2024\/12\/31\/1735661157564tatar-erdogan.jpg?ver=4332668a2632fb3954ef33f94a44cf92\" srcset=\"https:\/\/brtk.net\/wp-content\/uploads\/2024\/12\/31\/1735661157564tatar-erdogan.jpg?ver=4332668a2632fb3954ef33f94a44cf92 1600w, https:\/\/brtk.net\/wp-content\/uploads\/2024\/12\/31\/1735661157564tatar-erdogan-300x212.jpg?ver=4332668a2632fb3954ef33f94a44cf92 300w, https:\/\/brtk.net\/wp-content\/uploads\/2024\/12\/31\/1735661157564tatar-erdogan-1024x723.jpg?ver=c8c02e0eca797c555a254271edbbf595 1024w, https:\/\/brtk.net\/wp-content\/uploads\/2024\/12\/31\/1735661157564tatar-erdogan-768x542.jpg?ver=c8c02e0eca797c555a254271edbbf595 768w, https:\/\/brtk.net\/wp-content\/uploads\/2024\/12\/31\/1735661157564tatar-erdogan-1536x1084.jpg?ver=6dd751101c94927b419d0adcbb349370 1536w\"\/>                            <\/div>\n<p>Cumhurba\u015fkan\u0131 Ersin Tatar ile T\u00fcrkiye Cumhuriyeti Cumhurba\u015fkan\u0131 Recep Tayyip Erdo\u011fan telefon g\u00f6r\u00fc\u015fmesi ger\u00e7ekle\u015ftirerek birbirlerinin yeni y\u0131l\u0131n\u0131 kutlad\u0131.<\/p>\n<p>Cumhurba\u015fkan\u0131 Ersin Tatar, T\u00fcrkiye Cumhuriyeti Cumhurba\u015fkan\u0131 Recep Tayyip Erdo\u011fan\u2019\u0131n nezdinde, T\u00fcrk milletinin yeni y\u0131l\u0131n\u0131 kutlad\u0131 ve yeni y\u0131l\u0131n T\u00fcrk d\u00fcnyas\u0131na, huzur, mutluluk ve refah getirmesi temenni etti.<\/p>\n<p>T\u00fcrkiye Cumhurba\u015fkan\u0131 Erdo\u011fan, Cumhurba\u015fkan\u0131 Tatar nezdinde K\u0131br\u0131s T\u00fcrk halk\u0131na huzur ve esenlikler diledi.<\/p>\n<\/p><\/div>\n<p><script async\n                    defer\n                    crossorigin=\"anonymous\"\n                    src=\"https:\/\/connect.facebook.net\/tr_TR\/sdk.js#xfbml=1&#038;version=v3.3\"\n            ><\/script><br \/>\n<br \/><br \/>\n<br \/><a href=\"https:\/\/brtk.net\/cumhurbaskani-tatar-ile-turkiye-cumhurbaskani-erdogan-birbirlerinin-yeni-yilini-kutladi-2\/\">Kaynak BRT <\/a><\/p>\n","protected":false},"excerpt":{"rendered":"<p>Cumhurba\u015fkan\u0131 Ersin Tatar ile T\u00fcrkiye Cumhuriyeti Cumhurba\u015fkan\u0131 Recep Tayyip Erdo\u011fan telefon g\u00f6r\u00fc\u015fmesi ger\u00e7ekle\u015ftirerek birbirlerinin yeni y\u0131l\u0131n\u0131 kutlad\u0131. Cumhurba\u015fkan\u0131 Ersin Tatar, T\u00fcrkiye Cumhuriyeti Cumhurba\u015fkan\u0131 Recep Tayyip Erdo\u011fan\u2019\u0131n nezdinde, T\u00fcrk milletinin yeni y\u0131l\u0131n\u0131 kutlad\u0131 ve yeni y\u0131l\u0131n T\u00fcrk d\u00fcnyas\u0131na, huzur, mutluluk ve refah getirmesi temenni etti. T\u00fcrkiye Cumhurba\u015fkan\u0131 Erdo\u011fan, Cumhurba\u015fkan\u0131 Tatar nezdinde K\u0131br\u0131s T\u00fcrk halk\u0131na huzur ve [&hellip;]<\/p>\n","protected":false},"author":908,"featured_media":15507,"comment_status":"open","ping_status":"open","sticky":false,"template":"","format":"standard","meta":{"_jetpack_memberships_contains_paid_content":false,"footnotes":"","jetpack_publicize_message":"","jetpack_publicize_feature_enabled":true,"jetpack_social_post_already_shared":true,"jetpack_social_options":{"image_generator_settings":{"template":"highway","default_image_id":0,"font":"","enabled":false},"version":2}},"categories":[253],"tags":[],"class_list":["post-15506","post","type-post","status-publish","format-standard","has-post-thumbnail","hentry","category-gundem"],"jetpack_publicize_connections":[],"jetpack_featured_media_url":"https:\/\/kibrisayna.com\/wp-content\/uploads\/2024\/12\/1735661157564tatar-erdogan.jpg","jetpack_sharing_enabled":true,"_links":{"self":[{"href":"https:\/\/kibrisayna.com\/index.php\/wp-json\/wp\/v2\/posts\/15506","targetHints":{"allow":["GET"]}}],"collection":[{"href":"https:\/\/kibrisayna.com\/index.php\/wp-json\/wp\/v2\/posts"}],"about":[{"href":"https:\/\/kibrisayna.com\/index.php\/wp-json\/wp\/v2\/types\/post"}],"author":[{"embeddable":true,"href":"https:\/\/kibrisayna.com\/index.php\/wp-json\/wp\/v2\/users\/908"}],"replies":[{"embeddable":true,"href":"https:\/\/kibrisayna.com\/index.php\/wp-json\/wp\/v2\/comments?post=15506"}],"version-history":[{"count":0,"href":"https:\/\/kibrisayna.com\/index.php\/wp-json\/wp\/v2\/posts\/15506\/revisions"}],"wp:featuredmedia":[{"embeddable":true,"href":"https:\/\/kibrisayna.com\/index.php\/wp-json\/wp\/v2\/media\/15507"}],"wp:attachment":[{"href":"https:\/\/kibrisayna.com\/index.php\/wp-json\/wp\/v2\/media?parent=15506"}],"wp:term":[{"taxonomy":"category","embeddable":true,"href":"https:\/\/kibrisayna.com\/index.php\/wp-json\/wp\/v2\/categories?post=15506"},{"taxonomy":"post_tag","embeddable":true,"href":"https:\/\/kibrisayna.com\/index.php\/wp-json\/wp\/v2\/tags?post=15506"}],"curies":[{"name":"wp","href":"https:\/\/api.w.org\/{rel}","templated":true}]}}