{"id":15484,"date":"2024-12-31T15:11:48","date_gmt":"2024-12-31T12:11:48","guid":{"rendered":"https:\/\/kibrisayna.com\/index.php\/2024\/12\/31\/lefkosa-ilce-emniyet-kurulu-toplandi-brtk\/"},"modified":"2024-12-31T15:11:48","modified_gmt":"2024-12-31T12:11:48","slug":"lefkosa-ilce-emniyet-kurulu-toplandi-brtk","status":"publish","type":"post","link":"https:\/\/kibrisayna.com\/index.php\/2024\/12\/31\/lefkosa-ilce-emniyet-kurulu-toplandi-brtk\/","title":{"rendered":"Lefko\u015fa \u0130l\u00e7e Emniyet Kurulu topland\u0131 \u2013 BRTK"},"content":{"rendered":"<p> <br \/>\n<\/p>\n<div>\n<div class=\"mariselle-image-container center\">\n                <img loading=\"lazy\" decoding=\"async\" width=\"880\" height=\"440\" class=\"lazy-image\" alt=\"\" sizes=\"auto, (max-width: 880px) 100vw, 880px\" src=\"https:\/\/brtk.net\/wp-content\/uploads\/2024\/12\/31\/1735640633749113878.jpg?ver=52e30eb14a08c69b4297e85f185cb229\" srcset=\"https:\/\/brtk.net\/wp-content\/uploads\/2024\/12\/31\/1735640633749113878.jpg?ver=52e30eb14a08c69b4297e85f185cb229 880w, https:\/\/brtk.net\/wp-content\/uploads\/2024\/12\/31\/1735640633749113878-300x150.jpg?ver=c78740282cf3346409b4ae74ee077606 300w, https:\/\/brtk.net\/wp-content\/uploads\/2024\/12\/31\/1735640633749113878-768x384.jpg?ver=c78740282cf3346409b4ae74ee077606 768w, https:\/\/brtk.net\/wp-content\/uploads\/2024\/12\/31\/1735640633749113878-720x360.jpg?ver=c78740282cf3346409b4ae74ee077606 720w\"\/>                            <\/div>\n<p>Lefko\u015fa \u0130l\u00e7e Emniyet Kurulu toplanarak, yeni y\u0131l kutlamalar\u0131 s\u00fcresince al\u0131nacak tedbirleri g\u00f6r\u00fc\u015ft\u00fc.<\/p>\n<p>Lefko\u015fa Kaymakaml\u0131\u011f\u0131\u2019ndan yap\u0131lan a\u00e7\u0131klamada, Lefko\u015fa s\u0131n\u0131rlar\u0131ndaki belediyelere ait zab\u0131ta ekiplerinin haz\u0131r oldu\u011fu, t\u00fcm birimlerde n\u00f6bet\u00e7i olacak \u015fekilde haz\u0131rl\u0131k yap\u0131ld\u0131\u011f\u0131 kaydedildi.<\/p>\n<p>Acil durumlarda belediyelere ula\u015f\u0131lacak telefon numaralar\u0131 \u015fu \u015fekilde payla\u015f\u0131ld\u0131:<\/p>\n<p>\u201cLefko\u015fa T\u00fcrk Belediyesi ula\u015f\u0131m no: 185<br \/>G\u00f6nyeli-Alayk\u00f6y Belediyesi ula\u015f\u0131m no:186\/05338203448 \/05338523894<br \/>De\u011firmenlik-Ak\u0131nc\u0131lar Belediyesi ula\u015f\u0131m no: 1828\/03922323633\/ Whatsapp hatt\u0131:05428552222\u201d<\/p>\n<p>A\u00e7\u0131klamada,  Lefko\u015fa Polis M\u00fcd\u00fcrl\u00fc\u011f\u00fc taraf\u0131ndan al\u0131nan tedbirlere de i\u015faret edilerek, \u015fehir i\u00e7erisinde, yollarda ve alkoll\u00fc i\u00e7ki sat\u0131lan mekanlar i\u00e7in gerekli tedbirlerin al\u0131nd\u0131\u011f\u0131 ve takviye ekiplerinin haz\u0131r oldu\u011fu kaydedildi.<\/p>\n<p>Lefko\u015fa Polis M\u00fcd\u00fcrl\u00fc\u011f\u00fc ve Sivil Savunma Te\u015fkilat\u0131 Lefko\u015fa B\u00f6lge M\u00fcd\u00fcrl\u00fc\u011f\u00fc\u2019ne ula\u015f\u0131labilecek numaralar \u015f\u00f6yle:<\/p>\n<p>\u201cLefko\u015fa Polis M\u00fcd\u00fcrl\u00fc\u011f\u00fc ula\u015f\u0131m no: 155\/03922283311\/03922283411<br \/>Sivil Savunma Te\u015fkilat\u0131 Lefko\u015fa B\u00f6lge M\u00fcd\u00fcrl\u00fc\u011f\u00fc no: 101\u201d<\/p>\n<\/p><\/div>\n<p><script async\n                    defer\n                    crossorigin=\"anonymous\"\n                    src=\"https:\/\/connect.facebook.net\/tr_TR\/sdk.js#xfbml=1&#038;version=v3.3\"\n            ><\/script><br \/>\n<br \/><br \/>\n<br \/><a href=\"https:\/\/brtk.net\/lefkosa-ilce-emniyet-kurulu-toplandi\/\">Kaynak BRT <\/a><\/p>\n","protected":false},"excerpt":{"rendered":"<p>Lefko\u015fa \u0130l\u00e7e Emniyet Kurulu toplanarak, yeni y\u0131l kutlamalar\u0131 s\u00fcresince al\u0131nacak tedbirleri g\u00f6r\u00fc\u015ft\u00fc. Lefko\u015fa Kaymakaml\u0131\u011f\u0131\u2019ndan yap\u0131lan a\u00e7\u0131klamada, Lefko\u015fa s\u0131n\u0131rlar\u0131ndaki belediyelere ait zab\u0131ta ekiplerinin haz\u0131r oldu\u011fu, t\u00fcm birimlerde n\u00f6bet\u00e7i olacak \u015fekilde haz\u0131rl\u0131k yap\u0131ld\u0131\u011f\u0131 kaydedildi. Acil durumlarda belediyelere ula\u015f\u0131lacak telefon numaralar\u0131 \u015fu \u015fekilde payla\u015f\u0131ld\u0131: \u201cLefko\u015fa T\u00fcrk Belediyesi ula\u015f\u0131m no: 185G\u00f6nyeli-Alayk\u00f6y Belediyesi ula\u015f\u0131m no:186\/05338203448 \/05338523894De\u011firmenlik-Ak\u0131nc\u0131lar Belediyesi ula\u015f\u0131m no: 1828\/03922323633\/ [&hellip;]<\/p>\n","protected":false},"author":908,"featured_media":15485,"comment_status":"open","ping_status":"open","sticky":false,"template":"","format":"standard","meta":{"_jetpack_memberships_contains_paid_content":false,"footnotes":"","jetpack_publicize_message":"","jetpack_publicize_feature_enabled":true,"jetpack_social_post_already_shared":true,"jetpack_social_options":{"image_generator_settings":{"template":"highway","default_image_id":0,"font":"","enabled":false},"version":2}},"categories":[253],"tags":[],"class_list":["post-15484","post","type-post","status-publish","format-standard","has-post-thumbnail","hentry","category-gundem"],"jetpack_publicize_connections":[],"jetpack_featured_media_url":"https:\/\/kibrisayna.com\/wp-content\/uploads\/2024\/12\/1735640633749113878.jpg","jetpack_sharing_enabled":true,"_links":{"self":[{"href":"https:\/\/kibrisayna.com\/index.php\/wp-json\/wp\/v2\/posts\/15484","targetHints":{"allow":["GET"]}}],"collection":[{"href":"https:\/\/kibrisayna.com\/index.php\/wp-json\/wp\/v2\/posts"}],"about":[{"href":"https:\/\/kibrisayna.com\/index.php\/wp-json\/wp\/v2\/types\/post"}],"author":[{"embeddable":true,"href":"https:\/\/kibrisayna.com\/index.php\/wp-json\/wp\/v2\/users\/908"}],"replies":[{"embeddable":true,"href":"https:\/\/kibrisayna.com\/index.php\/wp-json\/wp\/v2\/comments?post=15484"}],"version-history":[{"count":0,"href":"https:\/\/kibrisayna.com\/index.php\/wp-json\/wp\/v2\/posts\/15484\/revisions"}],"wp:featuredmedia":[{"embeddable":true,"href":"https:\/\/kibrisayna.com\/index.php\/wp-json\/wp\/v2\/media\/15485"}],"wp:attachment":[{"href":"https:\/\/kibrisayna.com\/index.php\/wp-json\/wp\/v2\/media?parent=15484"}],"wp:term":[{"taxonomy":"category","embeddable":true,"href":"https:\/\/kibrisayna.com\/index.php\/wp-json\/wp\/v2\/categories?post=15484"},{"taxonomy":"post_tag","embeddable":true,"href":"https:\/\/kibrisayna.com\/index.php\/wp-json\/wp\/v2\/tags?post=15484"}],"curies":[{"name":"wp","href":"https:\/\/api.w.org\/{rel}","templated":true}]}}