{"id":15478,"date":"2024-12-31T15:05:37","date_gmt":"2024-12-31T12:05:37","guid":{"rendered":"https:\/\/kibrisayna.com\/index.php\/2024\/12\/31\/guvercinlik-mormenekse-ve-korkutelide-altyapi-calismalari-icin-ilgili-mukavele-imzalandi-brtk\/"},"modified":"2024-12-31T15:05:37","modified_gmt":"2024-12-31T12:05:37","slug":"guvercinlik-mormenekse-ve-korkutelide-altyapi-calismalari-icin-ilgili-mukavele-imzalandi-brtk","status":"publish","type":"post","link":"https:\/\/kibrisayna.com\/index.php\/2024\/12\/31\/guvercinlik-mormenekse-ve-korkutelide-altyapi-calismalari-icin-ilgili-mukavele-imzalandi-brtk\/","title":{"rendered":"G\u00fcvercinlik, Mormenek\u015fe ve Korkuteli\u2019de altyap\u0131 \u00e7al\u0131\u015fmalar\u0131 i\u00e7in ilgili mukavele imzaland\u0131 \u2013 BRTK"},"content":{"rendered":"<p> <br \/>\n<\/p>\n<div>\n<div class=\"mariselle-image-container center\">\n                <img loading=\"lazy\" decoding=\"async\" width=\"500\" height=\"261\" class=\"lazy-image\" alt=\"\" sizes=\"auto, (max-width: 500px) 100vw, 500px\" src=\"https:\/\/brtk.net\/wp-content\/uploads\/2024\/12\/31\/5186967899874706831.jpg?ver=72ffb4522cf8e941f19e650e86e4df27\" srcset=\"https:\/\/brtk.net\/wp-content\/uploads\/2024\/12\/31\/5186967899874706831.jpg?ver=72ffb4522cf8e941f19e650e86e4df27 500w, https:\/\/brtk.net\/wp-content\/uploads\/2024\/12\/31\/5186967899874706831-300x157.jpg?ver=d634e8b384cc36d3a0c4685ae0ff0078 300w\"\/>                            <\/div>\n<p>\u0130\u00e7i\u015fleri Bakanl\u0131\u011f\u0131, altyap\u0131 \u00e7al\u0131\u015fmalar\u0131na ili\u015fkin a\u00e7\u0131klama yapt\u0131.<\/p>\n<p>Bakanl\u0131k bas\u0131n b\u00fcrosundan yap\u0131lan a\u00e7\u0131klamaya g\u00f6re; G\u00fcvercinlik, Mormenek\u015fe ve Korkuteli k\u00f6ylerindeki toplam 130 arsaya y\u00f6nelik yol altyap\u0131 projeleri i\u00e7in ilgili mukavele 30 Aral\u0131k 2024 itibar\u0131yla imzaland\u0131.<\/p>\n<p>Mormenek\u015fe k\u00f6y\u00fcne 53 arsa i\u00e7in stabilize yol ve asfalt \u00e7al\u0131\u015fmalar\u0131 yap\u0131lacak.  Korkuteli k\u00f6y\u00fcne 44 arsa i\u00e7in stabilize yol altyap\u0131s\u0131 sa\u011flanacak.<br \/>G\u00fcvercinlik k\u00f6y\u00fcne ise 33 arsa i\u00e7in asfalt \u00e7al\u0131\u015fmalar\u0131 ger\u00e7ekle\u015ftirilecek.<\/p>\n<p>Toplamda 130 arsay\u0131 kapsayan projede G\u00fcvercinlik ve Mormenek\u015fe k\u00f6ylerinden 86 arsan\u0131n stabilize yol ve asfalt, Korkuteli k\u00f6y\u00fcnden 44 arsan\u0131n stabilize yol altyap\u0131 yap\u0131m i\u015flerinin s\u00f6zle\u015fmeleri tamamland\u0131.<\/p>\n<p>A\u00e7\u0131klamada, projenin ihale s\u00fcresinin 90 i\u015f g\u00fcn\u00fc olarak belirlenmesiyle, yol ve altyap\u0131 \u00e7al\u0131\u015fmalar\u0131n\u0131n 30 Nisan 2025\u2019e kadar tamamlanmas\u0131 hedeflendi\u011fi belirtildi.<\/p>\n<\/p><\/div>\n<p><script async\n                    defer\n                    crossorigin=\"anonymous\"\n                    src=\"https:\/\/connect.facebook.net\/tr_TR\/sdk.js#xfbml=1&#038;version=v3.3\"\n            ><\/script><br \/>\n<br \/><br \/>\n<br \/><a href=\"https:\/\/brtk.net\/guvercinlik-mormenekse-ve-korkutelide-altyapi-calismalari-icin-ilgili-mukavele-imzalandi\/\">Kaynak BRT <\/a><\/p>\n","protected":false},"excerpt":{"rendered":"<p>\u0130\u00e7i\u015fleri Bakanl\u0131\u011f\u0131, altyap\u0131 \u00e7al\u0131\u015fmalar\u0131na ili\u015fkin a\u00e7\u0131klama yapt\u0131. Bakanl\u0131k bas\u0131n b\u00fcrosundan yap\u0131lan a\u00e7\u0131klamaya g\u00f6re; G\u00fcvercinlik, Mormenek\u015fe ve Korkuteli k\u00f6ylerindeki toplam 130 arsaya y\u00f6nelik yol altyap\u0131 projeleri i\u00e7in ilgili mukavele 30 Aral\u0131k 2024 itibar\u0131yla imzaland\u0131. Mormenek\u015fe k\u00f6y\u00fcne 53 arsa i\u00e7in stabilize yol ve asfalt \u00e7al\u0131\u015fmalar\u0131 yap\u0131lacak. Korkuteli k\u00f6y\u00fcne 44 arsa i\u00e7in stabilize yol altyap\u0131s\u0131 sa\u011flanacak.G\u00fcvercinlik k\u00f6y\u00fcne ise [&hellip;]<\/p>\n","protected":false},"author":908,"featured_media":15479,"comment_status":"open","ping_status":"open","sticky":false,"template":"","format":"standard","meta":{"_jetpack_memberships_contains_paid_content":false,"footnotes":"","jetpack_publicize_message":"","jetpack_publicize_feature_enabled":true,"jetpack_social_post_already_shared":true,"jetpack_social_options":{"image_generator_settings":{"template":"highway","default_image_id":0,"font":"","enabled":false},"version":2}},"categories":[253],"tags":[],"class_list":["post-15478","post","type-post","status-publish","format-standard","has-post-thumbnail","hentry","category-gundem"],"jetpack_publicize_connections":[],"jetpack_featured_media_url":"https:\/\/kibrisayna.com\/wp-content\/uploads\/2024\/12\/5186967899874706831.jpg","jetpack_sharing_enabled":true,"_links":{"self":[{"href":"https:\/\/kibrisayna.com\/index.php\/wp-json\/wp\/v2\/posts\/15478","targetHints":{"allow":["GET"]}}],"collection":[{"href":"https:\/\/kibrisayna.com\/index.php\/wp-json\/wp\/v2\/posts"}],"about":[{"href":"https:\/\/kibrisayna.com\/index.php\/wp-json\/wp\/v2\/types\/post"}],"author":[{"embeddable":true,"href":"https:\/\/kibrisayna.com\/index.php\/wp-json\/wp\/v2\/users\/908"}],"replies":[{"embeddable":true,"href":"https:\/\/kibrisayna.com\/index.php\/wp-json\/wp\/v2\/comments?post=15478"}],"version-history":[{"count":0,"href":"https:\/\/kibrisayna.com\/index.php\/wp-json\/wp\/v2\/posts\/15478\/revisions"}],"wp:featuredmedia":[{"embeddable":true,"href":"https:\/\/kibrisayna.com\/index.php\/wp-json\/wp\/v2\/media\/15479"}],"wp:attachment":[{"href":"https:\/\/kibrisayna.com\/index.php\/wp-json\/wp\/v2\/media?parent=15478"}],"wp:term":[{"taxonomy":"category","embeddable":true,"href":"https:\/\/kibrisayna.com\/index.php\/wp-json\/wp\/v2\/categories?post=15478"},{"taxonomy":"post_tag","embeddable":true,"href":"https:\/\/kibrisayna.com\/index.php\/wp-json\/wp\/v2\/tags?post=15478"}],"curies":[{"name":"wp","href":"https:\/\/api.w.org\/{rel}","templated":true}]}}