{"id":15451,"date":"2024-12-31T12:34:40","date_gmt":"2024-12-31T09:34:40","guid":{"rendered":"https:\/\/kibrisayna.com\/index.php\/2024\/12\/31\/genclerimizi-egitelim-kktcyi-guclendirelim-brtk\/"},"modified":"2024-12-31T12:34:40","modified_gmt":"2024-12-31T09:34:40","slug":"genclerimizi-egitelim-kktcyi-guclendirelim-brtk","status":"publish","type":"post","link":"https:\/\/kibrisayna.com\/index.php\/2024\/12\/31\/genclerimizi-egitelim-kktcyi-guclendirelim-brtk\/","title":{"rendered":"\u201cGen\u00e7lerimizi e\u011fitelim KKTC\u2019yi g\u00fc\u00e7lendirelim\u201d \u2013 BRTK"},"content":{"rendered":"<p> <br \/>\n<\/p>\n<div>\n<div class=\"mariselle-image-container center\">\n                <img loading=\"lazy\" decoding=\"async\" width=\"1600\" height=\"1066\" class=\"lazy-image\" alt=\"\" sizes=\"auto, (max-width: 1600px) 100vw, 1600px\" src=\"https:\/\/brtk.net\/wp-content\/uploads\/2024\/12\/31\/1735629224663hasan-kucuk.jpeg?ver=753bb58bb94f46552a3847af7556ad53\" srcset=\"https:\/\/brtk.net\/wp-content\/uploads\/2024\/12\/31\/1735629224663hasan-kucuk.jpeg?ver=753bb58bb94f46552a3847af7556ad53 1600w, https:\/\/brtk.net\/wp-content\/uploads\/2024\/12\/31\/1735629224663hasan-kucuk-300x200.jpeg?ver=6a547ad3078d3f8246ecca9587f8766d 300w, https:\/\/brtk.net\/wp-content\/uploads\/2024\/12\/31\/1735629224663hasan-kucuk-1024x682.jpeg?ver=6a547ad3078d3f8246ecca9587f8766d 1024w, https:\/\/brtk.net\/wp-content\/uploads\/2024\/12\/31\/1735629224663hasan-kucuk-768x512.jpeg?ver=6a547ad3078d3f8246ecca9587f8766d 768w, https:\/\/brtk.net\/wp-content\/uploads\/2024\/12\/31\/1735629224663hasan-kucuk-1536x1023.jpeg?ver=4a4ba571c0f3c7fe0fbc1542283334ed 1536w\"\/>                            <\/div>\n<p>Ulusal Birlik Partisi (UBP) Girne Milletvekili  Hasan K\u00fc\u00e7\u00fck, gen\u00e7leri e\u011fitmenin ve Kuzey K\u0131br\u0131s T\u00fcrk Cumhuriyeti\u2019ni g\u00fc\u00e7lendirmenin \u00f6nemine vurgu yapt\u0131. <\/p>\n<p>K\u00fc\u00e7\u00fck yeni y\u0131l dolay\u0131s\u0131yla yay\u0131mlad\u0131\u011f\u0131 mesaj\u0131nda, e\u011fitimin, \u00fclkenin her alanda toplumsal kalk\u0131nman\u0131n temel ta\u015f\u0131 oldu\u011funu kaydetti. <\/p>\n<p>K\u00fc\u00e7\u00fck, \u201cgelecek nesillerin daha g\u00fc\u00e7l\u00fc, donan\u0131ml\u0131 ve \u00f6zg\u00fcvenli bireyler olarak yeti\u015fmesi i\u00e7in e\u011fitimi siyasetin \u00fczerinde bir \u00f6ncelik olarak g\u00f6rmeliyiz. Kuzey K\u0131br\u0131s T\u00fcrk Cumhuriyeti\u2019nin e\u011fitim sistemini uluslararas\u0131 standartlara ta\u015f\u0131yacak reformlar\u0131n 2025 y\u0131l\u0131ndan itibaren hayata ge\u00e7irilmesi \u00f6ncelik olmal\u0131d\u0131r.\u201d dedi. <\/p>\n<p>Ekonomi ve e\u011fitim alan\u0131nda daha b\u00fcy\u00fck ad\u0131mlar at\u0131laca\u011f\u0131n\u0131 belirten K\u00fc\u00e7\u00fck, halk\u0131n refah\u0131n\u0131 art\u0131rmak ve ekonomik s\u0131k\u0131nt\u0131lar\u0131 hafifletmek i\u00e7in \u00e7al\u0131\u015facaklar\u0131n\u0131 vurgulayarak, \u201c2025 y\u0131l\u0131, halk\u0131m\u0131z\u0131n refah\u0131n\u0131 art\u0131racak projelerin hayata ge\u00e7irilece\u011fi ve ekonomik s\u0131k\u0131nt\u0131lar\u0131n hafifleyece\u011fi bir y\u0131l olacak. Hep birlikte daha g\u00fczel g\u00fcnlere ula\u015fmak i\u00e7in \u00e7al\u0131\u015fmaya devam edece\u011fiz.\u201d ifadelerini kulland\u0131. <\/p>\n<p>K\u00fc\u00e7\u00fck, 2025 y\u0131l\u0131n\u0131n huzur, sa\u011fl\u0131k, mutluluk ve d\u00fcnyada sava\u015flar\u0131n bitece\u011fi, \u00e7ocuklar\u0131n \u00fcz\u00fclmeyece\u011fi bir y\u0131l olmas\u0131n\u0131 diledi.<\/p>\n<\/p><\/div>\n<p><script async\n                    defer\n                    crossorigin=\"anonymous\"\n                    src=\"https:\/\/connect.facebook.net\/tr_TR\/sdk.js#xfbml=1&#038;version=v3.3\"\n            ><\/script><br \/>\n<br \/><br \/>\n<br \/><a href=\"https:\/\/brtk.net\/ubp-milletvekili-kucuk-genclerimizi-egitelim-kktcyi-guclendirelim\/\">Kaynak BRT <\/a><\/p>\n","protected":false},"excerpt":{"rendered":"<p>Ulusal Birlik Partisi (UBP) Girne Milletvekili Hasan K\u00fc\u00e7\u00fck, gen\u00e7leri e\u011fitmenin ve Kuzey K\u0131br\u0131s T\u00fcrk Cumhuriyeti\u2019ni g\u00fc\u00e7lendirmenin \u00f6nemine vurgu yapt\u0131. K\u00fc\u00e7\u00fck yeni y\u0131l dolay\u0131s\u0131yla yay\u0131mlad\u0131\u011f\u0131 mesaj\u0131nda, e\u011fitimin, \u00fclkenin her alanda toplumsal kalk\u0131nman\u0131n temel ta\u015f\u0131 oldu\u011funu kaydetti. K\u00fc\u00e7\u00fck, \u201cgelecek nesillerin daha g\u00fc\u00e7l\u00fc, donan\u0131ml\u0131 ve \u00f6zg\u00fcvenli bireyler olarak yeti\u015fmesi i\u00e7in e\u011fitimi siyasetin \u00fczerinde bir \u00f6ncelik olarak g\u00f6rmeliyiz. Kuzey [&hellip;]<\/p>\n","protected":false},"author":908,"featured_media":15452,"comment_status":"open","ping_status":"open","sticky":false,"template":"","format":"standard","meta":{"_jetpack_memberships_contains_paid_content":false,"footnotes":"","jetpack_publicize_message":"","jetpack_publicize_feature_enabled":true,"jetpack_social_post_already_shared":true,"jetpack_social_options":{"image_generator_settings":{"template":"highway","default_image_id":0,"font":"","enabled":false},"version":2}},"categories":[253],"tags":[],"class_list":["post-15451","post","type-post","status-publish","format-standard","has-post-thumbnail","hentry","category-gundem"],"jetpack_publicize_connections":[],"jetpack_featured_media_url":"https:\/\/kibrisayna.com\/wp-content\/uploads\/2024\/12\/1735629224663hasan-kucuk.jpeg","jetpack_sharing_enabled":true,"_links":{"self":[{"href":"https:\/\/kibrisayna.com\/index.php\/wp-json\/wp\/v2\/posts\/15451","targetHints":{"allow":["GET"]}}],"collection":[{"href":"https:\/\/kibrisayna.com\/index.php\/wp-json\/wp\/v2\/posts"}],"about":[{"href":"https:\/\/kibrisayna.com\/index.php\/wp-json\/wp\/v2\/types\/post"}],"author":[{"embeddable":true,"href":"https:\/\/kibrisayna.com\/index.php\/wp-json\/wp\/v2\/users\/908"}],"replies":[{"embeddable":true,"href":"https:\/\/kibrisayna.com\/index.php\/wp-json\/wp\/v2\/comments?post=15451"}],"version-history":[{"count":0,"href":"https:\/\/kibrisayna.com\/index.php\/wp-json\/wp\/v2\/posts\/15451\/revisions"}],"wp:featuredmedia":[{"embeddable":true,"href":"https:\/\/kibrisayna.com\/index.php\/wp-json\/wp\/v2\/media\/15452"}],"wp:attachment":[{"href":"https:\/\/kibrisayna.com\/index.php\/wp-json\/wp\/v2\/media?parent=15451"}],"wp:term":[{"taxonomy":"category","embeddable":true,"href":"https:\/\/kibrisayna.com\/index.php\/wp-json\/wp\/v2\/categories?post=15451"},{"taxonomy":"post_tag","embeddable":true,"href":"https:\/\/kibrisayna.com\/index.php\/wp-json\/wp\/v2\/tags?post=15451"}],"curies":[{"name":"wp","href":"https:\/\/api.w.org\/{rel}","templated":true}]}}