{"id":15441,"date":"2024-12-31T12:19:34","date_gmt":"2024-12-31T09:19:34","guid":{"rendered":"https:\/\/kibrisayna.com\/index.php\/2024\/12\/31\/erhurman-akdogan-dugun-salonu-ve-cocuk-parki-acilisina-katildi-brtk\/"},"modified":"2024-12-31T12:19:34","modified_gmt":"2024-12-31T09:19:34","slug":"erhurman-akdogan-dugun-salonu-ve-cocuk-parki-acilisina-katildi-brtk","status":"publish","type":"post","link":"https:\/\/kibrisayna.com\/index.php\/2024\/12\/31\/erhurman-akdogan-dugun-salonu-ve-cocuk-parki-acilisina-katildi-brtk\/","title":{"rendered":"Erh\u00fcrman, Akdo\u011fan D\u00fc\u011f\u00fcn Salonu ve \u00c7ocuk Park\u0131 a\u00e7\u0131l\u0131\u015f\u0131na kat\u0131ld\u0131 \u2013 BRTK"},"content":{"rendered":"<p> <br \/>\n<\/p>\n<div>\n<div class=\"mariselle-image-container center\">\n                <img loading=\"lazy\" decoding=\"async\" width=\"1600\" height=\"1066\" class=\"lazy-image\" alt=\"\" sizes=\"auto, (max-width: 1600px) 100vw, 1600px\" src=\"https:\/\/brtk.net\/wp-content\/uploads\/2024\/12\/31\/1735633202869Mesarya-Tufan-Erhurman-3.jpg?ver=afadfe49bc3e74f484c48ee79b66dbd2\" srcset=\"https:\/\/brtk.net\/wp-content\/uploads\/2024\/12\/31\/1735633202869Mesarya-Tufan-Erhurman-3.jpg?ver=afadfe49bc3e74f484c48ee79b66dbd2 1600w, https:\/\/brtk.net\/wp-content\/uploads\/2024\/12\/31\/1735633202869Mesarya-Tufan-Erhurman-3-300x200.jpg?ver=afadfe49bc3e74f484c48ee79b66dbd2 300w, https:\/\/brtk.net\/wp-content\/uploads\/2024\/12\/31\/1735633202869Mesarya-Tufan-Erhurman-3-1024x682.jpg?ver=4230b7f71277f1bda31bd781a467f5a3 1024w, https:\/\/brtk.net\/wp-content\/uploads\/2024\/12\/31\/1735633202869Mesarya-Tufan-Erhurman-3-768x512.jpg?ver=4230b7f71277f1bda31bd781a467f5a3 768w, https:\/\/brtk.net\/wp-content\/uploads\/2024\/12\/31\/1735633202869Mesarya-Tufan-Erhurman-3-1536x1023.jpg?ver=4d7d4a4c40359b09da5fce803b8e720d 1536w\"\/>                            <\/div>\n<p>Cumhuriyet\u00e7i T\u00fcrk Partisi (CTP) Genel Ba\u015fkan\u0131 Tufan Erh\u00fcrman, Akdo\u011fan D\u00fc\u011f\u00fcn Salonu ve \u00c7ocuk Park\u0131 a\u00e7\u0131l\u0131\u015f\u0131na kat\u0131ld\u0131.<\/p>\n<p>CTP\u2019den yap\u0131lan a\u00e7\u0131klamaya g\u00f6re a\u00e7\u0131l\u0131\u015f t\u00f6renine, Mesarya Belediye Ba\u015fkan\u0131 Ahmet Latif\u2019in yan\u0131 s\u0131ra baz\u0131 CTP\u2019li milletvekilleri ve belediye ba\u015fkanlar\u0131 da kat\u0131ld\u0131.<\/p>\n<p>CTP Genel Ba\u015fkan\u0131 Tufan Erh\u00fcrman a\u00e7\u0131l\u0131\u015fta yapt\u0131\u011f\u0131 konu\u015fmada, CTP\u2019li belediyelerin yapt\u0131\u011f\u0131 i\u015flere i\u015faret ederek, Akdo\u011fan\u2019a yeni d\u00fc\u011f\u00fcn salonu ile \u00e7ocuk park\u0131n\u0131n hay\u0131rl\u0131 olmas\u0131n\u0131 diledi.<\/p>\n<p>Mesarya Belediyesi \u00e7al\u0131\u015fanlar\u0131n\u0131 ve Ba\u015fkan Ahmet Latif\u2019i ba\u015far\u0131l\u0131 i\u015flerinden dolay\u0131 kutlayan Erh\u00fcrman, herkese mutlu y\u0131llar diledi.<\/p>\n<p>Mesarya Belediye Ba\u015fkan\u0131 Ahmet Latif ise konu\u015fmas\u0131nda, \u201cBeldemizin tarihinde \u00f6nemli bir yer tutan bu park\u0131n ge\u00e7mi\u015fine sayg\u0131 g\u00f6stererek, modern halini hep birlikte kutlamak i\u00e7in topland\u0131k\u201d dedi.<\/p>\n<p>Geli\u015ftirdikleri projeyle bug\u00fcnk\u00fc modern halini alan park\u0131n, bir ya\u015fam alan\u0131 ve d\u00fc\u011f\u00fcn salonu olarak ge\u00e7mi\u015fin de\u011ferlerini koruyarak, gelece\u011fin ihtiya\u00e7lar\u0131na da cevap verebilecek bir hale geldi\u011finin kaydeden Latif, \u201cArt\u0131k bu alan, yaln\u0131zca bir park de\u011fil; her ya\u015ftan vatanda\u015f\u0131m\u0131z\u0131n keyifle vakit ge\u00e7irebilece\u011fi, mutluluklar\u0131n\u0131 payla\u015fabilece\u011fi bir merkez haline gelmi\u015ftir\u201d diye konu\u015ftu.<\/p>\n<p>A\u00e7\u0131l\u0131\u015f\u0131n ard\u0131ndan geceye konserle devam edildi.<\/p>\n<\/p><\/div>\n<p><script async\n                    defer\n                    crossorigin=\"anonymous\"\n                    src=\"https:\/\/connect.facebook.net\/tr_TR\/sdk.js#xfbml=1&#038;version=v3.3\"\n            ><\/script><br \/>\n<br \/><br \/>\n<br \/><a href=\"https:\/\/brtk.net\/erhurman-akdogan-dugun-salonu-ve-cocuk-parki-acilisina-katildi\/\">Kaynak BRT <\/a><\/p>\n","protected":false},"excerpt":{"rendered":"<p>Cumhuriyet\u00e7i T\u00fcrk Partisi (CTP) Genel Ba\u015fkan\u0131 Tufan Erh\u00fcrman, Akdo\u011fan D\u00fc\u011f\u00fcn Salonu ve \u00c7ocuk Park\u0131 a\u00e7\u0131l\u0131\u015f\u0131na kat\u0131ld\u0131. CTP\u2019den yap\u0131lan a\u00e7\u0131klamaya g\u00f6re a\u00e7\u0131l\u0131\u015f t\u00f6renine, Mesarya Belediye Ba\u015fkan\u0131 Ahmet Latif\u2019in yan\u0131 s\u0131ra baz\u0131 CTP\u2019li milletvekilleri ve belediye ba\u015fkanlar\u0131 da kat\u0131ld\u0131. CTP Genel Ba\u015fkan\u0131 Tufan Erh\u00fcrman a\u00e7\u0131l\u0131\u015fta yapt\u0131\u011f\u0131 konu\u015fmada, CTP\u2019li belediyelerin yapt\u0131\u011f\u0131 i\u015flere i\u015faret ederek, Akdo\u011fan\u2019a yeni d\u00fc\u011f\u00fcn salonu [&hellip;]<\/p>\n","protected":false},"author":908,"featured_media":15442,"comment_status":"open","ping_status":"open","sticky":false,"template":"","format":"standard","meta":{"_jetpack_memberships_contains_paid_content":false,"footnotes":"","jetpack_publicize_message":"","jetpack_publicize_feature_enabled":true,"jetpack_social_post_already_shared":true,"jetpack_social_options":{"image_generator_settings":{"template":"highway","default_image_id":0,"font":"","enabled":false},"version":2}},"categories":[253],"tags":[],"class_list":["post-15441","post","type-post","status-publish","format-standard","has-post-thumbnail","hentry","category-gundem"],"jetpack_publicize_connections":[],"jetpack_featured_media_url":"https:\/\/kibrisayna.com\/wp-content\/uploads\/2024\/12\/1735633202869Mesarya-Tufan-Erhurman-3.jpg","jetpack_sharing_enabled":true,"_links":{"self":[{"href":"https:\/\/kibrisayna.com\/index.php\/wp-json\/wp\/v2\/posts\/15441","targetHints":{"allow":["GET"]}}],"collection":[{"href":"https:\/\/kibrisayna.com\/index.php\/wp-json\/wp\/v2\/posts"}],"about":[{"href":"https:\/\/kibrisayna.com\/index.php\/wp-json\/wp\/v2\/types\/post"}],"author":[{"embeddable":true,"href":"https:\/\/kibrisayna.com\/index.php\/wp-json\/wp\/v2\/users\/908"}],"replies":[{"embeddable":true,"href":"https:\/\/kibrisayna.com\/index.php\/wp-json\/wp\/v2\/comments?post=15441"}],"version-history":[{"count":0,"href":"https:\/\/kibrisayna.com\/index.php\/wp-json\/wp\/v2\/posts\/15441\/revisions"}],"wp:featuredmedia":[{"embeddable":true,"href":"https:\/\/kibrisayna.com\/index.php\/wp-json\/wp\/v2\/media\/15442"}],"wp:attachment":[{"href":"https:\/\/kibrisayna.com\/index.php\/wp-json\/wp\/v2\/media?parent=15441"}],"wp:term":[{"taxonomy":"category","embeddable":true,"href":"https:\/\/kibrisayna.com\/index.php\/wp-json\/wp\/v2\/categories?post=15441"},{"taxonomy":"post_tag","embeddable":true,"href":"https:\/\/kibrisayna.com\/index.php\/wp-json\/wp\/v2\/tags?post=15441"}],"curies":[{"name":"wp","href":"https:\/\/api.w.org\/{rel}","templated":true}]}}