{"id":15439,"date":"2024-12-31T12:13:26","date_gmt":"2024-12-31T09:13:26","guid":{"rendered":"https:\/\/kibrisayna.com\/index.php\/2024\/12\/31\/ertugruloglundan-yeni-yil-mesaji-brtk\/"},"modified":"2024-12-31T12:13:26","modified_gmt":"2024-12-31T09:13:26","slug":"ertugruloglundan-yeni-yil-mesaji-brtk","status":"publish","type":"post","link":"https:\/\/kibrisayna.com\/index.php\/2024\/12\/31\/ertugruloglundan-yeni-yil-mesaji-brtk\/","title":{"rendered":"Ertu\u011frulo\u011flu\u2019ndan yeni y\u0131l mesaj\u0131 \u2013 BRTK"},"content":{"rendered":"<p> <br \/>\n<\/p>\n<div>\n<div class=\"mariselle-image-container center\">\n                <img loading=\"lazy\" decoding=\"async\" width=\"1284\" height=\"864\" class=\"lazy-image\" alt=\"\" sizes=\"auto, (max-width: 1284px) 100vw, 1284px\" src=\"https:\/\/brtk.net\/wp-content\/uploads\/2024\/12\/31\/17356333473001734767642157TAHSIN-ERTUGRULOGLU-DISISLERI.jpg?ver=dd312ba6d464f869c3d3ab3b2036c881\" srcset=\"https:\/\/brtk.net\/wp-content\/uploads\/2024\/12\/31\/17356333473001734767642157TAHSIN-ERTUGRULOGLU-DISISLERI.jpg?ver=dd312ba6d464f869c3d3ab3b2036c881 1284w, https:\/\/brtk.net\/wp-content\/uploads\/2024\/12\/31\/17356333473001734767642157TAHSIN-ERTUGRULOGLU-DISISLERI-300x202.jpg?ver=dd312ba6d464f869c3d3ab3b2036c881 300w, https:\/\/brtk.net\/wp-content\/uploads\/2024\/12\/31\/17356333473001734767642157TAHSIN-ERTUGRULOGLU-DISISLERI-1024x689.jpg?ver=4c06e625ab5ab809d1f8839826351c54 1024w, https:\/\/brtk.net\/wp-content\/uploads\/2024\/12\/31\/17356333473001734767642157TAHSIN-ERTUGRULOGLU-DISISLERI-768x517.jpg?ver=4c06e625ab5ab809d1f8839826351c54 768w\"\/>                            <\/div>\n<p>D\u0131\u015fi\u015fleri Bakan\u0131 Tahsin Ertu\u011frulo\u011flu, herkesin yeni y\u0131l\u0131n\u0131 kutlayarak, \u201cK\u0131br\u0131s T\u00fcrk halk\u0131na, devletimize, Anavatan T\u00fcrkiye ile birlikte T\u00fcrk D\u00fcnyas\u0131\u2019na ve t\u00fcm insanl\u0131\u011fa daha huzurlu, daha m\u00fcreffeh bir gelecek diliyorum.\u201d dedi.<\/p>\n<p>D\u0131\u015fi\u015fleri Bakanl\u0131\u011f\u0131ndan yap\u0131lan a\u00e7\u0131klamaya g\u00f6re, Ertu\u011frulo\u011flu, yeni y\u0131l mesaj\u0131nda \u015fu ifadeleri kulland\u0131:<\/p>\n<p>\u201cB\u00f6lgemizde ve d\u00fcnyada y\u00fcreklerimizi burkan olumsuzluklar\u0131n ya\u015fand\u0131\u011f\u0131 bir y\u0131l\u0131 geride b\u0131rak\u0131yoruz.<\/p>\n<p>Yeni y\u0131lda da hakl\u0131 davam\u0131zdan ald\u0131\u011f\u0131m\u0131z g\u00fc\u00e7 ve Anavatan T\u00fcrkiye ile g\u00fc\u00e7, hedef ve g\u00f6n\u00fcl birli\u011fi i\u00e7inde gelece\u011fe kararl\u0131 ve emin ad\u0131mlarla y\u00fcr\u00fcmeye devam edece\u011fiz.<\/p>\n<p>K\u0131br\u0131s T\u00fcrk Halk\u0131\u2019na, devletimize, Anavatan T\u00fcrkiye ile birlikte T\u00fcrk D\u00fcnyas\u0131\u2019na ve t\u00fcm insanl\u0131\u011fa daha huzurlu, daha m\u00fcreffeh bir gelecek diliyorum. Herkesin yeni y\u0131l\u0131n\u0131 kutluyorum.\u201d<\/p>\n<\/p><\/div>\n<p><script async\n                    defer\n                    crossorigin=\"anonymous\"\n                    src=\"https:\/\/connect.facebook.net\/tr_TR\/sdk.js#xfbml=1&#038;version=v3.3\"\n            ><\/script><br \/>\n<br \/><br \/>\n<br \/><a href=\"https:\/\/brtk.net\/ertugruloglundan-yeni-yil-mesaji\/\">Kaynak BRT <\/a><\/p>\n","protected":false},"excerpt":{"rendered":"<p>D\u0131\u015fi\u015fleri Bakan\u0131 Tahsin Ertu\u011frulo\u011flu, herkesin yeni y\u0131l\u0131n\u0131 kutlayarak, \u201cK\u0131br\u0131s T\u00fcrk halk\u0131na, devletimize, Anavatan T\u00fcrkiye ile birlikte T\u00fcrk D\u00fcnyas\u0131\u2019na ve t\u00fcm insanl\u0131\u011fa daha huzurlu, daha m\u00fcreffeh bir gelecek diliyorum.\u201d dedi. D\u0131\u015fi\u015fleri Bakanl\u0131\u011f\u0131ndan yap\u0131lan a\u00e7\u0131klamaya g\u00f6re, Ertu\u011frulo\u011flu, yeni y\u0131l mesaj\u0131nda \u015fu ifadeleri kulland\u0131: \u201cB\u00f6lgemizde ve d\u00fcnyada y\u00fcreklerimizi burkan olumsuzluklar\u0131n ya\u015fand\u0131\u011f\u0131 bir y\u0131l\u0131 geride b\u0131rak\u0131yoruz. Yeni y\u0131lda da [&hellip;]<\/p>\n","protected":false},"author":908,"featured_media":15440,"comment_status":"open","ping_status":"open","sticky":false,"template":"","format":"standard","meta":{"_jetpack_memberships_contains_paid_content":false,"footnotes":"","jetpack_publicize_message":"","jetpack_publicize_feature_enabled":true,"jetpack_social_post_already_shared":true,"jetpack_social_options":{"image_generator_settings":{"template":"highway","default_image_id":0,"font":"","enabled":false},"version":2}},"categories":[253],"tags":[],"class_list":["post-15439","post","type-post","status-publish","format-standard","has-post-thumbnail","hentry","category-gundem"],"jetpack_publicize_connections":[],"jetpack_featured_media_url":"https:\/\/kibrisayna.com\/wp-content\/uploads\/2024\/12\/17356333473001734767642157TAHSIN-ERTUGRULOGLU-DISISLERI.jpg","jetpack_sharing_enabled":true,"_links":{"self":[{"href":"https:\/\/kibrisayna.com\/index.php\/wp-json\/wp\/v2\/posts\/15439","targetHints":{"allow":["GET"]}}],"collection":[{"href":"https:\/\/kibrisayna.com\/index.php\/wp-json\/wp\/v2\/posts"}],"about":[{"href":"https:\/\/kibrisayna.com\/index.php\/wp-json\/wp\/v2\/types\/post"}],"author":[{"embeddable":true,"href":"https:\/\/kibrisayna.com\/index.php\/wp-json\/wp\/v2\/users\/908"}],"replies":[{"embeddable":true,"href":"https:\/\/kibrisayna.com\/index.php\/wp-json\/wp\/v2\/comments?post=15439"}],"version-history":[{"count":0,"href":"https:\/\/kibrisayna.com\/index.php\/wp-json\/wp\/v2\/posts\/15439\/revisions"}],"wp:featuredmedia":[{"embeddable":true,"href":"https:\/\/kibrisayna.com\/index.php\/wp-json\/wp\/v2\/media\/15440"}],"wp:attachment":[{"href":"https:\/\/kibrisayna.com\/index.php\/wp-json\/wp\/v2\/media?parent=15439"}],"wp:term":[{"taxonomy":"category","embeddable":true,"href":"https:\/\/kibrisayna.com\/index.php\/wp-json\/wp\/v2\/categories?post=15439"},{"taxonomy":"post_tag","embeddable":true,"href":"https:\/\/kibrisayna.com\/index.php\/wp-json\/wp\/v2\/tags?post=15439"}],"curies":[{"name":"wp","href":"https:\/\/api.w.org\/{rel}","templated":true}]}}