{"id":15405,"date":"2024-12-30T22:19:47","date_gmt":"2024-12-30T19:19:47","guid":{"rendered":"https:\/\/kibrisayna.com\/index.php\/2024\/12\/30\/yeni-yili-karsilamaya-sayili-saatler-kaldi-vatandaslar-son-hazirliklarini-yapiyor-brtk\/"},"modified":"2024-12-30T22:19:47","modified_gmt":"2024-12-30T19:19:47","slug":"yeni-yili-karsilamaya-sayili-saatler-kaldi-vatandaslar-son-hazirliklarini-yapiyor-brtk","status":"publish","type":"post","link":"https:\/\/kibrisayna.com\/index.php\/2024\/12\/30\/yeni-yili-karsilamaya-sayili-saatler-kaldi-vatandaslar-son-hazirliklarini-yapiyor-brtk\/","title":{"rendered":"Yeni y\u0131l\u0131 kar\u015f\u0131lamaya say\u0131l\u0131 saatler kald\u0131, vatanda\u015flar son haz\u0131rl\u0131klar\u0131n\u0131 yap\u0131yor \u2013 BRTK"},"content":{"rendered":"<p> <br \/>\n<\/p>\n<div>\n<div class=\"mariselle-image-container center\">\n                <img loading=\"lazy\" decoding=\"async\" width=\"668\" height=\"399\" class=\"lazy-image\" alt=\"\" sizes=\"auto, (max-width: 668px) 100vw, 668px\" src=\"https:\/\/brtk.net\/wp-content\/uploads\/2024\/12\/30\/2025.jpg?ver=03c0dec4f12dd90a3221fc3bc7343e21\" srcset=\"https:\/\/brtk.net\/wp-content\/uploads\/2024\/12\/30\/2025.jpg?ver=03c0dec4f12dd90a3221fc3bc7343e21 668w, https:\/\/brtk.net\/wp-content\/uploads\/2024\/12\/30\/2025-300x179.jpg?ver=03c0dec4f12dd90a3221fc3bc7343e21 300w\"\/>                            <\/div>\n<p>2025 y\u0131l\u0131n\u0131 kar\u015f\u0131lamam\u0131za say\u0131l\u0131 saatler kald\u0131. <\/p>\n<p>G\u00fczel umutlar ve iyi dileklerle yar\u0131n gece bir kez daha \u201cHo\u015f geldin Yeni Y\u0131l\u201d demeye haz\u0131rlan\u0131yoruz. <\/p>\n<p>T\u00fcm d\u00fcnyada oldu\u011fu gibi \u00fclkemizde de yar\u0131n ak\u015fama y\u00f6nelik tatl\u0131 bir tela\u015f ya\u015fan\u0131yor. Vatanda\u015flar, geleneksel y\u0131lba\u015f\u0131 sofralar\u0131 ve sevdiklerine verecekleri hediyeler i\u00e7in bug\u00fcn al\u0131\u015fveri\u015fteydi.<\/p>\n<p><iframe loading=\"lazy\" title=\"Yeni y\u0131l\u0131 kar\u015f\u0131lamaya say\u0131l\u0131 saatler kald\u0131, vatanda\u015flar son haz\u0131rl\u0131klar\u0131n\u0131 yap\u0131yor\" width=\"779\" height=\"438\" src=\"https:\/\/www.youtube.com\/embed\/koH624LVH7Y?feature=oembed\" frameborder=\"0\" allow=\"accelerometer; autoplay; clipboard-write; encrypted-media; gyroscope; picture-in-picture; web-share\" referrerpolicy=\"strict-origin-when-cross-origin\" allowfullscreen><\/iframe><\/p>\n<\/p><\/div>\n<p><script async\n                    defer\n                    crossorigin=\"anonymous\"\n                    src=\"https:\/\/connect.facebook.net\/tr_TR\/sdk.js#xfbml=1&#038;version=v3.3\"\n            ><\/script><br \/>\n<br \/><br \/>\n<br \/><a href=\"https:\/\/brtk.net\/yeni-yili-karsilamaya-sayili-saatler-kaldi-vatandaslar-son-hazirliklarini-yapiyor\/\">Kaynak BRT <\/a><\/p>\n","protected":false},"excerpt":{"rendered":"<p>2025 y\u0131l\u0131n\u0131 kar\u015f\u0131lamam\u0131za say\u0131l\u0131 saatler kald\u0131. G\u00fczel umutlar ve iyi dileklerle yar\u0131n gece bir kez daha \u201cHo\u015f geldin Yeni Y\u0131l\u201d demeye haz\u0131rlan\u0131yoruz. T\u00fcm d\u00fcnyada oldu\u011fu gibi \u00fclkemizde de yar\u0131n ak\u015fama y\u00f6nelik tatl\u0131 bir tela\u015f ya\u015fan\u0131yor. Vatanda\u015flar, geleneksel y\u0131lba\u015f\u0131 sofralar\u0131 ve sevdiklerine verecekleri hediyeler i\u00e7in bug\u00fcn al\u0131\u015fveri\u015fteydi. Kaynak BRT<\/p>\n","protected":false},"author":908,"featured_media":15406,"comment_status":"open","ping_status":"open","sticky":false,"template":"","format":"standard","meta":{"_jetpack_memberships_contains_paid_content":false,"footnotes":"","jetpack_publicize_message":"","jetpack_publicize_feature_enabled":true,"jetpack_social_post_already_shared":true,"jetpack_social_options":{"image_generator_settings":{"template":"highway","default_image_id":0,"font":"","enabled":false},"version":2}},"categories":[253],"tags":[],"class_list":["post-15405","post","type-post","status-publish","format-standard","has-post-thumbnail","hentry","category-gundem"],"jetpack_publicize_connections":[],"jetpack_featured_media_url":"https:\/\/kibrisayna.com\/wp-content\/uploads\/2024\/12\/2025.jpg","jetpack_sharing_enabled":true,"_links":{"self":[{"href":"https:\/\/kibrisayna.com\/index.php\/wp-json\/wp\/v2\/posts\/15405","targetHints":{"allow":["GET"]}}],"collection":[{"href":"https:\/\/kibrisayna.com\/index.php\/wp-json\/wp\/v2\/posts"}],"about":[{"href":"https:\/\/kibrisayna.com\/index.php\/wp-json\/wp\/v2\/types\/post"}],"author":[{"embeddable":true,"href":"https:\/\/kibrisayna.com\/index.php\/wp-json\/wp\/v2\/users\/908"}],"replies":[{"embeddable":true,"href":"https:\/\/kibrisayna.com\/index.php\/wp-json\/wp\/v2\/comments?post=15405"}],"version-history":[{"count":0,"href":"https:\/\/kibrisayna.com\/index.php\/wp-json\/wp\/v2\/posts\/15405\/revisions"}],"wp:featuredmedia":[{"embeddable":true,"href":"https:\/\/kibrisayna.com\/index.php\/wp-json\/wp\/v2\/media\/15406"}],"wp:attachment":[{"href":"https:\/\/kibrisayna.com\/index.php\/wp-json\/wp\/v2\/media?parent=15405"}],"wp:term":[{"taxonomy":"category","embeddable":true,"href":"https:\/\/kibrisayna.com\/index.php\/wp-json\/wp\/v2\/categories?post=15405"},{"taxonomy":"post_tag","embeddable":true,"href":"https:\/\/kibrisayna.com\/index.php\/wp-json\/wp\/v2\/tags?post=15405"}],"curies":[{"name":"wp","href":"https:\/\/api.w.org\/{rel}","templated":true}]}}