{"id":15403,"date":"2024-12-30T19:56:42","date_gmt":"2024-12-30T16:56:42","guid":{"rendered":"https:\/\/kibrisayna.com\/index.php\/2024\/12\/30\/kayip-sahislar-konusu-siyasallastirilmamali-brtk\/"},"modified":"2024-12-30T19:56:42","modified_gmt":"2024-12-30T16:56:42","slug":"kayip-sahislar-konusu-siyasallastirilmamali-brtk","status":"publish","type":"post","link":"https:\/\/kibrisayna.com\/index.php\/2024\/12\/30\/kayip-sahislar-konusu-siyasallastirilmamali-brtk\/","title":{"rendered":"\u201cKay\u0131p \u015fah\u0131slar konusu siyasalla\u015ft\u0131r\u0131lmamal\u0131\u201d \u2013 BRTK"},"content":{"rendered":"<p> <br \/>\n<\/p>\n<div>\n<div class=\"mariselle-image-container center\">\n                <img loading=\"lazy\" decoding=\"async\" width=\"1600\" height=\"870\" class=\"lazy-image\" alt=\"\" sizes=\"auto, (max-width: 1600px) 100vw, 1600px\" src=\"https:\/\/brtk.net\/wp-content\/uploads\/2024\/12\/30\/1000311955.jpg?ver=d1577ccef06168d82766274e05fbd938\" srcset=\"https:\/\/brtk.net\/wp-content\/uploads\/2024\/12\/30\/1000311955.jpg?ver=d1577ccef06168d82766274e05fbd938 1600w, https:\/\/brtk.net\/wp-content\/uploads\/2024\/12\/30\/1000311955-300x163.jpg?ver=d416abc75c373ff85a22e91b83cc07f6 300w, https:\/\/brtk.net\/wp-content\/uploads\/2024\/12\/30\/1000311955-1024x557.jpg?ver=d416abc75c373ff85a22e91b83cc07f6 1024w, https:\/\/brtk.net\/wp-content\/uploads\/2024\/12\/30\/1000311955-768x418.jpg?ver=d416abc75c373ff85a22e91b83cc07f6 768w, https:\/\/brtk.net\/wp-content\/uploads\/2024\/12\/30\/1000311955-1536x835.jpg?ver=aa2fbde5265f618616a8b2e3a3489339 1536w\"\/>                            <\/div>\n<p>Cumhurba\u015fkan\u0131 Ersin Tatar, Kay\u0131p \u015eah\u0131slar Komitesi\u2019ni ziyaret etti.<\/p>\n<p>Kay\u0131p \u015eah\u0131slar Komitesi\u2019nde g\u00f6rev yapan \u00e7al\u0131\u015fanlar\u0131n yeni y\u0131l\u0131n\u0131 kutlayan Cumhurba\u015fkan\u0131 Ersin Tatar, Kay\u0131p \u015eah\u0131slar Komitesi K\u0131br\u0131sl\u0131 T\u00fcrk \u00dcyesi Hakk\u0131 M\u00fcft\u00fczade ile g\u00f6r\u00fc\u015ft\u00fc.<\/p>\n<p>Cumhurba\u015fkan\u0131 ziyarette yapt\u0131\u011f\u0131 a\u00e7\u0131klamada, Kay\u0131p \u015eah\u0131slar Komitesi\u2019nin yapt\u0131\u011f\u0131 \u00e7al\u0131\u015fmalar\u0131n hassasiyeti, zorlu\u011fu ve \u00f6nemine dikkat \u00e7ekerek, Kay\u0131p \u015eah\u0131slar Komitesi K\u0131br\u0131sl\u0131 T\u00fcrk \u00dcyesi Hakk\u0131 M\u00fcft\u00fczade ve komite \u00e7al\u0131\u015fanlar\u0131n\u0131 \u00e7al\u0131\u015fmalar\u0131ndan dolay\u0131 tebrik etti.<\/p>\n<p>Cumhurba\u015fkan\u0131 Tatar, Birle\u015fmi\u015f Milletler ve Rum Liderle yapt\u0131\u011f\u0131 toplant\u0131da, kay\u0131p \u015fah\u0131slar komitesine verilecek bilgi do\u011frultusunda kaz\u0131 \u00e7al\u0131\u015fmalar\u0131n\u0131n s\u00fcrd\u00fcr\u00fclmesi \u00fczerinde mutab\u0131k kal\u0131nd\u0131\u011f\u0131n\u0131 dile getirdi.<\/p>\n<p>Kay\u0131p \u015fah\u0131slar konusunun insani boyutu oldu\u011funa ve siyasalla\u015ft\u0131r\u0131lmamas\u0131 gerekti\u011fine i\u015faret eden Cumhurba\u015fkan\u0131 Tatar, gelen ihbarlar ve \u015fahitlerin verdi\u011fi bilgiler do\u011frultusunda, K\u0131br\u0131s T\u00fcrk taraf\u0131n\u0131n kaz\u0131lar\u0131n yap\u0131lmas\u0131n\u0131 sa\u011flad\u0131\u011f\u0131n\u0131 vurgulad\u0131.<\/p>\n<p>Atl\u0131lar\u2019daki toplu mezardaki kaz\u0131 \u00e7al\u0131\u015fmalar\u0131na Rum taraf\u0131n\u0131n kar\u015f\u0131 olmas\u0131na ra\u011fmen yap\u0131lan giri\u015fimler sonucu kaz\u0131 \u00e7al\u0131\u015fmalar\u0131n\u0131n ba\u015flad\u0131\u011f\u0131n\u0131 anlatan Cumhurba\u015fkan\u0131 Tatar, Murata\u011fa ve Sandallar\u2019da oldu\u011fu gibi kimlik tespitlerinin ard\u0131ndan her bir \u015fehidin ayr\u0131 mezar\u0131 olaca\u011f\u0131n\u0131 kaydetti.<\/p>\n<div class=\"mariselle-image-container center\">\n                <img loading=\"lazy\" decoding=\"async\" width=\"735\" height=\"394\" class=\"lazy-image\" alt=\"\" sizes=\"auto, (max-width: 735px) 100vw, 735px\" src=\"https:\/\/brtk.net\/wp-content\/uploads\/2024\/12\/30\/tatar-muftuzade.jpg?ver=9a018dcc91a281c6abc832bca2680bb6\" srcset=\"https:\/\/brtk.net\/wp-content\/uploads\/2024\/12\/30\/tatar-muftuzade.jpg?ver=9a018dcc91a281c6abc832bca2680bb6 735w, https:\/\/brtk.net\/wp-content\/uploads\/2024\/12\/30\/tatar-muftuzade-300x161.jpg?ver=9a018dcc91a281c6abc832bca2680bb6 300w\"\/>                            <\/div>\n<p>K\u0131br\u0131s Rumlar\u0131n\u0131n kay\u0131plar\u0131n\u0131n b\u00fcy\u00fck bir k\u0131sm\u0131n\u0131n 1974 y\u0131l\u0131nda ger\u00e7ekle\u015fti\u011fini ve kay\u0131plar aras\u0131nda kendi aralar\u0131nda \u00e7\u0131kan \u00e7at\u0131\u015fmalardan dolay\u0131 ya\u015famlar\u0131n\u0131 yitirenlerin de bulundu\u011funu aktaran Cumhurba\u015fkan\u0131 Tatar, sivil halk\u0131n \u00e7o\u011funlukta oldu\u011fu T\u00fcrk kay\u0131plar\u0131n ise 1974 y\u0131l\u0131 ve \u00f6ncesinden kaynakland\u0131\u011f\u0131n\u0131 vurgulad\u0131.<\/p>\n<p>T\u00fcrk kay\u0131plar aras\u0131nda milletvekili Cengiz Ratip\u2019in de yer ald\u0131\u011f\u0131n\u0131 ifade eden Cumhurba\u015fkan\u0131 Tatar, 61 y\u0131ld\u0131r Cengiz Ratip\u2019e ula\u015f\u0131lamad\u0131\u011f\u0131na dikkat \u00e7ekti.<\/p>\n<p>Kay\u0131p \u015eah\u0131slar Komitesi K\u0131br\u0131sl\u0131 T\u00fcrk \u00dcyesi Hakk\u0131 M\u00fcft\u00fczade ise konu\u015fmas\u0131nda Cumhurba\u015fkan\u0131 Ersin Tatar\u2019\u0131n ger\u00e7ekle\u015ftirdi\u011fi ziyaretten duydu\u011fu memnuniyeti ifade etti.<\/p>\n<p>Hassas bir konu olan kay\u0131p \u015fah\u0131slar\u0131n, siyasalla\u015ft\u0131r\u0131lmamas\u0131 gerekti\u011fini belirten M\u00fcft\u00fczade, iki taraf aras\u0131nda mutabakat olmas\u0131na ra\u011fmen Rum taraf\u0131ndaki baz\u0131 siyasilerin konuyu istismar etti\u011fini, bu durumun g\u00fcvensizlik yaratt\u0131\u011f\u0131n\u0131 ve kay\u0131p \u015fah\u0131slar\u0131n ailelerini rencide etti\u011fini s\u00f6yledi.<\/p>\n<p>Kay\u0131p \u015eah\u0131slar Komitesi\u2019nin \u00e7al\u0131\u015fmalar\u0131n\u0131 titizlikle s\u00fcrd\u00fcrd\u00fc\u011f\u00fcn\u00fc anlatan M\u00fcft\u00fczade, 7 olan ekibin 2025 y\u0131l\u0131nda 8 olaca\u011f\u0131n\u0131 ve yeni i\u015f makinelerinin hizmete girmesiyle daha etkin \u00e7al\u0131\u015f\u0131laca\u011f\u0131n\u0131 kaydetti.<\/p>\n<\/p><\/div>\n<p><script async\n                    defer\n                    crossorigin=\"anonymous\"\n                    src=\"https:\/\/connect.facebook.net\/tr_TR\/sdk.js#xfbml=1&#038;version=v3.3\"\n            ><\/script><br \/>\n<br \/><br \/>\n<br \/><a href=\"https:\/\/brtk.net\/cumhurbaskani-tatar-kayip-sahislar-komitesini-ziyaret-etti-kayip-sahislar-konusu-siyasallastirilmamali\/\">Kaynak BRT <\/a><\/p>\n","protected":false},"excerpt":{"rendered":"<p>Cumhurba\u015fkan\u0131 Ersin Tatar, Kay\u0131p \u015eah\u0131slar Komitesi\u2019ni ziyaret etti. Kay\u0131p \u015eah\u0131slar Komitesi\u2019nde g\u00f6rev yapan \u00e7al\u0131\u015fanlar\u0131n yeni y\u0131l\u0131n\u0131 kutlayan Cumhurba\u015fkan\u0131 Ersin Tatar, Kay\u0131p \u015eah\u0131slar Komitesi K\u0131br\u0131sl\u0131 T\u00fcrk \u00dcyesi Hakk\u0131 M\u00fcft\u00fczade ile g\u00f6r\u00fc\u015ft\u00fc. Cumhurba\u015fkan\u0131 ziyarette yapt\u0131\u011f\u0131 a\u00e7\u0131klamada, Kay\u0131p \u015eah\u0131slar Komitesi\u2019nin yapt\u0131\u011f\u0131 \u00e7al\u0131\u015fmalar\u0131n hassasiyeti, zorlu\u011fu ve \u00f6nemine dikkat \u00e7ekerek, Kay\u0131p \u015eah\u0131slar Komitesi K\u0131br\u0131sl\u0131 T\u00fcrk \u00dcyesi Hakk\u0131 M\u00fcft\u00fczade ve komite [&hellip;]<\/p>\n","protected":false},"author":908,"featured_media":15404,"comment_status":"open","ping_status":"open","sticky":false,"template":"","format":"standard","meta":{"_jetpack_memberships_contains_paid_content":false,"footnotes":"","jetpack_publicize_message":"","jetpack_publicize_feature_enabled":true,"jetpack_social_post_already_shared":true,"jetpack_social_options":{"image_generator_settings":{"template":"highway","default_image_id":0,"font":"","enabled":false},"version":2}},"categories":[253],"tags":[],"class_list":["post-15403","post","type-post","status-publish","format-standard","has-post-thumbnail","hentry","category-gundem"],"jetpack_publicize_connections":[],"jetpack_featured_media_url":"https:\/\/kibrisayna.com\/wp-content\/uploads\/2024\/12\/1000311955.jpg","jetpack_sharing_enabled":true,"_links":{"self":[{"href":"https:\/\/kibrisayna.com\/index.php\/wp-json\/wp\/v2\/posts\/15403","targetHints":{"allow":["GET"]}}],"collection":[{"href":"https:\/\/kibrisayna.com\/index.php\/wp-json\/wp\/v2\/posts"}],"about":[{"href":"https:\/\/kibrisayna.com\/index.php\/wp-json\/wp\/v2\/types\/post"}],"author":[{"embeddable":true,"href":"https:\/\/kibrisayna.com\/index.php\/wp-json\/wp\/v2\/users\/908"}],"replies":[{"embeddable":true,"href":"https:\/\/kibrisayna.com\/index.php\/wp-json\/wp\/v2\/comments?post=15403"}],"version-history":[{"count":0,"href":"https:\/\/kibrisayna.com\/index.php\/wp-json\/wp\/v2\/posts\/15403\/revisions"}],"wp:featuredmedia":[{"embeddable":true,"href":"https:\/\/kibrisayna.com\/index.php\/wp-json\/wp\/v2\/media\/15404"}],"wp:attachment":[{"href":"https:\/\/kibrisayna.com\/index.php\/wp-json\/wp\/v2\/media?parent=15403"}],"wp:term":[{"taxonomy":"category","embeddable":true,"href":"https:\/\/kibrisayna.com\/index.php\/wp-json\/wp\/v2\/categories?post=15403"},{"taxonomy":"post_tag","embeddable":true,"href":"https:\/\/kibrisayna.com\/index.php\/wp-json\/wp\/v2\/tags?post=15403"}],"curies":[{"name":"wp","href":"https:\/\/api.w.org\/{rel}","templated":true}]}}