{"id":15399,"date":"2024-12-30T19:50:15","date_gmt":"2024-12-30T16:50:15","guid":{"rendered":"https:\/\/kibrisayna.com\/index.php\/2024\/12\/30\/basbakanlik-afet-ve-acil-durum-komitesinden-siddetli-firtina-duyurusu-brtk\/"},"modified":"2024-12-30T19:50:15","modified_gmt":"2024-12-30T16:50:15","slug":"basbakanlik-afet-ve-acil-durum-komitesinden-siddetli-firtina-duyurusu-brtk","status":"publish","type":"post","link":"https:\/\/kibrisayna.com\/index.php\/2024\/12\/30\/basbakanlik-afet-ve-acil-durum-komitesinden-siddetli-firtina-duyurusu-brtk\/","title":{"rendered":"Ba\u015fbakanl\u0131k Afet ve Acil Durum Komitesi\u2019nden \u015fiddetli f\u0131rt\u0131na duyurusu \u2013 BRTK"},"content":{"rendered":"<p> <br \/>\n<\/p>\n<div>\n<div class=\"mariselle-image-container center\">\n                <img loading=\"lazy\" decoding=\"async\" width=\"753\" height=\"399\" class=\"lazy-image\" alt=\"\" sizes=\"auto, (max-width: 753px) 100vw, 753px\" src=\"https:\/\/brtk.net\/wp-content\/uploads\/2024\/12\/30\/firtinaaaaaaaaaaaaaaaaaaaaaaa.jpg?ver=09700479326ee995280a4707a394281c\" srcset=\"https:\/\/brtk.net\/wp-content\/uploads\/2024\/12\/30\/firtinaaaaaaaaaaaaaaaaaaaaaaa.jpg?ver=09700479326ee995280a4707a394281c 753w, https:\/\/brtk.net\/wp-content\/uploads\/2024\/12\/30\/firtinaaaaaaaaaaaaaaaaaaaaaaa-300x159.jpg?ver=2b4449a2bc66ddc21938c018376490c4 300w\"\/>                            <\/div>\n<p>Ba\u015fbakanl\u0131k Afet ve Acil Durum Komitesi, \u00fclke genelinde etkisini g\u00f6sterece\u011fi beklenen \u015fiddetli sa\u011fanak, r\u00fczgar ve f\u0131rt\u0131na  hususlar\u0131nda a\u00e7\u0131klama yapt\u0131.<\/p>\n<p>A\u00e7\u0131klama \u015f\u00f6yle;<\/p>\n<p>\u2018KKTC Meteoroloji Dairesinin son de\u011ferlendirmelerine dayanarak, \u00fclke genelinde beklenen sa\u011fanak ve g\u00f6k g\u00fcr\u00fclt\u00fcl\u00fc sa\u011fanak ya\u011f\u0131\u015flar\u0131n yer yer kuvvetli olabilece\u011fini, ayr\u0131ca r\u00fczgar\u0131n baz\u0131 b\u00f6lgelerde kuvvetli, zaman zaman f\u0131rt\u0131na \u015feklinde esece\u011fini duyurdu.<\/p>\n<p>Bu kapsamda \u0130lgili bakanl\u0131klar, Kaymakaml\u0131klar, Sivil Savunma Te\u015fkilat Ba\u015fkanl\u0131\u011f\u0131, Yerel Y\u00f6netimler ve K\u0131b-Tek ile koordineli bir \u015fekilde olas\u0131 muhtemel  hasarlarla alakal\u0131  gereken t\u00fcm \u00f6nlemler ilgili birimler taraf\u0131ndan al\u0131nmaktad\u0131r.<\/p>\n<p>Ba\u015fbakanl\u0131k Afet ve Acil Durum Komitesi, ya\u015fanabilecek olumsuzluklara kar\u015f\u0131 halk\u0131 bilgilendirmek amac\u0131yla ilgili t\u00fcm birimlerin teyakkuz halinde olaca\u011f\u0131n\u0131 ve gerekti\u011finde anl\u0131k bilgilendirme yap\u0131laca\u011f\u0131n\u0131 vurgulad\u0131.<\/p>\n<p>Bu sebeple mevcut k\u00f6t\u00fc hava ko\u015fullar\u0131 gere\u011fi, vatanda\u015flar\u0131m\u0131z\u0131n da mecbur kalmad\u0131k\u00e7a bulunduklar\u0131 yerlerden d\u0131\u015far\u0131 \u00e7\u0131kmamas\u0131n\u0131 rica ederiz.\u2019<\/p>\n<\/p><\/div>\n<p><script async\n                    defer\n                    crossorigin=\"anonymous\"\n                    src=\"https:\/\/connect.facebook.net\/tr_TR\/sdk.js#xfbml=1&#038;version=v3.3\"\n            ><\/script><br \/>\n<br \/><br \/>\n<br \/><a href=\"https:\/\/brtk.net\/basbakanlik-afet-ve-acil-durum-komitesinden-siddetli-firtina-duyurusu\/\">Kaynak BRT <\/a><\/p>\n","protected":false},"excerpt":{"rendered":"<p>Ba\u015fbakanl\u0131k Afet ve Acil Durum Komitesi, \u00fclke genelinde etkisini g\u00f6sterece\u011fi beklenen \u015fiddetli sa\u011fanak, r\u00fczgar ve f\u0131rt\u0131na hususlar\u0131nda a\u00e7\u0131klama yapt\u0131. A\u00e7\u0131klama \u015f\u00f6yle; \u2018KKTC Meteoroloji Dairesinin son de\u011ferlendirmelerine dayanarak, \u00fclke genelinde beklenen sa\u011fanak ve g\u00f6k g\u00fcr\u00fclt\u00fcl\u00fc sa\u011fanak ya\u011f\u0131\u015flar\u0131n yer yer kuvvetli olabilece\u011fini, ayr\u0131ca r\u00fczgar\u0131n baz\u0131 b\u00f6lgelerde kuvvetli, zaman zaman f\u0131rt\u0131na \u015feklinde esece\u011fini duyurdu. Bu kapsamda \u0130lgili bakanl\u0131klar, [&hellip;]<\/p>\n","protected":false},"author":908,"featured_media":15400,"comment_status":"open","ping_status":"open","sticky":false,"template":"","format":"standard","meta":{"_jetpack_memberships_contains_paid_content":false,"footnotes":"","jetpack_publicize_message":"","jetpack_publicize_feature_enabled":true,"jetpack_social_post_already_shared":true,"jetpack_social_options":{"image_generator_settings":{"template":"highway","default_image_id":0,"font":"","enabled":false},"version":2}},"categories":[253],"tags":[],"class_list":["post-15399","post","type-post","status-publish","format-standard","has-post-thumbnail","hentry","category-gundem"],"jetpack_publicize_connections":[],"jetpack_featured_media_url":"https:\/\/kibrisayna.com\/wp-content\/uploads\/2024\/12\/firtinaaaaaaaaaaaaaaaaaaaaaaa.jpg","jetpack_sharing_enabled":true,"_links":{"self":[{"href":"https:\/\/kibrisayna.com\/index.php\/wp-json\/wp\/v2\/posts\/15399","targetHints":{"allow":["GET"]}}],"collection":[{"href":"https:\/\/kibrisayna.com\/index.php\/wp-json\/wp\/v2\/posts"}],"about":[{"href":"https:\/\/kibrisayna.com\/index.php\/wp-json\/wp\/v2\/types\/post"}],"author":[{"embeddable":true,"href":"https:\/\/kibrisayna.com\/index.php\/wp-json\/wp\/v2\/users\/908"}],"replies":[{"embeddable":true,"href":"https:\/\/kibrisayna.com\/index.php\/wp-json\/wp\/v2\/comments?post=15399"}],"version-history":[{"count":0,"href":"https:\/\/kibrisayna.com\/index.php\/wp-json\/wp\/v2\/posts\/15399\/revisions"}],"wp:featuredmedia":[{"embeddable":true,"href":"https:\/\/kibrisayna.com\/index.php\/wp-json\/wp\/v2\/media\/15400"}],"wp:attachment":[{"href":"https:\/\/kibrisayna.com\/index.php\/wp-json\/wp\/v2\/media?parent=15399"}],"wp:term":[{"taxonomy":"category","embeddable":true,"href":"https:\/\/kibrisayna.com\/index.php\/wp-json\/wp\/v2\/categories?post=15399"},{"taxonomy":"post_tag","embeddable":true,"href":"https:\/\/kibrisayna.com\/index.php\/wp-json\/wp\/v2\/tags?post=15399"}],"curies":[{"name":"wp","href":"https:\/\/api.w.org\/{rel}","templated":true}]}}