{"id":15397,"date":"2024-12-30T19:41:40","date_gmt":"2024-12-30T16:41:40","guid":{"rendered":"https:\/\/kibrisayna.com\/index.php\/2024\/12\/30\/cumhurbaskani-tatar-cumhurbaskanligi-deprem-komitesi-uyelerini-kabul-etti-brtk\/"},"modified":"2024-12-30T19:41:40","modified_gmt":"2024-12-30T16:41:40","slug":"cumhurbaskani-tatar-cumhurbaskanligi-deprem-komitesi-uyelerini-kabul-etti-brtk","status":"publish","type":"post","link":"https:\/\/kibrisayna.com\/index.php\/2024\/12\/30\/cumhurbaskani-tatar-cumhurbaskanligi-deprem-komitesi-uyelerini-kabul-etti-brtk\/","title":{"rendered":"Cumhurba\u015fkan\u0131 Tatar, Cumhurba\u015fkanl\u0131\u011f\u0131 Deprem Komitesi \u00fcyelerini kabul etti \u2013 BRTK"},"content":{"rendered":"<p> <br \/>\n<\/p>\n<div>\n<div class=\"mariselle-image-container center\">\n                <img loading=\"lazy\" decoding=\"async\" width=\"2560\" height=\"1219\" class=\"lazy-image\" alt=\"\" sizes=\"auto, (max-width: 2560px) 100vw, 2560px\" src=\"https:\/\/brtk.net\/wp-content\/uploads\/2024\/12\/30\/1000311951-scaled.jpg?ver=951f06fbd675d0408d65015e8f1845b4\" srcset=\"https:\/\/brtk.net\/wp-content\/uploads\/2024\/12\/30\/1000311951-scaled.jpg?ver=951f06fbd675d0408d65015e8f1845b4 2560w, https:\/\/brtk.net\/wp-content\/uploads\/2024\/12\/30\/1000311951-300x143.jpg?ver=cdab8ce15923879c62fa52055edcfe21 300w, https:\/\/brtk.net\/wp-content\/uploads\/2024\/12\/30\/1000311951-1024x488.jpg?ver=cdab8ce15923879c62fa52055edcfe21 1024w, https:\/\/brtk.net\/wp-content\/uploads\/2024\/12\/30\/1000311951-768x366.jpg?ver=f93f97b430aec73cab7a9f77a55151a3 768w, https:\/\/brtk.net\/wp-content\/uploads\/2024\/12\/30\/1000311951-1536x731.jpg?ver=345b0f015f5c5508dfcdd7a0c67fad28 1536w, https:\/\/brtk.net\/wp-content\/uploads\/2024\/12\/30\/1000311951-2048x975.jpg?ver=9cd019ee1ddadf89ec1f46cc447ba1e1 2048w\"\/>                            <\/div>\n<p>Cumhurba\u015fkan\u0131 Ersin Tatar, Cumhurba\u015fkanl\u0131\u011f\u0131 Deprem Komitesi Ba\u015fkan\u0131, Jeoloji Y\u00fcksek M\u00fchendisi Prof. Dr. Cavit Atalar ve Cumhurba\u015fkanl\u0131\u011f\u0131 Deprem Komitesi \u00fcyelerini kabul etti.<\/p>\n<p>Cumhurba\u015fkan\u0131 Ersin Tatar kabulde yapt\u0131\u011f\u0131 konu\u015fmada, Cumhurba\u015fkanl\u0131\u011f\u0131 Deprem Komitesinin, T\u00fcrkiye\u2019de 6 \u015eubat\u2019ta deprem meydana gelmeden 15 ay \u00f6nce, 30 Aral\u0131k 2021\u2019de kuruldu\u011funu ve 31 Ocak 2022\u2019de ilk toplant\u0131s\u0131n\u0131 yapt\u0131\u011f\u0131n\u0131 an\u0131msatarak, deprem konusunu Cumhurba\u015fkanl\u0131\u011f\u0131 olarak ciddiye ald\u0131klar\u0131n\u0131 ifade etti.<\/p>\n<p>Cumhurba\u015fkan\u0131 Tatar, Cumhurba\u015fkanl\u0131\u011f\u0131 Deprem Komitesi Ba\u015fkan\u0131 Prof. Dr. Cavit Atalar ve komite \u00fcyelerine yap\u0131lan \u00e7al\u0131\u015fmalardan dolay\u0131 te\u015fekk\u00fcr etti.<\/p>\n<p>K\u0131br\u0131s\u2019ta ge\u00e7mi\u015fte ya\u015fanan depremler ve ileride ya\u015fanabilecek olas\u0131 depremlerle ilgili yap\u0131lan \u00e7al\u0131\u015fmalar\u0131 dikkate alman\u0131n \u00f6nemini dile getiren Cumhurba\u015fkan\u0131 Tatar, g\u00fcn\u00fcm\u00fczde y\u00fcr\u00fct\u00fclen bilimsel \u00e7al\u0131\u015fmalar\u0131n teknolojinin de geli\u015fmesi dolay\u0131s\u0131yla daha kesin sonu\u00e7lar verdi\u011fini s\u00f6yledi.<\/p>\n<p>Gerek yurt i\u00e7i gerekse yurt d\u0131\u015f\u0131ndan uzmanlar\u0131n tavsiyelerinin devlet kurumlar\u0131 ile payla\u015f\u0131ld\u0131\u011f\u0131n\u0131 anlatan Cumhurba\u015fkan\u0131 Tatar, T\u00fcrkiye\u2019de meydana gelen 6 \u015eubat depreminin ard\u0131ndan deprem konusunun ciddiye al\u0131nmas\u0131 gerekti\u011fi anlay\u0131\u015f\u0131n\u0131n geli\u015ftirildi\u011fini s\u00f6yledi. \u0130lim ve teknolojinin yard\u0131m\u0131 ile depremin y\u0131k\u0131c\u0131 etkilerini asgariye \u00e7ekebilmek i\u00e7in y\u00f6netmelik ve yasal d\u00fczenlemelerle in\u015faat yap\u0131m\u0131n\u0131n ger\u00e7ekle\u015fmesi gerekti\u011fini belirten Cumhurba\u015fkan\u0131 Tatar, \u201cSadece bug\u00fcn\u00fc de\u011fil gelece\u011fi de d\u00fc\u015f\u00fcnerek binalar\u0131n yap\u0131lmas\u0131 laz\u0131m\u201d dedi.  <\/p>\n<p>G\u00fcney K\u0131br\u0131s\u2019taki deprem uzmanlar\u0131 ile isti\u015farelerin oldu\u011funa i\u015faret eden Cumhurba\u015fkan\u0131 Tatar, teknik komiteleri bu konuda te\u015fvik etmeye devam etti\u011fini s\u00f6yledi.<\/p>\n<p>Yerel y\u00f6netimlerin, merkezi h\u00fck\u00fcmetin, mimar ve m\u00fchendislerin Prof. Dr. Cavit Atalar\u2019\u0131n telkinlerini dikkate almas\u0131 gerekti\u011fine vurgu yapan Cumhurba\u015fkan\u0131 Tatar, yeni kurallar uygulanarak daha sa\u011flam binalar\u0131n yap\u0131lmas\u0131 gerekti\u011fini kaydetti.<\/p>\n<p>Cumhurba\u015fkanl\u0131\u011f\u0131 Deprem Komitesi Ba\u015fkan\u0131 Prof. Dr. Cavit Atalar ise kabuldeki konu\u015fmas\u0131nda, 3 y\u0131l \u00f6nce kurulan deprem komitesinin 3 y\u0131ld\u0131r y\u00fcr\u00fctt\u00fc\u011f\u00fc \u00e7al\u0131\u015fmalar\u0131 hakk\u0131nda bilgi aktarmaya devam ettiklerini ve komitenin \u00fcyelerinin ald\u0131\u011f\u0131 kararlar\u0131n y\u00fcr\u00fct\u00fclmesi i\u00e7in devlet ile isti\u015fare edilmesi gerekti\u011fini ifade etti ve olas\u0131 bir depremde hasar g\u00f6rmemesi i\u00e7in okul, kamu binalar\u0131 ve hastanelerin yap\u0131lar\u0131n\u0131n g\u00fc\u00e7lendirilmesinin ve yeni yap\u0131lan in\u015faatlar\u0131n depreme dayan\u0131kl\u0131l\u0131\u011f\u0131n\u0131n \u00f6nemine dikkat \u00e7ekti.<\/p>\n<\/p><\/div>\n<p><script async\n                    defer\n                    crossorigin=\"anonymous\"\n                    src=\"https:\/\/connect.facebook.net\/tr_TR\/sdk.js#xfbml=1&#038;version=v3.3\"\n            ><\/script><br \/>\n<br \/><br \/>\n<br \/><a href=\"https:\/\/brtk.net\/cumhurbaskani-tatar-cumhurbaskanligi-deprem-komitesi-uyelerini-kabul-etti\/\">Kaynak BRT <\/a><\/p>\n","protected":false},"excerpt":{"rendered":"<p>Cumhurba\u015fkan\u0131 Ersin Tatar, Cumhurba\u015fkanl\u0131\u011f\u0131 Deprem Komitesi Ba\u015fkan\u0131, Jeoloji Y\u00fcksek M\u00fchendisi Prof. Dr. Cavit Atalar ve Cumhurba\u015fkanl\u0131\u011f\u0131 Deprem Komitesi \u00fcyelerini kabul etti. Cumhurba\u015fkan\u0131 Ersin Tatar kabulde yapt\u0131\u011f\u0131 konu\u015fmada, Cumhurba\u015fkanl\u0131\u011f\u0131 Deprem Komitesinin, T\u00fcrkiye\u2019de 6 \u015eubat\u2019ta deprem meydana gelmeden 15 ay \u00f6nce, 30 Aral\u0131k 2021\u2019de kuruldu\u011funu ve 31 Ocak 2022\u2019de ilk toplant\u0131s\u0131n\u0131 yapt\u0131\u011f\u0131n\u0131 an\u0131msatarak, deprem konusunu Cumhurba\u015fkanl\u0131\u011f\u0131 olarak [&hellip;]<\/p>\n","protected":false},"author":908,"featured_media":15398,"comment_status":"open","ping_status":"open","sticky":false,"template":"","format":"standard","meta":{"_jetpack_memberships_contains_paid_content":false,"footnotes":"","jetpack_publicize_message":"","jetpack_publicize_feature_enabled":true,"jetpack_social_post_already_shared":true,"jetpack_social_options":{"image_generator_settings":{"template":"highway","default_image_id":0,"font":"","enabled":false},"version":2}},"categories":[253],"tags":[],"class_list":["post-15397","post","type-post","status-publish","format-standard","has-post-thumbnail","hentry","category-gundem"],"jetpack_publicize_connections":[],"jetpack_featured_media_url":"https:\/\/kibrisayna.com\/wp-content\/uploads\/2024\/12\/1000311951-scaled.jpg","jetpack_sharing_enabled":true,"_links":{"self":[{"href":"https:\/\/kibrisayna.com\/index.php\/wp-json\/wp\/v2\/posts\/15397","targetHints":{"allow":["GET"]}}],"collection":[{"href":"https:\/\/kibrisayna.com\/index.php\/wp-json\/wp\/v2\/posts"}],"about":[{"href":"https:\/\/kibrisayna.com\/index.php\/wp-json\/wp\/v2\/types\/post"}],"author":[{"embeddable":true,"href":"https:\/\/kibrisayna.com\/index.php\/wp-json\/wp\/v2\/users\/908"}],"replies":[{"embeddable":true,"href":"https:\/\/kibrisayna.com\/index.php\/wp-json\/wp\/v2\/comments?post=15397"}],"version-history":[{"count":0,"href":"https:\/\/kibrisayna.com\/index.php\/wp-json\/wp\/v2\/posts\/15397\/revisions"}],"wp:featuredmedia":[{"embeddable":true,"href":"https:\/\/kibrisayna.com\/index.php\/wp-json\/wp\/v2\/media\/15398"}],"wp:attachment":[{"href":"https:\/\/kibrisayna.com\/index.php\/wp-json\/wp\/v2\/media?parent=15397"}],"wp:term":[{"taxonomy":"category","embeddable":true,"href":"https:\/\/kibrisayna.com\/index.php\/wp-json\/wp\/v2\/categories?post=15397"},{"taxonomy":"post_tag","embeddable":true,"href":"https:\/\/kibrisayna.com\/index.php\/wp-json\/wp\/v2\/tags?post=15397"}],"curies":[{"name":"wp","href":"https:\/\/api.w.org\/{rel}","templated":true}]}}