{"id":15394,"date":"2024-12-30T19:30:10","date_gmt":"2024-12-30T16:30:10","guid":{"rendered":"https:\/\/kibrisayna.com\/index.php\/2024\/12\/30\/disislerinden-fransiz-ucaklariyla-ilgili-ikinci-aciklamabu-gibi-pervasiz-hareketlere-tahammul-gostermeyecegiz-brtk\/"},"modified":"2024-12-30T19:30:10","modified_gmt":"2024-12-30T16:30:10","slug":"disislerinden-fransiz-ucaklariyla-ilgili-ikinci-aciklamabu-gibi-pervasiz-hareketlere-tahammul-gostermeyecegiz-brtk","status":"publish","type":"post","link":"https:\/\/kibrisayna.com\/index.php\/2024\/12\/30\/disislerinden-fransiz-ucaklariyla-ilgili-ikinci-aciklamabu-gibi-pervasiz-hareketlere-tahammul-gostermeyecegiz-brtk\/","title":{"rendered":"D\u0131\u015fi\u015fleri\u2019nden Frans\u0131z u\u00e7aklar\u0131yla ilgili ikinci a\u00e7\u0131klama:Bu gibi pervas\u0131z hareketlere tahamm\u00fcl g\u00f6stermeyece\u011fiz \u2013 BRTK"},"content":{"rendered":"<p> <br \/>\n<\/p>\n<div>\n<div class=\"mariselle-image-container center\">\n                <img loading=\"lazy\" decoding=\"async\" width=\"851\" height=\"314\" class=\"lazy-image\" alt=\"\" sizes=\"auto, (max-width: 851px) 100vw, 851px\" src=\"https:\/\/brtk.net\/wp-content\/uploads\/2023\/01\/31\/disisleri-bakanligi.jpg?ver=07147491b39bf5b827a8d16326ca6e3f\" srcset=\"https:\/\/brtk.net\/wp-content\/uploads\/2023\/01\/31\/disisleri-bakanligi.jpg?ver=07147491b39bf5b827a8d16326ca6e3f 851w, https:\/\/brtk.net\/wp-content\/uploads\/2023\/01\/31\/disisleri-bakanligi-300x111.jpg?ver=07147491b39bf5b827a8d16326ca6e3f 300w, https:\/\/brtk.net\/wp-content\/uploads\/2023\/01\/31\/disisleri-bakanligi-768x283.jpg?ver=07147491b39bf5b827a8d16326ca6e3f 768w\"\/>                            <\/div>\n<p>\n Frans\u0131z sava\u015f u\u00e7aklar\u0131n\u0131n G\u00fcney K\u0131br\u0131s Rum Y\u00f6netimi\u2019nin izniyle u\u00e7tu\u011fu iddialar\u0131 \u00fczerine a\u00e7\u0131klama yapan D\u0131\u015fi\u015fleri Bakanl\u0131\u011f\u0131, \u201c\u00dclkemiz bu gibi pervas\u0131z hareketlere tahamm\u00fcl g\u00f6stermeyecek\u201d a\u00e7\u0131klamas\u0131nda bulundu.<\/p>\n<p>D\u0131\u015fi\u015fleri Bakanl\u0131\u011f\u0131, Anavatan T\u00fcrkiye Cumhuriyeti ile birlikte gerekli t\u00fcm tedbirleri almaktan imtina edilmeyece\u011fini vurgulad\u0131.<\/p>\n<p>D\u0131\u015fi\u015fleri Bakanl\u0131\u011f\u0131, Frans\u0131z sava\u015f u\u00e7aklar\u0131n\u0131n \u00fclkenin hava sahas\u0131n\u0131 ihlali \u00fczerine yeni bir a\u00e7\u0131klama daha yapt\u0131.<\/p>\n<p>G\u00fcney K\u0131br\u0131s Rum Y\u00f6netimi Savunma Bakanl\u0131\u011f\u0131\u2019n\u0131n u\u00e7u\u015flara K\u0131br\u0131s Rum taraf\u0131n\u0131n izin verdi\u011fini iddia etti\u011fini belirten, bunu \u201chadsizlik ve ciddiyetsizlik \u00f6rne\u011fi\u201d olarak nitelendirilen D\u0131\u015fi\u015fleri Bakanl\u0131\u011f\u0131\u2019n\u0131n a\u00e7\u0131klamas\u0131nda \u015funlar kaydedildi:<\/p>\n<p>\u201cK\u0131br\u0131s Rum taraf\u0131n\u0131n s\u00f6zde \u2018K\u0131br\u0131s Cumhuriyeti\u2019 kisvesi alt\u0131nda t\u00fcm adan\u0131n hava sahas\u0131yla ilgili olarak herhangi bir u\u00e7u\u015f izni verme yetkisi yoktur.<\/p>\n<p>Kuzey K\u0131br\u0131s T\u00fcrk Cumhuriyeti hava sahas\u0131 kontrol\u00fcndeki u\u00e7u\u015flar 1977 y\u0131l\u0131ndan bu yana Ercan Tavsiyeli Hava Sahas\u0131 \u00fczerinde ger\u00e7ekle\u015fmekte olup, Ercan Hava Trafik Kontrol Merkezi taraf\u0131ndan y\u00f6nlendirilmektedir.<\/p>\n<p>Rum taraf\u0131n\u0131n Ercan Tavsiyeli Hava Sahas\u0131 \u00fczerinde herhangi bir hak iddia etmesi veya m\u00fcdahalede bulunmas\u0131 hem son derece tehlikeli hem de gayri yasald\u0131r. Ancak, Rum taraf\u0131 zaman zaman bu u\u00e7u\u015flara m\u00fcdahale ederek, insan hayat\u0131n\u0131 tehlikeye atacak kadar ileriye gitmektedir. Rum taraf\u0131n\u0131n bu h\u00fck\u00fcmran tav\u0131rlar\u0131na prim veren Fransa gibi \u00fclkeler ise ne kadar tehlikeli bir oyun oynad\u0131klar\u0131n\u0131n maalesef fark\u0131nda de\u011fildirler.<\/p>\n<p>\u00dclkemizin bu gibi pervas\u0131z hareketlere tahamm\u00fcl g\u00f6stermeyece\u011fini ve Anavatan T\u00fcrkiye Cumhuriyeti\u2019yle birlikte gerekli t\u00fcm tedbirleri almaktan imtina etmeyece\u011fini bu vesileyle yeniden vurgulamakta fayda g\u00f6r\u00fcyoruz.\u201d<\/p>\n<\/p><\/div>\n<p><script async\n                    defer\n                    crossorigin=\"anonymous\"\n                    src=\"https:\/\/connect.facebook.net\/tr_TR\/sdk.js#xfbml=1&#038;version=v3.3\"\n            ><\/script><br \/>\n<br \/><br \/>\n<br \/><a href=\"https:\/\/brtk.net\/disislerinden-fransiz-ucaklariyla-ilgili-ikinci-aciklamabu-gibi-pervasiz-hareketlere-tahammul-gostermeyecegiz\/\">Kaynak BRT <\/a><\/p>\n","protected":false},"excerpt":{"rendered":"<p>Frans\u0131z sava\u015f u\u00e7aklar\u0131n\u0131n G\u00fcney K\u0131br\u0131s Rum Y\u00f6netimi\u2019nin izniyle u\u00e7tu\u011fu iddialar\u0131 \u00fczerine a\u00e7\u0131klama yapan D\u0131\u015fi\u015fleri Bakanl\u0131\u011f\u0131, \u201c\u00dclkemiz bu gibi pervas\u0131z hareketlere tahamm\u00fcl g\u00f6stermeyecek\u201d a\u00e7\u0131klamas\u0131nda bulundu. D\u0131\u015fi\u015fleri Bakanl\u0131\u011f\u0131, Anavatan T\u00fcrkiye Cumhuriyeti ile birlikte gerekli t\u00fcm tedbirleri almaktan imtina edilmeyece\u011fini vurgulad\u0131. D\u0131\u015fi\u015fleri Bakanl\u0131\u011f\u0131, Frans\u0131z sava\u015f u\u00e7aklar\u0131n\u0131n \u00fclkenin hava sahas\u0131n\u0131 ihlali \u00fczerine yeni bir a\u00e7\u0131klama daha yapt\u0131. G\u00fcney K\u0131br\u0131s [&hellip;]<\/p>\n","protected":false},"author":908,"featured_media":12293,"comment_status":"open","ping_status":"open","sticky":false,"template":"","format":"standard","meta":{"_jetpack_memberships_contains_paid_content":false,"footnotes":"","jetpack_publicize_message":"","jetpack_publicize_feature_enabled":true,"jetpack_social_post_already_shared":true,"jetpack_social_options":{"image_generator_settings":{"template":"highway","default_image_id":0,"font":"","enabled":false},"version":2}},"categories":[253],"tags":[],"class_list":["post-15394","post","type-post","status-publish","format-standard","has-post-thumbnail","hentry","category-gundem"],"jetpack_publicize_connections":[],"jetpack_featured_media_url":"https:\/\/kibrisayna.com\/wp-content\/uploads\/2024\/11\/1732729163_disisleri-bakanligi.jpg","jetpack_sharing_enabled":true,"_links":{"self":[{"href":"https:\/\/kibrisayna.com\/index.php\/wp-json\/wp\/v2\/posts\/15394","targetHints":{"allow":["GET"]}}],"collection":[{"href":"https:\/\/kibrisayna.com\/index.php\/wp-json\/wp\/v2\/posts"}],"about":[{"href":"https:\/\/kibrisayna.com\/index.php\/wp-json\/wp\/v2\/types\/post"}],"author":[{"embeddable":true,"href":"https:\/\/kibrisayna.com\/index.php\/wp-json\/wp\/v2\/users\/908"}],"replies":[{"embeddable":true,"href":"https:\/\/kibrisayna.com\/index.php\/wp-json\/wp\/v2\/comments?post=15394"}],"version-history":[{"count":0,"href":"https:\/\/kibrisayna.com\/index.php\/wp-json\/wp\/v2\/posts\/15394\/revisions"}],"wp:featuredmedia":[{"embeddable":true,"href":"https:\/\/kibrisayna.com\/index.php\/wp-json\/wp\/v2\/media\/12293"}],"wp:attachment":[{"href":"https:\/\/kibrisayna.com\/index.php\/wp-json\/wp\/v2\/media?parent=15394"}],"wp:term":[{"taxonomy":"category","embeddable":true,"href":"https:\/\/kibrisayna.com\/index.php\/wp-json\/wp\/v2\/categories?post=15394"},{"taxonomy":"post_tag","embeddable":true,"href":"https:\/\/kibrisayna.com\/index.php\/wp-json\/wp\/v2\/tags?post=15394"}],"curies":[{"name":"wp","href":"https:\/\/api.w.org\/{rel}","templated":true}]}}