{"id":15392,"date":"2024-12-30T19:22:39","date_gmt":"2024-12-30T16:22:39","guid":{"rendered":"https:\/\/kibrisayna.com\/index.php\/2024\/12\/30\/yuksek-mahkeme-baskani-ozerdag-brtye-konustutoplumsal-huzur-icin-suclarin-nasil-onlenebilecegi-konusunda-ciddi-bir-calisma-yapilmali-brtk\/"},"modified":"2024-12-30T19:22:39","modified_gmt":"2024-12-30T16:22:39","slug":"yuksek-mahkeme-baskani-ozerdag-brtye-konustutoplumsal-huzur-icin-suclarin-nasil-onlenebilecegi-konusunda-ciddi-bir-calisma-yapilmali-brtk","status":"publish","type":"post","link":"https:\/\/kibrisayna.com\/index.php\/2024\/12\/30\/yuksek-mahkeme-baskani-ozerdag-brtye-konustutoplumsal-huzur-icin-suclarin-nasil-onlenebilecegi-konusunda-ciddi-bir-calisma-yapilmali-brtk\/","title":{"rendered":"Y\u00fcksek Mahkeme Ba\u015fkan\u0131 \u00d6zerda\u011f BRT\u2019ye konu\u015ftu:Toplumsal huzur i\u00e7in su\u00e7lar\u0131n nas\u0131l \u00f6nlenebilece\u011fi konusunda ciddi bir \u00e7al\u0131\u015fma yap\u0131lmal\u0131 \u2013 BRTK"},"content":{"rendered":"<p> <br \/>\n<\/p>\n<div>\n<div class=\"mariselle-image-container center\">\n                <img loading=\"lazy\" decoding=\"async\" width=\"1600\" height=\"900\" class=\"lazy-image\" alt=\"\" sizes=\"auto, (max-width: 1600px) 100vw, 1600px\" src=\"https:\/\/brtk.net\/wp-content\/uploads\/2024\/12\/30\/IMG-20241230-WA0011.jpg?ver=8b4e15a29b68170b74a2d0ba2e53ea8e\" srcset=\"https:\/\/brtk.net\/wp-content\/uploads\/2024\/12\/30\/IMG-20241230-WA0011.jpg?ver=8b4e15a29b68170b74a2d0ba2e53ea8e 1600w, https:\/\/brtk.net\/wp-content\/uploads\/2024\/12\/30\/IMG-20241230-WA0011-300x169.jpg?ver=8b4e15a29b68170b74a2d0ba2e53ea8e 300w, https:\/\/brtk.net\/wp-content\/uploads\/2024\/12\/30\/IMG-20241230-WA0011-1024x576.jpg?ver=8b4e15a29b68170b74a2d0ba2e53ea8e 1024w, https:\/\/brtk.net\/wp-content\/uploads\/2024\/12\/30\/IMG-20241230-WA0011-768x432.jpg?ver=f2bf6fcaa19ac5993a00a69c12b5c4a1 768w, https:\/\/brtk.net\/wp-content\/uploads\/2024\/12\/30\/IMG-20241230-WA0011-1536x864.jpg?ver=f2bf6fcaa19ac5993a00a69c12b5c4a1 1536w\"\/>                            <\/div>\n<p>Y\u00fcksek Mahkeme Ba\u015fkan\u0131 Bertan \u00d6zerda\u011f, BRT\u2019de yay\u0131nlanan 18. Saat program\u0131na kat\u0131larak, 2024 y\u0131l\u0131nda yarg\u0131da ya\u015fanan sorunlar ile 2025 y\u0131l\u0131nda nelerin hedeflendi\u011fine ili\u015fkin sorular\u0131 yan\u0131tlad\u0131. <\/p>\n<p> \tBertan \u00d6zerda\u011f, KKTC\u2019de yarg\u0131\u00e7 say\u0131s\u0131n\u0131n az oldu\u011fundan bahsetti.<\/p>\n<p> \t2025 y\u0131l\u0131 i\u00e7erisinde \u00f6zellikle A\u011f\u0131r Ceza Mahkemelerinde mahkeme say\u0131s\u0131n\u0131 art\u0131rma y\u00f6n\u00fcne gitmeyi ama\u00e7lad\u0131klar\u0131n\u0131 vurgulayan \u00d6zerda\u011f, \u201cDaha fazla yarg\u0131\u00e7 alma imkanlar\u0131m\u0131z yarat\u0131labilinir ise ceza davalar\u0131n\u0131n daha h\u0131zl\u0131 bir \u015fekilde sonu\u00e7lanmas\u0131n\u0131 sa\u011flamay\u0131 hedefliyoruz\u201d dedi.<\/p>\n<p> \tMahkeme binalar\u0131ndaki eksikliklere de de\u011finen \u00d6zerda\u011f, yeni Y\u00fcksek Mahkeme binas\u0131 yap\u0131lmas\u0131 konusunda \u00e7al\u0131\u015fmalara h\u0131z verdiklerini s\u00f6yledi. <\/p>\n<p> \tY\u00fcksek Mahkeme Ba\u015fkan\u0131 \u00d6zerda\u011f, \u201cHedefimiz 2025 y\u0131l\u0131 i\u00e7erisinde daha fazla yarg\u0131\u00e7 almam\u0131za imkan tan\u0131yabilecek alt yap\u0131 sorunlar\u0131n\u0131 gidermek. Salon ve odalar\u0131 temin edip gerekli bilgi i\u015flem altyap\u0131lar\u0131n\u0131 da sa\u011flay\u0131p yarg\u0131\u00e7lar\u0131m\u0131z\u0131n g\u00f6rev yapabilmesi i\u00e7in imkanlar\u0131 haz\u0131rlamakt\u0131r\u201d dedi.    <\/p>\n<p>\tYeni Y\u00fcksek Mahkeme Binas\u0131n\u0131n bir iki sene i\u00e7erisinde in\u015fa edilebilece\u011fini ifade eden \u00d6zerda\u011f, \u201cY\u00fcksek Mahkeme olarak bo\u015faltaca\u011f\u0131m\u0131z alanlar Kaza mahkemesinde oda ve salon olarak kullan\u0131m\u0131 sa\u011flanacakt\u0131r. Dolay\u0131s\u0131yla Lefko\u015fa\u2019da ilerde 2 A\u011f\u0131r Ceza Mahkemesinin olu\u015fmas\u0131 g\u00fcndeme gelebilecektir\u201d dedi. <\/p>\n<p> \tYarg\u0131n\u0131n h\u0131zlanmas\u0131 ve adaletin erken tecelli etmesi i\u00e7in yarg\u0131ya gerekli \u00f6nemin verilmesini talep ettiklerini de vurgulayan \u00d6zerda\u011f, \u201cB\u00fct\u00e7eye bu sene i\u00e7erisinde binalar\u0131m\u0131z i\u00e7in 50 Milyon TL kaynak konuldu\u201d diye konu\u015ftu. <\/p>\n<p> \t\u00dclkede uyu\u015fturucu, trafik ve ki\u015filere y\u00f6nelik su\u00e7lar\u0131n artt\u0131\u011f\u0131n\u0131 ve bir vatanda\u015f olarak su\u00e7 olaylar\u0131n\u0131n hemen hemen her g\u00fcn man\u015fette yer almas\u0131ndan rahats\u0131zl\u0131k duydu\u011funu belirten \u00d6zerda\u011f, \u00fclkede su\u00e7 t\u00fcrlerinin hangi alanlarda oldu\u011fu konusunda genel bir \u00e7al\u0131\u015fma yapmak istediklerini a\u00e7\u0131klad\u0131.<\/p>\n<p> \tDevletin \u00fclkede su\u00e7lar\u0131n nerden kaynakland\u0131\u011f\u0131na ve neden art\u0131\u015f g\u00f6sterdi\u011fine dair \u00e7al\u0131\u015fma yapmas\u0131 gerekti\u011fini kaydeden \u00d6zerda\u011f, \u201cbu konuda bizde gerekli katk\u0131y\u0131 koymaya haz\u0131r\u0131z\u201d vurgusu yapt\u0131.<\/p>\n<div class=\"mariselle-image-container center\">\n                <img loading=\"lazy\" decoding=\"async\" width=\"1600\" height=\"900\" class=\"lazy-image\" alt=\"\" sizes=\"auto, (max-width: 1600px) 100vw, 1600px\" src=\"https:\/\/brtk.net\/wp-content\/uploads\/2024\/12\/30\/IMG-20241230-WA0010.jpg?ver=ea4d085c50e8367ca90d88346366e2a3\" srcset=\"https:\/\/brtk.net\/wp-content\/uploads\/2024\/12\/30\/IMG-20241230-WA0010.jpg?ver=ea4d085c50e8367ca90d88346366e2a3 1600w, https:\/\/brtk.net\/wp-content\/uploads\/2024\/12\/30\/IMG-20241230-WA0010-300x169.jpg?ver=893b9e6fa9e49caa249387ed4df51c10 300w, https:\/\/brtk.net\/wp-content\/uploads\/2024\/12\/30\/IMG-20241230-WA0010-1024x576.jpg?ver=893b9e6fa9e49caa249387ed4df51c10 1024w, https:\/\/brtk.net\/wp-content\/uploads\/2024\/12\/30\/IMG-20241230-WA0010-768x432.jpg?ver=893b9e6fa9e49caa249387ed4df51c10 768w, https:\/\/brtk.net\/wp-content\/uploads\/2024\/12\/30\/IMG-20241230-WA0010-1536x864.jpg?ver=cbf71a6db7fbdb1aec85cb1e80e4df51 1536w\"\/>                            <\/div>\n<p> \t\u00d6zerda\u011f, \u201cToplumsal olarak daha iyi bir noktaya gelebilmek i\u00e7in su\u00e7lar\u0131n nas\u0131l \u00f6nlenebilece\u011fi noktas\u0131nda \u00e7al\u0131\u015fmam\u0131z gerekir. \u0130n\u015fallah hangi su\u00e7lar\u0131n nas\u0131l meydana geldi\u011fi, nas\u0131l art\u0131\u015f g\u00f6sterdi\u011finin \u00fczerinde bu \u00f6n\u00fcm\u00fczdeki y\u0131l ciddi bir \u015fekilde \u00e7al\u0131\u015f\u0131l\u0131r\u201d dedi.    <\/p>\n<p> \tMahkemelerle ilgili elektronik ve dijitalle\u015fme konusundaki \u00e7al\u0131\u015fmalara da b\u00fcy\u00fck oranda a\u011f\u0131rl\u0131k verdiklerini anlatan \u00d6zerda\u011f, mahkemelerin daha s\u00fcratli, iyi hizmet verecek \u015fekilde, teknoloji ve dijitalle\u015fmenin \u00f6n planda tutulmas\u0131 hedefiyle \u00e7al\u0131\u015f\u0131ld\u0131\u011f\u0131n\u0131 s\u00f6yledi.      <\/p>\n<p> \tY\u00fcksek Mahkeme Ba\u015fkan\u0131 \u00d6zerda\u011f, bir soru \u00fczerine, 2025 y\u0131l\u0131 i\u00e7erisinde gerek eczac\u0131lar, gerekse sahte diploma ile ilgili yarg\u0131lamalar\u0131n devam edece\u011fini kaydetti ve sonu\u00e7lanaca\u011f\u0131na olan inanc\u0131n\u0131 dile getirdi. <\/p>\n<p> \tSon g\u00fcnlerde savunmas\u0131z tan\u0131k denilen ki\u015filerin bas\u0131nda \u00e7\u0131kan haberlerle sorun ya\u015fad\u0131\u011f\u0131na da i\u015faret eden Bertan \u00d6zerda\u011f, savunmas\u0131z tan\u0131klarla ilgili gerekli yasal \u00e7al\u0131\u015fman\u0131n ivedi olarak yap\u0131lmas\u0131 ve gerekli uygulamalar\u0131n ba\u015flamas\u0131 gerekti\u011fini s\u00f6yledi.<\/p>\n<\/p><\/div>\n<p><script async\n                    defer\n                    crossorigin=\"anonymous\"\n                    src=\"https:\/\/connect.facebook.net\/tr_TR\/sdk.js#xfbml=1&#038;version=v3.3\"\n            ><\/script><br \/>\n<br \/><br \/>\n<br \/><a href=\"https:\/\/brtk.net\/yuksek-mahkeme-baskani-ozerdag-brtye-konustutoplumsal-huzur-icin-suclarin-nasil-onlenebilecegi-konusunda-ciddi-bir-calisma-yapilmali\/\">Kaynak BRT <\/a><\/p>\n","protected":false},"excerpt":{"rendered":"<p>Y\u00fcksek Mahkeme Ba\u015fkan\u0131 Bertan \u00d6zerda\u011f, BRT\u2019de yay\u0131nlanan 18. Saat program\u0131na kat\u0131larak, 2024 y\u0131l\u0131nda yarg\u0131da ya\u015fanan sorunlar ile 2025 y\u0131l\u0131nda nelerin hedeflendi\u011fine ili\u015fkin sorular\u0131 yan\u0131tlad\u0131. Bertan \u00d6zerda\u011f, KKTC\u2019de yarg\u0131\u00e7 say\u0131s\u0131n\u0131n az oldu\u011fundan bahsetti. 2025 y\u0131l\u0131 i\u00e7erisinde \u00f6zellikle A\u011f\u0131r Ceza Mahkemelerinde mahkeme say\u0131s\u0131n\u0131 art\u0131rma y\u00f6n\u00fcne gitmeyi ama\u00e7lad\u0131klar\u0131n\u0131 vurgulayan \u00d6zerda\u011f, \u201cDaha fazla yarg\u0131\u00e7 alma imkanlar\u0131m\u0131z yarat\u0131labilinir ise ceza [&hellip;]<\/p>\n","protected":false},"author":908,"featured_media":15393,"comment_status":"open","ping_status":"open","sticky":false,"template":"","format":"standard","meta":{"_jetpack_memberships_contains_paid_content":false,"footnotes":"","jetpack_publicize_message":"","jetpack_publicize_feature_enabled":true,"jetpack_social_post_already_shared":true,"jetpack_social_options":{"image_generator_settings":{"template":"highway","default_image_id":0,"font":"","enabled":false},"version":2}},"categories":[253],"tags":[],"class_list":["post-15392","post","type-post","status-publish","format-standard","has-post-thumbnail","hentry","category-gundem"],"jetpack_publicize_connections":[],"jetpack_featured_media_url":"https:\/\/kibrisayna.com\/wp-content\/uploads\/2024\/12\/IMG-20241230-WA0011.jpg","jetpack_sharing_enabled":true,"_links":{"self":[{"href":"https:\/\/kibrisayna.com\/index.php\/wp-json\/wp\/v2\/posts\/15392","targetHints":{"allow":["GET"]}}],"collection":[{"href":"https:\/\/kibrisayna.com\/index.php\/wp-json\/wp\/v2\/posts"}],"about":[{"href":"https:\/\/kibrisayna.com\/index.php\/wp-json\/wp\/v2\/types\/post"}],"author":[{"embeddable":true,"href":"https:\/\/kibrisayna.com\/index.php\/wp-json\/wp\/v2\/users\/908"}],"replies":[{"embeddable":true,"href":"https:\/\/kibrisayna.com\/index.php\/wp-json\/wp\/v2\/comments?post=15392"}],"version-history":[{"count":0,"href":"https:\/\/kibrisayna.com\/index.php\/wp-json\/wp\/v2\/posts\/15392\/revisions"}],"wp:featuredmedia":[{"embeddable":true,"href":"https:\/\/kibrisayna.com\/index.php\/wp-json\/wp\/v2\/media\/15393"}],"wp:attachment":[{"href":"https:\/\/kibrisayna.com\/index.php\/wp-json\/wp\/v2\/media?parent=15392"}],"wp:term":[{"taxonomy":"category","embeddable":true,"href":"https:\/\/kibrisayna.com\/index.php\/wp-json\/wp\/v2\/categories?post=15392"},{"taxonomy":"post_tag","embeddable":true,"href":"https:\/\/kibrisayna.com\/index.php\/wp-json\/wp\/v2\/tags?post=15392"}],"curies":[{"name":"wp","href":"https:\/\/api.w.org\/{rel}","templated":true}]}}