{"id":15387,"date":"2024-12-30T16:53:36","date_gmt":"2024-12-30T13:53:36","guid":{"rendered":"https:\/\/kibrisayna.com\/index.php\/2024\/12\/30\/din-isleri-baskanligi-uc-aylar-ve-regaib-kandili-icin-mesaj-yayimladi-brtk\/"},"modified":"2024-12-30T16:53:36","modified_gmt":"2024-12-30T13:53:36","slug":"din-isleri-baskanligi-uc-aylar-ve-regaib-kandili-icin-mesaj-yayimladi-brtk","status":"publish","type":"post","link":"https:\/\/kibrisayna.com\/index.php\/2024\/12\/30\/din-isleri-baskanligi-uc-aylar-ve-regaib-kandili-icin-mesaj-yayimladi-brtk\/","title":{"rendered":"Din \u0130\u015fleri Ba\u015fkanl\u0131\u011f\u0131, \u00dc\u00e7 Aylar ve Regaib Kandili \u0130\u00e7in mesaj yay\u0131mlad\u0131 \u2013 BRTK"},"content":{"rendered":"<p> <br \/>\n<\/p>\n<div>\n<div class=\"mariselle-image-container center\">\n                <img loading=\"lazy\" decoding=\"async\" width=\"640\" height=\"358\" class=\"lazy-image\" alt=\"\" sizes=\"auto, (max-width: 640px) 100vw, 640px\" src=\"https:\/\/brtk.net\/wp-content\/uploads\/2024\/12\/30\/regaip.jpg?ver=ce0bd64649dafbb7911ab9a23b13fadd\" srcset=\"https:\/\/brtk.net\/wp-content\/uploads\/2024\/12\/30\/regaip.jpg?ver=ce0bd64649dafbb7911ab9a23b13fadd 640w, https:\/\/brtk.net\/wp-content\/uploads\/2024\/12\/30\/regaip-300x168.jpg?ver=21d5910e1c98a87d62abadececd3b433 300w\"\/>                            <\/div>\n<p>Din \u0130\u015fleri Ba\u015fkan\u0131 Ahmet \u00dcnsal, yeni y\u0131l, \u00fc\u00e7 aylar\u0131n ba\u015flang\u0131c\u0131 ve Regaib Kandili dolay\u0131s\u0131yla tebrik mesaj\u0131 yay\u0131mlad\u0131. <\/p>\n<p>\u00dcnsal, mesaj\u0131nda 2024\u2019\u00fc geride b\u0131rak\u0131p 2025\u2019e girerken, m\u00fcbarek \u00fc\u00e7 aylar\u0131n ilki olan Receb ay\u0131n\u0131n idrak edilece\u011fini belirtti. Miladi takvime g\u00f6re 1 Ocak 2025 \u00c7ar\u015famba g\u00fcn\u00fc, Hicri takvime g\u00f6re 1 Receb 1446\u2019ya denk geliyor. Regaib Kandili ise 2 Ocak 2025 Per\u015fembe ak\u015fam\u0131 kutlanacak.<\/p>\n<p>\u00dcnsal, mesaj\u0131nda yeni y\u0131l\u0131n sa\u011fl\u0131k, bar\u0131\u015f ve mutluluk getirmesi temennisinde bulunarak, m\u00fcbarek aylar ve geceler h\u00fcrmetine Cenab-\u0131 Hakk\u2019tan rahmet, ma\u011ffiret, bereket ve esenlik diledi.<\/p>\n<p>Halk\u0131n \u00fc\u00e7 \u00f6nemli merasimini tebrik eden \u00dcnsal, bu l\u00fctuflara daha nice y\u0131llar eri\u015febilmesi temennisinde bulundu.<\/p>\n<\/p><\/div>\n<p><script async\n                    defer\n                    crossorigin=\"anonymous\"\n                    src=\"https:\/\/connect.facebook.net\/tr_TR\/sdk.js#xfbml=1&#038;version=v3.3\"\n            ><\/script><br \/>\n<br \/><br \/>\n<br \/><a href=\"https:\/\/brtk.net\/din-isleri-baskanligi-uc-aylar-ve-regaib-kandili-icin-mesaj-yayimladi\/\">Kaynak BRT <\/a><\/p>\n","protected":false},"excerpt":{"rendered":"<p>Din \u0130\u015fleri Ba\u015fkan\u0131 Ahmet \u00dcnsal, yeni y\u0131l, \u00fc\u00e7 aylar\u0131n ba\u015flang\u0131c\u0131 ve Regaib Kandili dolay\u0131s\u0131yla tebrik mesaj\u0131 yay\u0131mlad\u0131. \u00dcnsal, mesaj\u0131nda 2024\u2019\u00fc geride b\u0131rak\u0131p 2025\u2019e girerken, m\u00fcbarek \u00fc\u00e7 aylar\u0131n ilki olan Receb ay\u0131n\u0131n idrak edilece\u011fini belirtti. Miladi takvime g\u00f6re 1 Ocak 2025 \u00c7ar\u015famba g\u00fcn\u00fc, Hicri takvime g\u00f6re 1 Receb 1446\u2019ya denk geliyor. Regaib Kandili ise 2 Ocak [&hellip;]<\/p>\n","protected":false},"author":908,"featured_media":15388,"comment_status":"open","ping_status":"open","sticky":false,"template":"","format":"standard","meta":{"_jetpack_memberships_contains_paid_content":false,"footnotes":"","jetpack_publicize_message":"","jetpack_publicize_feature_enabled":true,"jetpack_social_post_already_shared":true,"jetpack_social_options":{"image_generator_settings":{"template":"highway","default_image_id":0,"font":"","enabled":false},"version":2}},"categories":[253],"tags":[],"class_list":["post-15387","post","type-post","status-publish","format-standard","has-post-thumbnail","hentry","category-gundem"],"jetpack_publicize_connections":[],"jetpack_featured_media_url":"https:\/\/kibrisayna.com\/wp-content\/uploads\/2024\/12\/regaip.jpg","jetpack_sharing_enabled":true,"_links":{"self":[{"href":"https:\/\/kibrisayna.com\/index.php\/wp-json\/wp\/v2\/posts\/15387","targetHints":{"allow":["GET"]}}],"collection":[{"href":"https:\/\/kibrisayna.com\/index.php\/wp-json\/wp\/v2\/posts"}],"about":[{"href":"https:\/\/kibrisayna.com\/index.php\/wp-json\/wp\/v2\/types\/post"}],"author":[{"embeddable":true,"href":"https:\/\/kibrisayna.com\/index.php\/wp-json\/wp\/v2\/users\/908"}],"replies":[{"embeddable":true,"href":"https:\/\/kibrisayna.com\/index.php\/wp-json\/wp\/v2\/comments?post=15387"}],"version-history":[{"count":0,"href":"https:\/\/kibrisayna.com\/index.php\/wp-json\/wp\/v2\/posts\/15387\/revisions"}],"wp:featuredmedia":[{"embeddable":true,"href":"https:\/\/kibrisayna.com\/index.php\/wp-json\/wp\/v2\/media\/15388"}],"wp:attachment":[{"href":"https:\/\/kibrisayna.com\/index.php\/wp-json\/wp\/v2\/media?parent=15387"}],"wp:term":[{"taxonomy":"category","embeddable":true,"href":"https:\/\/kibrisayna.com\/index.php\/wp-json\/wp\/v2\/categories?post=15387"},{"taxonomy":"post_tag","embeddable":true,"href":"https:\/\/kibrisayna.com\/index.php\/wp-json\/wp\/v2\/tags?post=15387"}],"curies":[{"name":"wp","href":"https:\/\/api.w.org\/{rel}","templated":true}]}}