{"id":15377,"date":"2024-12-30T16:07:25","date_gmt":"2024-12-30T13:07:25","guid":{"rendered":"https:\/\/kibrisayna.com\/index.php\/2024\/12\/30\/sivil-havacilik-dairesi-ile-girne-universitesi-arasinda-protokol-imzalandi-brtk\/"},"modified":"2024-12-30T16:07:25","modified_gmt":"2024-12-30T13:07:25","slug":"sivil-havacilik-dairesi-ile-girne-universitesi-arasinda-protokol-imzalandi-brtk","status":"publish","type":"post","link":"https:\/\/kibrisayna.com\/index.php\/2024\/12\/30\/sivil-havacilik-dairesi-ile-girne-universitesi-arasinda-protokol-imzalandi-brtk\/","title":{"rendered":"Sivil Havac\u0131l\u0131k Dairesi ile Girne \u00dcniversitesi aras\u0131nda protokol imzaland\u0131 \u2013 BRTK"},"content":{"rendered":"<p> <br \/>\n<\/p>\n<div>\n<div class=\"mariselle-image-container center\">\n                <img loading=\"lazy\" decoding=\"async\" width=\"1600\" height=\"1066\" class=\"lazy-image\" alt=\"\" sizes=\"auto, (max-width: 1600px) 100vw, 1600px\" src=\"https:\/\/brtk.net\/wp-content\/uploads\/2024\/12\/30\/klkl.jpg?ver=8c761885038a986840515617387c5403\" srcset=\"https:\/\/brtk.net\/wp-content\/uploads\/2024\/12\/30\/klkl.jpg?ver=8c761885038a986840515617387c5403 1600w, https:\/\/brtk.net\/wp-content\/uploads\/2024\/12\/30\/klkl-300x200.jpg?ver=de74ff41723bb121c0fb0399bdb549b4 300w, https:\/\/brtk.net\/wp-content\/uploads\/2024\/12\/30\/klkl-1024x682.jpg?ver=de74ff41723bb121c0fb0399bdb549b4 1024w, https:\/\/brtk.net\/wp-content\/uploads\/2024\/12\/30\/klkl-768x512.jpg?ver=8dd66684eed3bf1c968466d5826b4677 768w, https:\/\/brtk.net\/wp-content\/uploads\/2024\/12\/30\/klkl-1536x1023.jpg?ver=8dd66684eed3bf1c968466d5826b4677 1536w\"\/>                            <\/div>\n<p> Bay\u0131nd\u0131rl\u0131k ve Ula\u015ft\u0131rma Bakanl\u0131\u011f\u0131\u2019na ba\u011fl\u0131 Sivil Havac\u0131l\u0131k Dairesi ile Girne \u00dcniversitesi, pilot adaylar\u0131 i\u00e7in e\u011fitim u\u00e7u\u015fu d\u00fczenlenmesi konusunda protokol imzaland\u0131.<\/p>\n<p>Bakanl\u0131ktan yap\u0131lan yaz\u0131l\u0131 a\u00e7\u0131klamaya g\u00f6re, \u00fclke tarihinde e\u011fitim ama\u00e7l\u0131 sivil u\u00e7u\u015flara ilk kez izin verilmesinin ard\u0131ndan haz\u0131rlanan protokole Sivil Havac\u0131l\u0131k Dairesi M\u00fcd\u00fcr\u00fc Mustafa Sofi, Sivil Havac\u0131l\u0131k Dairesi Hava Trafik Kontrol \u015eube Amiri Toycan \u00d6zdo\u011fanlar ve Girne \u00dcniversitesi Rekt\u00f6r Yrd. ve Onayl\u0131 E\u011fitim Organizasyonu (U\u00e7u\u015f Okulu) Sorumlu M\u00fcd\u00fcr\u00fc Prof. Dr. G\u00f6kmen Da\u011fl\u0131 imza koydu.<\/p>\n<p>D\u00fcnyan\u0131n ve Avrupa\u2019n\u0131n bir\u00e7ok \u00fclkesinde bulunmayan e\u011fitim u\u00e7u\u015flar\u0131n\u0131n KKTC\u2019de yap\u0131labilecek olmas\u0131 sayesinde, daha \u00f6nce T\u00fcrkiye ve G\u00fczey K\u0131br\u0131s\u2019ta e\u011fitim u\u00e7u\u015flar\u0131na kat\u0131lan KKTC vatanda\u015flar\u0131, e\u011fitim u\u00e7u\u015flar\u0131n\u0131 kendi \u00fclkelerinde yapabilecek.<\/p>\n<p>Buna ek olarak, kendi \u00fclkesinde e\u011fitim u\u00e7u\u015fu olmayan yabanc\u0131lar da e\u011fitim u\u00e7u\u015flar\u0131n\u0131 KKTC\u2019de yapabilecek.<\/p>\n<p>-E\u011fitim u\u00e7u\u015flar\u0131 Karpaz \u00fczerinde yap\u0131lacak<\/p>\n<p>Bay\u0131nd\u0131rl\u0131k ve Ula\u015ft\u0131rma Bakan\u0131 Erhan Ar\u0131kl\u0131 taraf\u0131ndan onaylanan protokol, Girne \u00dcniversitesi Lisansl\u0131 pilot \u00f6\u011frencilerinin Girne \u00dcniversitesi\u2019ne ait hava ara\u00e7lar\u0131 ile yapacaklar\u0131 PIC (Pilot in Command) e\u011fitim u\u00e7u\u015flar\u0131n\u0131 hangi ko\u015fullar alt\u0131nda icra edebilece\u011fini ve Ercan Havaliman\u0131\u2019ndan yap\u0131lacak u\u00e7u\u015flara ili\u015fkin taraflar\u0131n kar\u015f\u0131l\u0131kl\u0131 sorumluluklar\u0131n\u0131 belirlemek amac\u0131yla haz\u0131rland\u0131.<\/p>\n<p>Protokol uyar\u0131nca Ercan Havaliman\u0131 kontrol sahas\u0131 i\u00e7erisinde icra edilecek PIC e\u011fitim u\u00e7u\u015f faaliyetleri, uluslararas\u0131 ve ulusal kurallar \u00e7er\u00e7evesinde, belirlenmi\u015f g\u00fczerg\u00e2h \u00fczerinde yap\u0131lacak.<\/p>\n<p>Buna g\u00f6re pilot yeti\u015ftirme amac\u0131yla Ercan Havaliman\u0131\u2019ndan ba\u015flayacak e\u011fitim u\u00e7u\u015flar\u0131, Karpaz Yar\u0131madas\u0131 \u00fczerinde ger\u00e7ekle\u015fecek.<\/p>\n<p><strong>-\u00dclke tan\u0131t\u0131m\u0131na katk\u0131<\/strong><\/p>\n<p>Bay\u0131nd\u0131rl\u0131k ve Ula\u015ft\u0131rma Bakan\u0131 Ar\u0131kl\u0131, \u00fclkeye ula\u015f\u0131m\u0131n iki yolundan birinin hava yolu oldu\u011funu belirterek Kuzey K\u0131br\u0131s T\u00fcrk Cumhuriyeti\u2019nde sivil havac\u0131l\u0131\u011f\u0131n geli\u015fmesinin \u00e7ok \u00f6nemli oldu\u011funu s\u00f6yledi.<\/p>\n<p>Ar\u0131kl\u0131, \u201cUlu \u00f6nder Atat\u00fcrk\u2019\u00fcn dedi\u011fi gibi istikbal, K\u0131br\u0131s T\u00fcrk\u00fc i\u00e7in de g\u00f6klerdedir. Bu y\u00fczden \u00fclkemizde sivil havac\u0131l\u0131\u011f\u0131n geli\u015fmesi, ba\u015fta pilotlar olmak \u00fczere bu sekt\u00f6rde \u00e7al\u0131\u015facak kalifiye eleman yeti\u015ftirecek kurumlar\u0131m\u0131za her zaman destek olmaya haz\u0131r\u0131z. E\u011fitim u\u00e7u\u015flar\u0131n\u0131n ilk kez yap\u0131lacak olmas\u0131n\u0131n yan\u0131nda, \u00fclkelerinde e\u011fitim u\u00e7u\u015fu imkan\u0131 olmayan yabanc\u0131lar\u0131n da KKTC\u2019de e\u011fitim u\u00e7u\u015fu yapabilecek olmas\u0131 hem e\u011fitim kurumlar\u0131m\u0131z\u0131n hem de \u00fclkemizin tan\u0131t\u0131m\u0131 a\u00e7\u0131s\u0131ndan olduk\u00e7a de\u011ferli bir geli\u015fmedir. \u00dclkemize hay\u0131rl\u0131 u\u011furlu olsun\u201d dedi.<\/p>\n<\/p><\/div>\n<p><script async\n                    defer\n                    crossorigin=\"anonymous\"\n                    src=\"https:\/\/connect.facebook.net\/tr_TR\/sdk.js#xfbml=1&#038;version=v3.3\"\n            ><\/script><br \/>\n<br \/><br \/>\n<br \/><a href=\"https:\/\/brtk.net\/sivil-havacilik-dairesi-ile-girne-universitesi-arasinda-protokol-imzalandi\/\">Kaynak BRT <\/a><\/p>\n","protected":false},"excerpt":{"rendered":"<p>Bay\u0131nd\u0131rl\u0131k ve Ula\u015ft\u0131rma Bakanl\u0131\u011f\u0131\u2019na ba\u011fl\u0131 Sivil Havac\u0131l\u0131k Dairesi ile Girne \u00dcniversitesi, pilot adaylar\u0131 i\u00e7in e\u011fitim u\u00e7u\u015fu d\u00fczenlenmesi konusunda protokol imzaland\u0131. Bakanl\u0131ktan yap\u0131lan yaz\u0131l\u0131 a\u00e7\u0131klamaya g\u00f6re, \u00fclke tarihinde e\u011fitim ama\u00e7l\u0131 sivil u\u00e7u\u015flara ilk kez izin verilmesinin ard\u0131ndan haz\u0131rlanan protokole Sivil Havac\u0131l\u0131k Dairesi M\u00fcd\u00fcr\u00fc Mustafa Sofi, Sivil Havac\u0131l\u0131k Dairesi Hava Trafik Kontrol \u015eube Amiri Toycan \u00d6zdo\u011fanlar ve [&hellip;]<\/p>\n","protected":false},"author":908,"featured_media":15378,"comment_status":"open","ping_status":"open","sticky":false,"template":"","format":"standard","meta":{"_jetpack_memberships_contains_paid_content":false,"footnotes":"","jetpack_publicize_message":"","jetpack_publicize_feature_enabled":true,"jetpack_social_post_already_shared":true,"jetpack_social_options":{"image_generator_settings":{"template":"highway","default_image_id":0,"font":"","enabled":false},"version":2}},"categories":[253],"tags":[],"class_list":["post-15377","post","type-post","status-publish","format-standard","has-post-thumbnail","hentry","category-gundem"],"jetpack_publicize_connections":[],"jetpack_featured_media_url":"https:\/\/kibrisayna.com\/wp-content\/uploads\/2024\/12\/klkl.jpg","jetpack_sharing_enabled":true,"_links":{"self":[{"href":"https:\/\/kibrisayna.com\/index.php\/wp-json\/wp\/v2\/posts\/15377","targetHints":{"allow":["GET"]}}],"collection":[{"href":"https:\/\/kibrisayna.com\/index.php\/wp-json\/wp\/v2\/posts"}],"about":[{"href":"https:\/\/kibrisayna.com\/index.php\/wp-json\/wp\/v2\/types\/post"}],"author":[{"embeddable":true,"href":"https:\/\/kibrisayna.com\/index.php\/wp-json\/wp\/v2\/users\/908"}],"replies":[{"embeddable":true,"href":"https:\/\/kibrisayna.com\/index.php\/wp-json\/wp\/v2\/comments?post=15377"}],"version-history":[{"count":0,"href":"https:\/\/kibrisayna.com\/index.php\/wp-json\/wp\/v2\/posts\/15377\/revisions"}],"wp:featuredmedia":[{"embeddable":true,"href":"https:\/\/kibrisayna.com\/index.php\/wp-json\/wp\/v2\/media\/15378"}],"wp:attachment":[{"href":"https:\/\/kibrisayna.com\/index.php\/wp-json\/wp\/v2\/media?parent=15377"}],"wp:term":[{"taxonomy":"category","embeddable":true,"href":"https:\/\/kibrisayna.com\/index.php\/wp-json\/wp\/v2\/categories?post=15377"},{"taxonomy":"post_tag","embeddable":true,"href":"https:\/\/kibrisayna.com\/index.php\/wp-json\/wp\/v2\/tags?post=15377"}],"curies":[{"name":"wp","href":"https:\/\/api.w.org\/{rel}","templated":true}]}}