{"id":15374,"date":"2024-12-30T16:01:21","date_gmt":"2024-12-30T13:01:21","guid":{"rendered":"https:\/\/kibrisayna.com\/index.php\/2024\/12\/30\/ksk-kibrisli-turk-uye-muftuzadekayiplar-konusu-politize-edilmemeli-brtk\/"},"modified":"2024-12-30T16:01:21","modified_gmt":"2024-12-30T13:01:21","slug":"ksk-kibrisli-turk-uye-muftuzadekayiplar-konusu-politize-edilmemeli-brtk","status":"publish","type":"post","link":"https:\/\/kibrisayna.com\/index.php\/2024\/12\/30\/ksk-kibrisli-turk-uye-muftuzadekayiplar-konusu-politize-edilmemeli-brtk\/","title":{"rendered":"K\u015eK K\u0131br\u0131sl\u0131 T\u00fcrk \u00dcye M\u00fcft\u00fczade:Kay\u0131plar konusu politize edilmemeli \u2013 BRTK"},"content":{"rendered":"<p> <br \/>\n<\/p>\n<div>\n<div class=\"mariselle-image-container center\">\n                <img loading=\"lazy\" decoding=\"async\" width=\"1600\" height=\"784\" class=\"lazy-image\" alt=\"\" sizes=\"auto, (max-width: 1600px) 100vw, 1600px\" src=\"https:\/\/brtk.net\/wp-content\/uploads\/2023\/04\/07\/HAKKI-MUFTUZADE.jpg?ver=14b3e3d67ac5ddc80a4d438acd84ba88\" srcset=\"https:\/\/brtk.net\/wp-content\/uploads\/2023\/04\/07\/HAKKI-MUFTUZADE.jpg?ver=14b3e3d67ac5ddc80a4d438acd84ba88 1600w, https:\/\/brtk.net\/wp-content\/uploads\/2023\/04\/07\/HAKKI-MUFTUZADE-300x147.jpg?ver=14b3e3d67ac5ddc80a4d438acd84ba88 300w, https:\/\/brtk.net\/wp-content\/uploads\/2023\/04\/07\/HAKKI-MUFTUZADE-1024x502.jpg?ver=14b3e3d67ac5ddc80a4d438acd84ba88 1024w, https:\/\/brtk.net\/wp-content\/uploads\/2023\/04\/07\/HAKKI-MUFTUZADE-768x376.jpg?ver=eb3ddd4e4763b4caf38385a7a03f2fcd 768w, https:\/\/brtk.net\/wp-content\/uploads\/2023\/04\/07\/HAKKI-MUFTUZADE-1536x753.jpg?ver=eb3ddd4e4763b4caf38385a7a03f2fcd 1536w\"\/>                            <\/div>\n<p>Kay\u0131p \u015eah\u0131slar Komitesi K\u0131br\u0131sl\u0131 T\u00fcrk \u00dcye Hakk\u0131 M\u00fcft\u00fczade, kay\u0131plar konusunun politize edilmeyece\u011fine dair taraflar aras\u0131nda bir mutabakat olmas\u0131na ra\u011fmen Rum siyasilerin zaman zaman bu insanc\u0131l konuyu siyasi ama\u00e7lar\u0131 i\u00e7in kulland\u0131klar\u0131n\u0131 belirterek, \u201cbu tutumun hem kay\u0131p yak\u0131nlar\u0131n\u0131 rencide etti\u011fini hem de iki toplum aras\u0131nda g\u00fcvensizlik yaratt\u0131\u011f\u0131n\u0131\u201d ifade etti.<\/p>\n<p>M\u00fcft\u00fczade, yaz\u0131l\u0131 a\u00e7\u0131klama yaparak, K\u015eK\u2019n\u0131n y\u00fcr\u00fctt\u00fc\u011f\u00fc \u00e7al\u0131\u015fmalar sonucunda 2005 y\u0131l\u0131ndan bug\u00fcne kadar 1,685 kaz\u0131 yap\u0131ld\u0131\u011f\u0131n\u0131, 1,688 ki\u015fiye ait kal\u0131nt\u0131lara kaz\u0131larda ula\u015f\u0131ld\u0131\u011f\u0131n\u0131 ve 1,051 kay\u0131p ki\u015finin kimliklendirildi\u011fini belirtti. K\u015eK\u2019n\u0131n 2024 y\u0131l\u0131nda 20 ki\u015fiye ait kal\u0131nt\u0131lara ula\u015ft\u0131\u011f\u0131n\u0131, 11 ki\u015finin kimliklendirdi\u011fini ve 2024 y\u0131l\u0131 sonuna gelinirken kay\u0131p say\u0131s\u0131n\u0131n y\u00fczde 52 sinde pozitif kimliklendirme ger\u00e7ekle\u015ftirdi\u011fini de a\u00e7\u0131klad\u0131.<\/p>\n<p><strong>-Askeri b\u00f6lgelerde kaz\u0131lar\u2026<\/strong><\/p>\n<p>M\u00fcft\u00fczade ayr\u0131ca, T\u00fcrk askeri makamlar\u0131n\u0131n, K\u015eK\u2019n\u0131n \u00e7al\u0131\u015fmalar\u0131na seri bir \u015fekilde devam edebilmesini teminen, K\u015eK ekiplerince askeri b\u00f6lgelerde kaz\u0131lar yap\u0131lmas\u0131na imk\u00e2n sa\u011flanmas\u0131 amac\u0131yla olu\u015fturulan kaz\u0131 listeleri d\u00e2hilinde d\u00fczenli olarak verilen izinleri yeniledi\u011fini belirterek, \u201cBu ba\u011flamda askeri kaz\u0131lar\u0131n ba\u015flad\u0131\u011f\u0131 tarihten g\u00fcn\u00fcm\u00fcze kadar toplam 108 farkl\u0131 b\u00f6lgede kaz\u0131 faaliyetlerine imk\u00e2n verilmi\u015ftir ve K\u015eK\u2019n\u0131n halen bir askeri b\u00f6lgede devam eden kaz\u0131 \u00e7al\u0131\u015fmalar\u0131 mevcuttur\u201d dedi.<\/p>\n<p>-\u201cRum siyasilerin bu insanc\u0131l hususu siyasi ama\u00e7lar\u0131 i\u00e7in kulland\u0131klar\u0131n\u0131 g\u00f6zlemliyoruz\u201d<\/p>\n<p>M\u00fcft\u00fczade, \u201cKay\u0131plar konusunun politize edilmeyece\u011fine dair taraflar aras\u0131nda bir mutabakat olmas\u0131na ra\u011fmen maalesef Rum siyasilerin zaman zaman bu insanc\u0131l ve hassas hususu siyasi ama\u00e7lar\u0131 i\u00e7in kulland\u0131klar\u0131n\u0131 g\u00f6zlemliyoruz. Bu tutum hem kay\u0131p yak\u0131nlar\u0131n\u0131 rencide etmektedir hem de iki toplum aras\u0131nda g\u00fcvensizlik yaratmaktad\u0131r.\u201d ifadelerini de kulland\u0131.<\/p>\n<p>M\u00fcft\u00fczade, Kay\u0131p \u015eah\u0131slar Komitesi K\u0131br\u0131sl\u0131 T\u00fcrk \u00dcye Ofisi olarak, 2025 y\u0131l\u0131n\u0131n daha da verimli bir sene olaca\u011f\u0131ndan \u00fcmitli olduklar\u0131n\u0131 ifade ederek, \u201cKaz\u0131 ekipleri say\u0131m\u0131z\u0131 8 ekibe y\u00fckseltmeyi ve yeni i\u015f makineleri temin ederek kaz\u0131lar\u0131m\u0131z\u0131 h\u0131zland\u0131rmay\u0131 planlamaktay\u0131z. Bu vesileyle, kay\u0131p yak\u0131nlar\u0131 ba\u015fta olmak \u00fczere yeni y\u0131l\u0131n t\u00fcm insanl\u0131\u011f\u0131n beklentilerinin kar\u015f\u0131lanaca\u011f\u0131 bir y\u0131l olmas\u0131n\u0131 temenni ederim.\u201d dedi.<\/p>\n<\/p><\/div>\n<p><script async\n                    defer\n                    crossorigin=\"anonymous\"\n                    src=\"https:\/\/connect.facebook.net\/tr_TR\/sdk.js#xfbml=1&#038;version=v3.3\"\n            ><\/script><br \/>\n<br \/><br \/>\n<br \/><a href=\"https:\/\/brtk.net\/ksk-kibrisli-turk-uye-muftuzadekayiplar-konusu-politize-edilmemeli\/\">Kaynak BRT <\/a><\/p>\n","protected":false},"excerpt":{"rendered":"<p>Kay\u0131p \u015eah\u0131slar Komitesi K\u0131br\u0131sl\u0131 T\u00fcrk \u00dcye Hakk\u0131 M\u00fcft\u00fczade, kay\u0131plar konusunun politize edilmeyece\u011fine dair taraflar aras\u0131nda bir mutabakat olmas\u0131na ra\u011fmen Rum siyasilerin zaman zaman bu insanc\u0131l konuyu siyasi ama\u00e7lar\u0131 i\u00e7in kulland\u0131klar\u0131n\u0131 belirterek, \u201cbu tutumun hem kay\u0131p yak\u0131nlar\u0131n\u0131 rencide etti\u011fini hem de iki toplum aras\u0131nda g\u00fcvensizlik yaratt\u0131\u011f\u0131n\u0131\u201d ifade etti. M\u00fcft\u00fczade, yaz\u0131l\u0131 a\u00e7\u0131klama yaparak, K\u015eK\u2019n\u0131n y\u00fcr\u00fctt\u00fc\u011f\u00fc \u00e7al\u0131\u015fmalar sonucunda [&hellip;]<\/p>\n","protected":false},"author":908,"featured_media":15375,"comment_status":"open","ping_status":"open","sticky":false,"template":"","format":"standard","meta":{"_jetpack_memberships_contains_paid_content":false,"footnotes":"","jetpack_publicize_message":"","jetpack_publicize_feature_enabled":true,"jetpack_social_post_already_shared":true,"jetpack_social_options":{"image_generator_settings":{"template":"highway","default_image_id":0,"font":"","enabled":false},"version":2}},"categories":[253],"tags":[],"class_list":["post-15374","post","type-post","status-publish","format-standard","has-post-thumbnail","hentry","category-gundem"],"jetpack_publicize_connections":[],"jetpack_featured_media_url":"https:\/\/kibrisayna.com\/wp-content\/uploads\/2024\/12\/HAKKI-MUFTUZADE.jpg","jetpack_sharing_enabled":true,"_links":{"self":[{"href":"https:\/\/kibrisayna.com\/index.php\/wp-json\/wp\/v2\/posts\/15374","targetHints":{"allow":["GET"]}}],"collection":[{"href":"https:\/\/kibrisayna.com\/index.php\/wp-json\/wp\/v2\/posts"}],"about":[{"href":"https:\/\/kibrisayna.com\/index.php\/wp-json\/wp\/v2\/types\/post"}],"author":[{"embeddable":true,"href":"https:\/\/kibrisayna.com\/index.php\/wp-json\/wp\/v2\/users\/908"}],"replies":[{"embeddable":true,"href":"https:\/\/kibrisayna.com\/index.php\/wp-json\/wp\/v2\/comments?post=15374"}],"version-history":[{"count":0,"href":"https:\/\/kibrisayna.com\/index.php\/wp-json\/wp\/v2\/posts\/15374\/revisions"}],"wp:featuredmedia":[{"embeddable":true,"href":"https:\/\/kibrisayna.com\/index.php\/wp-json\/wp\/v2\/media\/15375"}],"wp:attachment":[{"href":"https:\/\/kibrisayna.com\/index.php\/wp-json\/wp\/v2\/media?parent=15374"}],"wp:term":[{"taxonomy":"category","embeddable":true,"href":"https:\/\/kibrisayna.com\/index.php\/wp-json\/wp\/v2\/categories?post=15374"},{"taxonomy":"post_tag","embeddable":true,"href":"https:\/\/kibrisayna.com\/index.php\/wp-json\/wp\/v2\/tags?post=15374"}],"curies":[{"name":"wp","href":"https:\/\/api.w.org\/{rel}","templated":true}]}}