{"id":15362,"date":"2024-12-30T14:54:22","date_gmt":"2024-12-30T11:54:22","guid":{"rendered":"https:\/\/kibrisayna.com\/index.php\/2024\/12\/30\/otvsiz-arac-duzenlemesi-geriye-donus-isleyecek-10-yil-bekleyecekler\/"},"modified":"2024-12-30T14:54:22","modified_gmt":"2024-12-30T11:54:22","slug":"otvsiz-arac-duzenlemesi-geriye-donus-isleyecek-10-yil-bekleyecekler","status":"publish","type":"post","link":"https:\/\/kibrisayna.com\/index.php\/2024\/12\/30\/otvsiz-arac-duzenlemesi-geriye-donus-isleyecek-10-yil-bekleyecekler\/","title":{"rendered":"\u00d6TV&#8217;siz ara\u00e7 d\u00fczenlemesi: Geriye d\u00f6n\u00fc\u015f i\u015fleyecek, 10 y\u0131l bekleyecekler"},"content":{"rendered":"<p> <br \/>\n<br \/><img decoding=\"async\" src=\"https:\/\/cdn1.ntv.com.tr\/gorsel\/Yuy8bkVzdUWuv2DofVvMEQ.jpg?width=1200&amp;ampmode=crop&amp;ampscale=both\" class=\"type:primaryImage\" alt=\"\u00d6TV'siz ara\u00e7 d\u00fczenlemesi: Geriye d\u00f6n\u00fc\u015f i\u015fleyecek, 10 y\u0131l bekleyecekler\" \/><\/p>\n<p>Engellilerin \u00d6TV&#8217;siz ara\u00e7 al\u0131m-sat\u0131mlar\u0131nda s\u00fcre 10 y\u0131la \u00e7\u0131kar\u0131ld\u0131. S\u00f6z konu y\u0131l kural\u0131n\u0131n ge\u00e7mi\u015fe d\u00f6n\u00fck de ge\u00e7erli olaca\u011f\u0131 \u00f6\u011frenildi. D\u00fczenlemenin resmile\u015fti\u011fi tarihten \u00f6nce ara\u00e7 alanlar 5 y\u0131ldan sonra cezas\u0131z satabilecek. Ancak yeniden ara\u00e7 al\u0131m\u0131 i\u00e7in 10 y\u0131l beklenmesi gerekecek.<\/p>\n<section class=\"type:slideshow\">\n<figure><img decoding=\"async\" src=\"https:\/\/cdn1.ntv.com.tr\/gorsel\/CoME2iU3pkiBfdjoUtptCg.jpg?width=1200&amp;mode=crop&amp;scale=both\" width=\"1200\" \/><figcaption>Engellilere \u00d6TV&#8217;siz ara\u00e7 d\u00fczenlemesinde ayr\u0131nt\u0131lar netle\u015fti.<br \/>\nAl\u0131nan bilgilere \u00d6TV&#8217;siz ara\u00e7 d\u00fczenlemesi geriye d\u00f6n\u00fck de i\u015fleyecek.<\/figcaption><\/figure>\n<figure><img decoding=\"async\" src=\"https:\/\/cdn1.ntv.com.tr\/gorsel\/GfYuezelj0mZrMm4BL8D7g.jpg?width=1200&amp;mode=crop&amp;scale=both\" width=\"1200\" \/><figcaption>\u00d6TV&#8217;siz ara\u00e7lar alanlar\u0131n 5 y\u0131l boyunca satmama \u015fart\u0131 bulunuyordu.<br \/>\n25 Aral\u0131k&#8217;ta Resmi Gazete&#8217;de yay\u0131mlanan d\u00fczenleme ile ara\u00e7 sat\u0131\u015f \u015fart\u0131 10 y\u0131la \u00e7\u0131kar\u0131ld\u0131.<br \/>\n\u00d6TV&#8217;siz ara\u00e7larda yeni d\u00f6nem 1 Ocak&#8217;tan itibaren resmen ba\u015flayacak.<\/figcaption><\/figure>\n<figure><img decoding=\"async\" src=\"https:\/\/cdn1.ntv.com.tr\/gorsel\/HUlUG_NlcEWHTHmpnuvjZw.jpg?width=1200&amp;mode=crop&amp;scale=both\" width=\"1200\" \/><figcaption>CNBC-e&#8217;nin haberine g\u00f6re engelli bireylerin \u00d6TV&#8217;siz ara\u00e7 al\u0131m\u0131nda 10 y\u0131l \u015fart\u0131 ge\u00e7mi\u015fte al\u0131nan ara\u00e7lar i\u00e7in de ge\u00e7erli olacak.<\/figcaption><\/figure>\n<figure><img decoding=\"async\" src=\"https:\/\/cdn1.ntv.com.tr\/gorsel\/Jjw6CwUXxECcc38VYjujdw.jpg?width=1200&amp;mode=crop&amp;scale=both\" width=\"1200\" \/><figcaption>D\u00fczenlemeden \u00f6nce ara\u00e7 alanlar 5 y\u0131ldan sonra cezas\u0131z satabilecek. Ancak yeni ara\u00e7 al\u0131mlar\u0131 i\u00e7in 10 y\u0131l\u0131n ge\u00e7mesi gerekecek.<br \/>\nYani 3 y\u0131l \u00f6nce ara\u00e7 alan bir ki\u015fi 2 y\u0131l sonra arac\u0131n\u0131 satabilecek. Bu ki\u015fi, yeni ara\u00e7 al\u0131m\u0131 i\u00e7in 7 y\u0131l beklemek zorunda kalacak.<\/figcaption><\/figure>\n<figure><img decoding=\"async\" src=\"https:\/\/cdn1.ntv.com.tr\/gorsel\/rU-vafNw7ECaXRb-hidwVg.jpg?width=1200&amp;mode=crop&amp;scale=both\" width=\"1200\" \/><figcaption>Y\u00fczde 90 ve \u00fczeri engeli bulunanlar\u0131n yararlanabildi\u011fi \u00d6TV muafiyetinde \u00fcst limit de 1 Ocak 2025 tarihinden itibaren y\u00fczde 43,93 art\u0131\u015fla 2 milyon 247 bin 114 TL olarak uygulanacak.<\/figcaption><\/figure>\n<figure><img decoding=\"async\" src=\"https:\/\/cdn1.ntv.com.tr\/gorsel\/p-9Kp2qbbEuJrYIlm6a77Q.jpg?width=1200&amp;mode=crop&amp;scale=both\" width=\"1200\" \/><figcaption>Bu kriterlerle birlikte al\u0131nacak ara\u00e7larda y\u00fczde 40 yerlilik \u015fart\u0131 aranacak.<\/figcaption><\/figure>\n<\/section>\n<p><br \/>\n<br \/><a href=\"https:\/\/www.ntv.com.tr\/galeri\/otomobil\/otvsiz-arac-duzenlemesi-geriye-donus-isleyecek-10-yil-bekleyecekler,vAd0O8hhg0q0vDzQ6LWHlg\"><\/a><\/p>\n","protected":false},"excerpt":{"rendered":"<p>Engellilerin \u00d6TV&#8217;siz ara\u00e7 al\u0131m-sat\u0131mlar\u0131nda s\u00fcre 10 y\u0131la \u00e7\u0131kar\u0131ld\u0131. S\u00f6z konu y\u0131l kural\u0131n\u0131n ge\u00e7mi\u015fe d\u00f6n\u00fck de ge\u00e7erli olaca\u011f\u0131 \u00f6\u011frenildi. D\u00fczenlemenin resmile\u015fti\u011fi tarihten \u00f6nce ara\u00e7 alanlar 5 y\u0131ldan sonra cezas\u0131z satabilecek. Ancak yeniden ara\u00e7 al\u0131m\u0131 i\u00e7in 10 y\u0131l beklenmesi gerekecek. Engellilere \u00d6TV&#8217;siz ara\u00e7 d\u00fczenlemesinde ayr\u0131nt\u0131lar netle\u015fti. Al\u0131nan bilgilere \u00d6TV&#8217;siz ara\u00e7 d\u00fczenlemesi geriye d\u00f6n\u00fck de i\u015fleyecek. \u00d6TV&#8217;siz ara\u00e7lar [&hellip;]<\/p>\n","protected":false},"author":908,"featured_media":15363,"comment_status":"open","ping_status":"open","sticky":false,"template":"","format":"standard","meta":{"_jetpack_memberships_contains_paid_content":false,"footnotes":"","jetpack_publicize_message":"","jetpack_publicize_feature_enabled":true,"jetpack_social_post_already_shared":true,"jetpack_social_options":{"image_generator_settings":{"template":"highway","default_image_id":0,"font":"","enabled":false},"version":2}},"categories":[13],"tags":[],"class_list":["post-15362","post","type-post","status-publish","format-standard","has-post-thumbnail","hentry","category-otomobil"],"jetpack_publicize_connections":[],"jetpack_featured_media_url":"https:\/\/kibrisayna.com\/wp-content\/uploads\/2024\/12\/Yuy8bkVzdUWuv2DofVvMEQ.jpg","jetpack_sharing_enabled":true,"_links":{"self":[{"href":"https:\/\/kibrisayna.com\/index.php\/wp-json\/wp\/v2\/posts\/15362","targetHints":{"allow":["GET"]}}],"collection":[{"href":"https:\/\/kibrisayna.com\/index.php\/wp-json\/wp\/v2\/posts"}],"about":[{"href":"https:\/\/kibrisayna.com\/index.php\/wp-json\/wp\/v2\/types\/post"}],"author":[{"embeddable":true,"href":"https:\/\/kibrisayna.com\/index.php\/wp-json\/wp\/v2\/users\/908"}],"replies":[{"embeddable":true,"href":"https:\/\/kibrisayna.com\/index.php\/wp-json\/wp\/v2\/comments?post=15362"}],"version-history":[{"count":0,"href":"https:\/\/kibrisayna.com\/index.php\/wp-json\/wp\/v2\/posts\/15362\/revisions"}],"wp:featuredmedia":[{"embeddable":true,"href":"https:\/\/kibrisayna.com\/index.php\/wp-json\/wp\/v2\/media\/15363"}],"wp:attachment":[{"href":"https:\/\/kibrisayna.com\/index.php\/wp-json\/wp\/v2\/media?parent=15362"}],"wp:term":[{"taxonomy":"category","embeddable":true,"href":"https:\/\/kibrisayna.com\/index.php\/wp-json\/wp\/v2\/categories?post=15362"},{"taxonomy":"post_tag","embeddable":true,"href":"https:\/\/kibrisayna.com\/index.php\/wp-json\/wp\/v2\/tags?post=15362"}],"curies":[{"name":"wp","href":"https:\/\/api.w.org\/{rel}","templated":true}]}}