{"id":15358,"date":"2024-12-30T14:37:44","date_gmt":"2024-12-30T11:37:44","guid":{"rendered":"https:\/\/kibrisayna.com\/index.php\/2024\/12\/30\/yuksek-mahkeme-binasi-icin-arazi-tahsisi-resmi-gazetede-brtk\/"},"modified":"2024-12-30T14:37:44","modified_gmt":"2024-12-30T11:37:44","slug":"yuksek-mahkeme-binasi-icin-arazi-tahsisi-resmi-gazetede-brtk","status":"publish","type":"post","link":"https:\/\/kibrisayna.com\/index.php\/2024\/12\/30\/yuksek-mahkeme-binasi-icin-arazi-tahsisi-resmi-gazetede-brtk\/","title":{"rendered":"Y\u00fcksek Mahkeme binas\u0131 i\u00e7in arazi tahsisi Resmi Gazete\u2019de \u2013 BRTK"},"content":{"rendered":"<p> <br \/>\n<\/p>\n<div>\n<div class=\"mariselle-image-container none\">\n                <img loading=\"lazy\" decoding=\"async\" width=\"1057\" height=\"563\" class=\"lazy-image\" alt=\"\" sizes=\"auto, (max-width: 1057px) 100vw, 1057px\" src=\"https:\/\/brtk.net\/wp-content\/uploads\/2024\/12\/30\/RESMI-GAZETE11.jpeg?ver=0d6cbcf8083ee37a83b60829192ca46d\" srcset=\"https:\/\/brtk.net\/wp-content\/uploads\/2024\/12\/30\/RESMI-GAZETE11.jpeg?ver=0d6cbcf8083ee37a83b60829192ca46d 1057w, https:\/\/brtk.net\/wp-content\/uploads\/2024\/12\/30\/RESMI-GAZETE11-300x160.jpeg?ver=4eff53e429cf28d54efa3d3b48df23ea 300w, https:\/\/brtk.net\/wp-content\/uploads\/2024\/12\/30\/RESMI-GAZETE11-1024x545.jpeg?ver=4eff53e429cf28d54efa3d3b48df23ea 1024w, https:\/\/brtk.net\/wp-content\/uploads\/2024\/12\/30\/RESMI-GAZETE11-768x409.jpeg?ver=4eff53e429cf28d54efa3d3b48df23ea 768w\"\/>                            <\/div>\n<p>Cumhurba\u015fkanl\u0131\u011f\u0131 Yerle\u015fkesinin do\u011fusunda yap\u0131lmas\u0131 planlanan Y\u00fcksek Mahkeme binas\u0131 i\u00e7in arazi tahsisine ili\u015fkin karar Resmi Gazete\u2019de yay\u0131nland\u0131.<\/p>\n<p>Buna g\u00f6re Bakanlar Kurulu, bina i\u00e7in gerekli olan arazinin tahsis edilmesi ba\u011flam\u0131nda Ortak\u00f6y\/Lefko\u015fa\u2019da yer alan baz\u0131 parsellerin ve bu parseller aras\u0131nda kalan yollar\u0131n askeri b\u00f6lge kapsam\u0131ndan \u00e7\u0131kar\u0131lmas\u0131n\u0131, ayn\u0131 ama\u00e7la serbest b\u0131rak\u0131lan baz\u0131 parsellerin ise yeniden askeri b\u00f6lge kapsam\u0131na al\u0131nmas\u0131n\u0131 kararla\u015ft\u0131rd\u0131.<\/p>\n<\/p><\/div>\n<p><script async\n                    defer\n                    crossorigin=\"anonymous\"\n                    src=\"https:\/\/connect.facebook.net\/tr_TR\/sdk.js#xfbml=1&#038;version=v3.3\"\n            ><\/script><br \/>\n<br \/><br \/>\n<br \/><a href=\"https:\/\/brtk.net\/yuksek-mahkeme-binasi-icin-arazi-tahsisi-resmi-gazetede\/\">Kaynak BRT <\/a><\/p>\n","protected":false},"excerpt":{"rendered":"<p>Cumhurba\u015fkanl\u0131\u011f\u0131 Yerle\u015fkesinin do\u011fusunda yap\u0131lmas\u0131 planlanan Y\u00fcksek Mahkeme binas\u0131 i\u00e7in arazi tahsisine ili\u015fkin karar Resmi Gazete\u2019de yay\u0131nland\u0131. Buna g\u00f6re Bakanlar Kurulu, bina i\u00e7in gerekli olan arazinin tahsis edilmesi ba\u011flam\u0131nda Ortak\u00f6y\/Lefko\u015fa\u2019da yer alan baz\u0131 parsellerin ve bu parseller aras\u0131nda kalan yollar\u0131n askeri b\u00f6lge kapsam\u0131ndan \u00e7\u0131kar\u0131lmas\u0131n\u0131, ayn\u0131 ama\u00e7la serbest b\u0131rak\u0131lan baz\u0131 parsellerin ise yeniden askeri b\u00f6lge kapsam\u0131na al\u0131nmas\u0131n\u0131 [&hellip;]<\/p>\n","protected":false},"author":908,"featured_media":15359,"comment_status":"open","ping_status":"open","sticky":false,"template":"","format":"standard","meta":{"_jetpack_memberships_contains_paid_content":false,"footnotes":"","jetpack_publicize_message":"","jetpack_publicize_feature_enabled":true,"jetpack_social_post_already_shared":true,"jetpack_social_options":{"image_generator_settings":{"template":"highway","default_image_id":0,"font":"","enabled":false},"version":2}},"categories":[253],"tags":[],"class_list":["post-15358","post","type-post","status-publish","format-standard","has-post-thumbnail","hentry","category-gundem"],"jetpack_publicize_connections":[],"jetpack_featured_media_url":"https:\/\/kibrisayna.com\/wp-content\/uploads\/2024\/12\/RESMI-GAZETE11.jpeg","jetpack_sharing_enabled":true,"_links":{"self":[{"href":"https:\/\/kibrisayna.com\/index.php\/wp-json\/wp\/v2\/posts\/15358","targetHints":{"allow":["GET"]}}],"collection":[{"href":"https:\/\/kibrisayna.com\/index.php\/wp-json\/wp\/v2\/posts"}],"about":[{"href":"https:\/\/kibrisayna.com\/index.php\/wp-json\/wp\/v2\/types\/post"}],"author":[{"embeddable":true,"href":"https:\/\/kibrisayna.com\/index.php\/wp-json\/wp\/v2\/users\/908"}],"replies":[{"embeddable":true,"href":"https:\/\/kibrisayna.com\/index.php\/wp-json\/wp\/v2\/comments?post=15358"}],"version-history":[{"count":0,"href":"https:\/\/kibrisayna.com\/index.php\/wp-json\/wp\/v2\/posts\/15358\/revisions"}],"wp:featuredmedia":[{"embeddable":true,"href":"https:\/\/kibrisayna.com\/index.php\/wp-json\/wp\/v2\/media\/15359"}],"wp:attachment":[{"href":"https:\/\/kibrisayna.com\/index.php\/wp-json\/wp\/v2\/media?parent=15358"}],"wp:term":[{"taxonomy":"category","embeddable":true,"href":"https:\/\/kibrisayna.com\/index.php\/wp-json\/wp\/v2\/categories?post=15358"},{"taxonomy":"post_tag","embeddable":true,"href":"https:\/\/kibrisayna.com\/index.php\/wp-json\/wp\/v2\/tags?post=15358"}],"curies":[{"name":"wp","href":"https:\/\/api.w.org\/{rel}","templated":true}]}}