{"id":15346,"date":"2024-12-30T13:08:39","date_gmt":"2024-12-30T10:08:39","guid":{"rendered":"https:\/\/kibrisayna.com\/index.php\/2024\/12\/30\/harclarda-duzenleme-1-ocaktan-itibaren-gecerli-olacak-brtk\/"},"modified":"2024-12-30T13:08:39","modified_gmt":"2024-12-30T10:08:39","slug":"harclarda-duzenleme-1-ocaktan-itibaren-gecerli-olacak-brtk","status":"publish","type":"post","link":"https:\/\/kibrisayna.com\/index.php\/2024\/12\/30\/harclarda-duzenleme-1-ocaktan-itibaren-gecerli-olacak-brtk\/","title":{"rendered":"Har\u00e7larda d\u00fczenleme\u2026 1 Ocak\u2019tan itibaren ge\u00e7erli olacak \u2013 BRTK"},"content":{"rendered":"<p> <br \/>\n<\/p>\n<div>\n<div class=\"mariselle-image-container center\">\n                <img loading=\"lazy\" decoding=\"async\" width=\"1200\" height=\"675\" class=\"lazy-image\" alt=\"\" sizes=\"auto, (max-width: 1200px) 100vw, 1200px\" src=\"https:\/\/brtk.net\/wp-content\/uploads\/2024\/12\/30\/emlak-vergisi-1.jpg?ver=3a0a61f309bf45cb85b6614e5b4c3660\" srcset=\"https:\/\/brtk.net\/wp-content\/uploads\/2024\/12\/30\/emlak-vergisi-1.jpg?ver=3a0a61f309bf45cb85b6614e5b4c3660 1200w, https:\/\/brtk.net\/wp-content\/uploads\/2024\/12\/30\/emlak-vergisi-1-300x169.jpg?ver=4301316c37e3b6aedd078895b68f65af 300w, https:\/\/brtk.net\/wp-content\/uploads\/2024\/12\/30\/emlak-vergisi-1-1024x576.jpg?ver=4301316c37e3b6aedd078895b68f65af 1024w, https:\/\/brtk.net\/wp-content\/uploads\/2024\/12\/30\/emlak-vergisi-1-768x432.jpg?ver=4301316c37e3b6aedd078895b68f65af 768w\"\/>                            <\/div>\n<p>Bakanlar Kurulu, Gelir B\u00fct\u00e7esi\u2019nde yer alan har\u00e7lar\u0131n g\u00fcn\u00fcn ekonomik ko\u015fullar\u0131na g\u00f6re yeniden d\u00fczenlenmesine ili\u015fkin 23 t\u00fcz\u00fck ve de\u011fi\u015fiklik t\u00fcz\u00fc\u011f\u00fcn\u00fc onaylayarak, Resmi Gazete\u2019de yay\u0131mlanmas\u0131na karar verdi.<\/p>\n<p>Buna g\u00f6re motorlu ara\u00e7 s\u00fcr\u00fc\u015f ehliyeti i\u00e7in \u00f6denecek har\u00e7lar iki y\u0131ll\u0131k 1,499.80 TL, \u00fc\u00e7 y\u0131ll\u0131k 1,999.70 TL, be\u015f y\u0131ll\u0131k 2,999.50 TL, on y\u0131ll\u0131k 4.999 TL olarak belirlendi.<\/p>\n<p>Be\u015f y\u0131l s\u00fcreli pasaport harc\u0131, diplomatik pasaportlar dahil 2,635 TL, iki y\u0131l s\u00fcreli diplomatik pasaport 1,945 TL, bir y\u0131l s\u00fcreli diplomatik pasaport 1,240 TL oldu.<\/p>\n<p>11 ya\u015f alt\u0131 \u00e7ocuklar\u0131n kimliklendirme i\u015flemi 67 TL, 11 ya\u015f ve \u00fczeri ilk kez kimliklendirme 800 TL, do\u011fal ya da ola\u011fan nedenlerle yenilenen kimlik kart\u0131 harc\u0131 800 TL olarak belirlendi.<\/p>\n<p>6 ay\u0131 ge\u00e7meyen ikamet izni harc\u0131 1,340 TL, 6 aydan 12 aya kadar 2,665 TL, 12 aydan 24 aya kadar 5,330 TL; 6 ay\u0131 ge\u00e7meyen \u00f6\u011frenci ikamet izni 690 TL, 6 aydan 12 aya kadar 1,015 TL, 12 aydan 24 aya kadar 2,025 TL oldu.<\/p>\n<p>6 ay\u0131 ge\u00e7meyen \u00e7al\u0131\u015fma izni harc\u0131 1,660 TL, 6 ay\u0131 ge\u00e7en 12 ay\u0131 ge\u00e7meyen 3,600 TL, 12 ay\u0131 ge\u00e7en, 24 ay\u0131 ge\u00e7meyen 7,200 TL; 6 ay\u0131 ge\u00e7meyen \u00f6\u011frenci \u00e7al\u0131\u015fma izni harc\u0131 1000 TL, 6 ay\u0131 ge\u00e7en 12 ay\u0131 ge\u00e7meyen ise 2000 TL olarak belirlendi.<\/p>\n<p>T\u00fcz\u00fckler, 1 Ocak\u2019tan itibaren y\u00fcr\u00fcrl\u00fc\u011fe girecek.<\/p>\n<\/p><\/div>\n<p><script async\n                    defer\n                    crossorigin=\"anonymous\"\n                    src=\"https:\/\/connect.facebook.net\/tr_TR\/sdk.js#xfbml=1&#038;version=v3.3\"\n            ><\/script><br \/>\n<br \/><br \/>\n<br \/><a href=\"https:\/\/brtk.net\/harclarda-duzenleme-1-ocaktan-itibaren-gecerli-olacak\/\">Kaynak BRT <\/a><\/p>\n","protected":false},"excerpt":{"rendered":"<p>Bakanlar Kurulu, Gelir B\u00fct\u00e7esi\u2019nde yer alan har\u00e7lar\u0131n g\u00fcn\u00fcn ekonomik ko\u015fullar\u0131na g\u00f6re yeniden d\u00fczenlenmesine ili\u015fkin 23 t\u00fcz\u00fck ve de\u011fi\u015fiklik t\u00fcz\u00fc\u011f\u00fcn\u00fc onaylayarak, Resmi Gazete\u2019de yay\u0131mlanmas\u0131na karar verdi. Buna g\u00f6re motorlu ara\u00e7 s\u00fcr\u00fc\u015f ehliyeti i\u00e7in \u00f6denecek har\u00e7lar iki y\u0131ll\u0131k 1,499.80 TL, \u00fc\u00e7 y\u0131ll\u0131k 1,999.70 TL, be\u015f y\u0131ll\u0131k 2,999.50 TL, on y\u0131ll\u0131k 4.999 TL olarak belirlendi. Be\u015f y\u0131l s\u00fcreli [&hellip;]<\/p>\n","protected":false},"author":908,"featured_media":15347,"comment_status":"open","ping_status":"open","sticky":false,"template":"","format":"standard","meta":{"_jetpack_memberships_contains_paid_content":false,"footnotes":"","jetpack_publicize_message":"","jetpack_publicize_feature_enabled":true,"jetpack_social_post_already_shared":true,"jetpack_social_options":{"image_generator_settings":{"template":"highway","default_image_id":0,"font":"","enabled":false},"version":2}},"categories":[253],"tags":[],"class_list":["post-15346","post","type-post","status-publish","format-standard","has-post-thumbnail","hentry","category-gundem"],"jetpack_publicize_connections":[],"jetpack_featured_media_url":"https:\/\/kibrisayna.com\/wp-content\/uploads\/2024\/12\/emlak-vergisi-1.jpg","jetpack_sharing_enabled":true,"_links":{"self":[{"href":"https:\/\/kibrisayna.com\/index.php\/wp-json\/wp\/v2\/posts\/15346","targetHints":{"allow":["GET"]}}],"collection":[{"href":"https:\/\/kibrisayna.com\/index.php\/wp-json\/wp\/v2\/posts"}],"about":[{"href":"https:\/\/kibrisayna.com\/index.php\/wp-json\/wp\/v2\/types\/post"}],"author":[{"embeddable":true,"href":"https:\/\/kibrisayna.com\/index.php\/wp-json\/wp\/v2\/users\/908"}],"replies":[{"embeddable":true,"href":"https:\/\/kibrisayna.com\/index.php\/wp-json\/wp\/v2\/comments?post=15346"}],"version-history":[{"count":0,"href":"https:\/\/kibrisayna.com\/index.php\/wp-json\/wp\/v2\/posts\/15346\/revisions"}],"wp:featuredmedia":[{"embeddable":true,"href":"https:\/\/kibrisayna.com\/index.php\/wp-json\/wp\/v2\/media\/15347"}],"wp:attachment":[{"href":"https:\/\/kibrisayna.com\/index.php\/wp-json\/wp\/v2\/media?parent=15346"}],"wp:term":[{"taxonomy":"category","embeddable":true,"href":"https:\/\/kibrisayna.com\/index.php\/wp-json\/wp\/v2\/categories?post=15346"},{"taxonomy":"post_tag","embeddable":true,"href":"https:\/\/kibrisayna.com\/index.php\/wp-json\/wp\/v2\/tags?post=15346"}],"curies":[{"name":"wp","href":"https:\/\/api.w.org\/{rel}","templated":true}]}}