{"id":15344,"date":"2024-12-30T13:05:29","date_gmt":"2024-12-30T10:05:29","guid":{"rendered":"https:\/\/kibrisayna.com\/index.php\/2024\/12\/30\/devlete-sahip-cikalim-kktc-mutlaka-taninacaktir-brtk\/"},"modified":"2024-12-30T13:05:29","modified_gmt":"2024-12-30T10:05:29","slug":"devlete-sahip-cikalim-kktc-mutlaka-taninacaktir-brtk","status":"publish","type":"post","link":"https:\/\/kibrisayna.com\/index.php\/2024\/12\/30\/devlete-sahip-cikalim-kktc-mutlaka-taninacaktir-brtk\/","title":{"rendered":"\u201cDevlet\u2019e sahip \u00e7\u0131kal\u0131m. KKTC mutlaka tan\u0131nacakt\u0131r\u201d \u2013 BRTK"},"content":{"rendered":"<p> <br \/>\n<\/p>\n<div>\n<div class=\"mariselle-image-container center\">\n                <img loading=\"lazy\" decoding=\"async\" width=\"640\" height=\"355\" class=\"lazy-image\" alt=\"\" sizes=\"auto, (max-width: 640px) 100vw, 640px\" src=\"https:\/\/brtk.net\/wp-content\/uploads\/2024\/09\/24\/eroglu-1.jpg?ver=f0d88f48cee5397b85321d095d30277a\" srcset=\"https:\/\/brtk.net\/wp-content\/uploads\/2024\/09\/24\/eroglu-1.jpg?ver=f0d88f48cee5397b85321d095d30277a 640w, https:\/\/brtk.net\/wp-content\/uploads\/2024\/09\/24\/eroglu-1-300x166.jpg?ver=cc471914b7a20885c40f27d62af86b5a 300w\"\/>                            <\/div>\n<p>3\u2019\u00fcnc\u00fc Cumhurba\u015fkan\u0131 Dr. Dervi\u015f Ero\u011flu, T\u00fcrkiye\u2019nin KKTC\u2019nin tan\u0131nmas\u0131 talebi ile iki devletli \u00e7\u00f6z\u00fcm politikas\u0131n\u0131 s\u00fcrd\u00fcrmesi, K\u0131br\u0131s T\u00fcrk halk\u0131n\u0131n birlik i\u00e7inde, g\u00fc\u00e7l\u00fc bir \u015fekilde devletine sahip \u00e7\u0131kmas\u0131 durumunda KKTC\u2019nin mutlaka tan\u0131naca\u011f\u0131n\u0131 vurgulad\u0131.<\/p>\n<p>Ero\u011flu yay\u0131nlad\u0131\u011f\u0131 yeni y\u0131l mesaj\u0131nda, K\u0131br\u0131s T\u00fcrk\u00fc\u2019n\u00fcn bir an \u00f6nce kendi evine \u00e7eki d\u00fczen vermesi gerekti\u011fini de ifade etti ve \u201c\u00dclkenin kalk\u0131nmas\u0131, halk\u0131m\u0131z\u0131n ya\u015fam kalitesinin \u00e7a\u011fda\u015f seviyeye \u00e7\u0131kmas\u0131 i\u00e7in \u00fclke yarar\u0131 her \u015feyin \u00fcst\u00fcnde tutularak cesurca kararlar al\u0131nmal\u0131d\u0131r\u201d dedi.<\/p>\n<p>\u201c Hayat ak\u0131p gidiyor. 2024 y\u0131l\u0131n\u0131 da getirdikleri, g\u00f6t\u00fcrd\u00fckleri, ac\u0131lar\u0131, sevin\u00e7leri, ya\u015fad\u0131klar\u0131m\u0131z ve yapt\u0131klar\u0131m\u0131zla geride b\u0131rak\u0131yoruz. Ne ac\u0131d\u0131r ki 2024 y\u0131l\u0131 boyunca da d\u00fcnya b\u00fcy\u00fck \u00f6l\u00e7\u00fcde yine sava\u015flar\u0131 konu\u015ftu.\u201d ifadelerini kullanan Ero\u011flu, devam eden Ukrayna-Rusya sava\u015f\u0131nda, \u0130srail\u2019in Filistin topra\u011f\u0131 olan Gazze ile Bat\u0131 \u015eeria\u2019ya, L\u00fcbnan\u2019a d\u00fczenledi\u011fi sald\u0131r\u0131larda, ter\u00f6r \u00f6rg\u00fctlerinin d\u00fcnyan\u0131n \u00e7e\u015fitli yerlerinde yapt\u0131klar\u0131 insanl\u0131k d\u0131\u015f\u0131 eylemlerde binlerce masum insan, kad\u0131n v \u00e7ocu\u011fun ya\u015fam\u0131n\u0131 yitirdi\u011fini kaydetti.<\/p>\n<p>Birle\u015fmi\u015f Milletler \u00f6rg\u00fct\u00fc, G\u00fcvenlik Konseyi\u2019ni olu\u015fturan \u00fclkelerin sorun \u00e7\u00f6zen, adil davranan \u00fclkeler olmak yerine, sorun yaratan, hak ve adaleti bozan \u00fclkeler haline gelmeleri nedeniyle art\u0131k sava\u015flar\u0131n \u00f6nlenmesinde, uluslararas\u0131 diyalo\u011fu sa\u011flamakta tamamen etkisiz hale geldi\u011fine dikkat \u00e7eken Ero\u011flu, \u201cSuriye\u2019de y\u0131l\u0131n son ay\u0131nda ya\u015fanan geli\u015fmeler sonucu 61 y\u0131ll\u0131k bask\u0131c\u0131, \u00e7a\u011fd\u0131\u015f\u0131 Baas diktat\u00f6rl\u00fc\u011f\u00fcn\u00fcn sona ermesi, t\u00fcm d\u00fcnyada, bu \u00fclke insan\u0131n \u00f6nemli bir b\u00f6l\u00fcm\u00fcn g\u00f6\u00e7menlikten kurtulmas\u0131, \u00fclkenin yeni ve \u00e7a\u011fda\u015f bir idareye kavu\u015fabilece\u011fi umudunu yaratmas\u0131 bak\u0131m\u0131ndan bu y\u0131l i\u00e7inde ya\u015fanan belki de yeg\u00e2ne olumlu geli\u015fme olarak de\u011ferlendirilmektedir.\u201d dedi.<\/p>\n<p>Ero\u011flu, Amerika Birle\u015fik Devletleri\u2019nde Donald Trump gibi d\u00fcnyay\u0131 etkileyecek radikal s\u00f6ylemleri olan birinin 4 y\u0131l aradan sonra yeniden ba\u015fkanl\u0131\u011fa se\u00e7ilmesinin ise t\u00fcm d\u00fcnyada 2025 ve sonraki y\u0131llarda neler ya\u015fanabilece\u011fine dair ciddi tart\u0131\u015fmalara neden oldu\u011funu dile getirdi.  <\/p>\n<p>K\u0131br\u0131s konusunda ise Rum taraf\u0131 y\u00fcz\u00fcnden, bir t\u00fcrl\u00fc akla, mant\u0131\u011fa, adada ya\u015fanan tarihi ger\u00e7eklere uygun bir \u00e7\u00f6z\u00fcm sa\u011flanmad\u0131\u011f\u0131n\u0131, Rum uzla\u015fmazl\u0131\u011f\u0131n\u0131n, baz\u0131 \u00fclkeler, BM ve AB\u2019nin yanl\u0131 tutumlar\u0131 y\u00fcz\u00fcnden t\u00fcm \u015fiddetiyle devam etti\u011fini kaydeden Ero\u011flu, T\u00fcrkiye Cumhurba\u015fkan\u0131 Tayyip Erdo\u011fan\u2019\u0131n  BM Genel Kurulu\u2019nda 2022, 2023 y\u0131l\u0131nda yapt\u0131\u011f\u0131 konu\u015fmalardan sonra bu y\u0131l yapt\u0131\u011f\u0131 konu\u015fmada da  Kuzey K\u0131br\u0131s T\u00fcrk Cumhuriyeti\u2019nin resmen tan\u0131nmas\u0131 \u00e7a\u011fr\u0131s\u0131nda bulunmas\u0131n\u0131n K\u0131br\u0131s milli davas\u0131 a\u00e7\u0131s\u0131ndan son derece de\u011ferli ve anlaml\u0131 oldu\u011funu vurgulad\u0131.<\/p>\n<p>Ero\u011flu, T\u00fcrkiye B\u00fcy\u00fck Millet Meclisi\u2019nin K\u0131br\u0131s Bar\u0131\u015f Harek\u00e2t\u0131\u2019n\u0131n 50\u2019nci y\u0131ld\u00f6n\u00fcm\u00fc nedeniyle oy birli\u011fi ile yay\u0131nlad\u0131\u011f\u0131 Ba\u015fkanl\u0131k Tezkeresi\u2019nde federal \u00e7\u00f6z\u00fcm\u00fcn art\u0131k m\u00fcmk\u00fcn olmad\u0131\u011f\u0131n\u0131n alt\u0131n\u0131 \u00e7izmesi ve KKTC\u2019nin tan\u0131nmas\u0131, K\u0131br\u0131s T\u00fcrk halk\u0131n\u0131n egemen e\u015fitli\u011fi ile KKTC\u2019nin Rum Devleti ile e\u015fit uluslararas\u0131 stat\u00fcye sahip oldu\u011funun teyit edilmesi \u00e7a\u011fr\u0131s\u0131nda bulunmas\u0131n\u0131n da K\u0131br\u0131s Milli Dava a\u00e7\u0131s\u0131ndan bir milat niteli\u011finde oldu\u011funu vurgulad\u0131.<\/p>\n<p>\u201cT\u00fcrkiye bu politikas\u0131n\u0131 s\u00fcrd\u00fcr\u00fcr, K\u0131br\u0131s T\u00fcrk Halk\u0131 birlik i\u00e7inde, g\u00fc\u00e7l\u00fc bir \u015fekilde devletine sahip \u00e7\u0131karsa, KKTC mutlaka tan\u0131nacakt\u0131r. KKTC\u2019nin T\u00fcrk Devletleri \u00d6rg\u00fct\u00fc\u2019ne g\u00f6zlemci \u00fcye olmas\u0131ndan sonra artan d\u0131\u015f temaslar umut vericidir. Bizim yapmam\u0131z gereken d\u00fcnyada ve K\u0131br\u0131s konusundaki geli\u015fmeler devam ederken bir an \u00f6nce kendi evimize gereken \u00e7eki d\u00fczeni vermektir.\u201d ifadelerini kullanan Ero\u011flu s\u00f6zlerini \u015f\u00f6yle tamamlad\u0131:<\/p>\n<p>\u201cHep vurgulad\u0131m yine vurgulayaca\u011f\u0131m; Kamuda \u00e7a\u011fda\u015f ad\u0131mlar atmal\u0131, etkinlik ve verimlilik yukar\u0131lara \u00e7\u0131kar\u0131lmal\u0131d\u0131r.<\/p>\n<p>\u00d6zel sekt\u00f6r desteklenmeli, i\u015f insanlar\u0131m\u0131z, yat\u0131r\u0131mc\u0131lar\u0131m\u0131z bili\u015fime, , ihracata, do\u011fru yat\u0131r\u0131mlara y\u00f6nlendirilmelidir.<\/p>\n<p>\u00dclkenin kalk\u0131nmas\u0131, halk\u0131m\u0131z\u0131n ya\u015fam kalitesinin \u00e7a\u011fda\u015f seviyeye \u00e7\u0131kmas\u0131 i\u00e7in \u00fclke yarar\u0131 her \u015feyin \u00fcst\u00fcnde tutularak cesurca kararlar al\u0131nmal\u0131d\u0131r.<\/p>\n<p>Trafik kazalar\u0131nda, uyu\u015fturucu kullan\u0131m\u0131 ile \u00e7e\u015fitli su\u00e7larda meydana gelen art\u0131\u015flar \u00fczerinde \u00f6nemle durulmal\u0131, yol alt yap\u0131m\u0131z,  polis \u00f6rg\u00fct\u00fcm\u00fcz, Ba\u015fsavc\u0131l\u0131\u011f\u0131m\u0131z, Yarg\u0131m\u0131z ivedi olarak g\u00fc\u00e7lendirilmelidir.<\/p>\n<p>Bu duygu d\u00fc\u015f\u00fcncelerle 2025 y\u0131l\u0131n\u0131n ba\u015fta \u00fclkemiz ve Anavatan T\u00fcrkiye olmak \u00fczere t\u00fcm \u00fclkelere sa\u011fl\u0131k, mutluluk getirmesini diler, \u00e7ok de\u011ferli milletimize, halk\u0131m\u0131za sevgi ve sayg\u0131lar\u0131m\u0131 sunar\u0131m.\u201d<\/p>\n<\/p><\/div>\n<p><script async\n                    defer\n                    crossorigin=\"anonymous\"\n                    src=\"https:\/\/connect.facebook.net\/tr_TR\/sdk.js#xfbml=1&#038;version=v3.3\"\n            ><\/script><br \/>\n<br \/><br \/>\n<br \/><a href=\"https:\/\/brtk.net\/3uncu-cumhurbaskani-dr-dervis-eroglu-yeni-yil-mesaji-yayimladi-devlete-sahip-cikalim-kktc-mutlaka-taninacaktir\/\">Kaynak BRT <\/a><\/p>\n","protected":false},"excerpt":{"rendered":"<p>3\u2019\u00fcnc\u00fc Cumhurba\u015fkan\u0131 Dr. Dervi\u015f Ero\u011flu, T\u00fcrkiye\u2019nin KKTC\u2019nin tan\u0131nmas\u0131 talebi ile iki devletli \u00e7\u00f6z\u00fcm politikas\u0131n\u0131 s\u00fcrd\u00fcrmesi, K\u0131br\u0131s T\u00fcrk halk\u0131n\u0131n birlik i\u00e7inde, g\u00fc\u00e7l\u00fc bir \u015fekilde devletine sahip \u00e7\u0131kmas\u0131 durumunda KKTC\u2019nin mutlaka tan\u0131naca\u011f\u0131n\u0131 vurgulad\u0131. Ero\u011flu yay\u0131nlad\u0131\u011f\u0131 yeni y\u0131l mesaj\u0131nda, K\u0131br\u0131s T\u00fcrk\u00fc\u2019n\u00fcn bir an \u00f6nce kendi evine \u00e7eki d\u00fczen vermesi gerekti\u011fini de ifade etti ve \u201c\u00dclkenin kalk\u0131nmas\u0131, halk\u0131m\u0131z\u0131n ya\u015fam [&hellip;]<\/p>\n","protected":false},"author":908,"featured_media":15345,"comment_status":"open","ping_status":"open","sticky":false,"template":"","format":"standard","meta":{"_jetpack_memberships_contains_paid_content":false,"footnotes":"","jetpack_publicize_message":"","jetpack_publicize_feature_enabled":true,"jetpack_social_post_already_shared":true,"jetpack_social_options":{"image_generator_settings":{"template":"highway","default_image_id":0,"font":"","enabled":false},"version":2}},"categories":[253],"tags":[],"class_list":["post-15344","post","type-post","status-publish","format-standard","has-post-thumbnail","hentry","category-gundem"],"jetpack_publicize_connections":[],"jetpack_featured_media_url":"https:\/\/kibrisayna.com\/wp-content\/uploads\/2024\/12\/eroglu-1.jpg","jetpack_sharing_enabled":true,"_links":{"self":[{"href":"https:\/\/kibrisayna.com\/index.php\/wp-json\/wp\/v2\/posts\/15344","targetHints":{"allow":["GET"]}}],"collection":[{"href":"https:\/\/kibrisayna.com\/index.php\/wp-json\/wp\/v2\/posts"}],"about":[{"href":"https:\/\/kibrisayna.com\/index.php\/wp-json\/wp\/v2\/types\/post"}],"author":[{"embeddable":true,"href":"https:\/\/kibrisayna.com\/index.php\/wp-json\/wp\/v2\/users\/908"}],"replies":[{"embeddable":true,"href":"https:\/\/kibrisayna.com\/index.php\/wp-json\/wp\/v2\/comments?post=15344"}],"version-history":[{"count":0,"href":"https:\/\/kibrisayna.com\/index.php\/wp-json\/wp\/v2\/posts\/15344\/revisions"}],"wp:featuredmedia":[{"embeddable":true,"href":"https:\/\/kibrisayna.com\/index.php\/wp-json\/wp\/v2\/media\/15345"}],"wp:attachment":[{"href":"https:\/\/kibrisayna.com\/index.php\/wp-json\/wp\/v2\/media?parent=15344"}],"wp:term":[{"taxonomy":"category","embeddable":true,"href":"https:\/\/kibrisayna.com\/index.php\/wp-json\/wp\/v2\/categories?post=15344"},{"taxonomy":"post_tag","embeddable":true,"href":"https:\/\/kibrisayna.com\/index.php\/wp-json\/wp\/v2\/tags?post=15344"}],"curies":[{"name":"wp","href":"https:\/\/api.w.org\/{rel}","templated":true}]}}