{"id":15313,"date":"2024-12-30T09:05:19","date_gmt":"2024-12-30T06:05:19","guid":{"rendered":"https:\/\/kibrisayna.com\/index.php\/2024\/12\/30\/bir-devin-cokusu-boeingin-skandallarla-dolu-kara-yili-son-dakika-dunya-haberleri\/"},"modified":"2024-12-30T09:05:19","modified_gmt":"2024-12-30T06:05:19","slug":"bir-devin-cokusu-boeingin-skandallarla-dolu-kara-yili-son-dakika-dunya-haberleri","status":"publish","type":"post","link":"https:\/\/kibrisayna.com\/index.php\/2024\/12\/30\/bir-devin-cokusu-boeingin-skandallarla-dolu-kara-yili-son-dakika-dunya-haberleri\/","title":{"rendered":"Bir devin \u00e7\u00f6k\u00fc\u015f\u00fc: Boeing&#8217;in skandallarla dolu kara y\u0131l\u0131 &#8211; Son Dakika D\u00fcnya Haberleri"},"content":{"rendered":"<p> <br \/>\n<\/p>\n<div>\n<h2 class=\"gallery-item-title\">737 MAX KAZALARIYLA BA\u011eLANTISI VAR MI?<\/h2>\n<p>Kazan\u0131n dan\u0131\u015fman\u0131 olan Delta Air Lines&#8217;\u0131n eski ba\u015f pilotu Alan Price, Pazar g\u00fcnk\u00fc olay\u0131 2018 ve 2019&#8217;da Boeing&#8217;in sorunlu 737 Max jet u\u00e7a\u011f\u0131n\u0131n kar\u0131\u015ft\u0131\u011f\u0131 iki \u00f6l\u00fcmc\u00fcl kazayla ili\u015fkilendirmenin uygun olmayaca\u011f\u0131n\u0131 s\u00f6yledi.<\/p>\n<p>Price, Kore&#8217;de acil ini\u015f yapan Boeing 737-800&#8217;\u00fcn &#8220;kendini kan\u0131tlanm\u0131\u015f bir u\u00e7ak&#8221; oldu\u011funu belirterek, &#8220;Max&#8217;ten farkl\u0131&#8230; \u00c7ok g\u00fcvenli bir u\u00e7ak.&#8221; ifadelerini kulland\u0131. <\/p>\n<\/p><\/div>\n<p><br \/>\n<br \/><a href=\"https:\/\/www.ntv.com.tr\/galeri\/dunya\/bir-devin-cokusu-boeingin-skandallarla-dolu-kara-yili,3RE9NRTv10uD5acnmllOrw\"><\/a><\/p>\n","protected":false},"excerpt":{"rendered":"<p>737 MAX KAZALARIYLA BA\u011eLANTISI VAR MI? Kazan\u0131n dan\u0131\u015fman\u0131 olan Delta Air Lines&#8217;\u0131n eski ba\u015f pilotu Alan Price, Pazar g\u00fcnk\u00fc olay\u0131 2018 ve 2019&#8217;da Boeing&#8217;in sorunlu 737 Max jet u\u00e7a\u011f\u0131n\u0131n kar\u0131\u015ft\u0131\u011f\u0131 iki \u00f6l\u00fcmc\u00fcl kazayla ili\u015fkilendirmenin uygun olmayaca\u011f\u0131n\u0131 s\u00f6yledi. Price, Kore&#8217;de acil ini\u015f yapan Boeing 737-800&#8217;\u00fcn &#8220;kendini kan\u0131tlanm\u0131\u015f bir u\u00e7ak&#8221; oldu\u011funu belirterek, &#8220;Max&#8217;ten farkl\u0131&#8230; \u00c7ok g\u00fcvenli bir [&hellip;]<\/p>\n","protected":false},"author":908,"featured_media":15314,"comment_status":"open","ping_status":"open","sticky":false,"template":"","format":"standard","meta":{"_jetpack_memberships_contains_paid_content":false,"footnotes":"","jetpack_publicize_message":"","jetpack_publicize_feature_enabled":true,"jetpack_social_post_already_shared":true,"jetpack_social_options":{"image_generator_settings":{"template":"highway","default_image_id":0,"font":"","enabled":false},"version":2}},"categories":[12],"tags":[],"class_list":["post-15313","post","type-post","status-publish","format-standard","has-post-thumbnail","hentry","category-teknoloji"],"jetpack_publicize_connections":[],"jetpack_featured_media_url":"https:\/\/kibrisayna.com\/wp-content\/uploads\/2024\/12\/O-NOiLPYFUewxTduHdLWfw.jpg","jetpack_sharing_enabled":true,"_links":{"self":[{"href":"https:\/\/kibrisayna.com\/index.php\/wp-json\/wp\/v2\/posts\/15313","targetHints":{"allow":["GET"]}}],"collection":[{"href":"https:\/\/kibrisayna.com\/index.php\/wp-json\/wp\/v2\/posts"}],"about":[{"href":"https:\/\/kibrisayna.com\/index.php\/wp-json\/wp\/v2\/types\/post"}],"author":[{"embeddable":true,"href":"https:\/\/kibrisayna.com\/index.php\/wp-json\/wp\/v2\/users\/908"}],"replies":[{"embeddable":true,"href":"https:\/\/kibrisayna.com\/index.php\/wp-json\/wp\/v2\/comments?post=15313"}],"version-history":[{"count":0,"href":"https:\/\/kibrisayna.com\/index.php\/wp-json\/wp\/v2\/posts\/15313\/revisions"}],"wp:featuredmedia":[{"embeddable":true,"href":"https:\/\/kibrisayna.com\/index.php\/wp-json\/wp\/v2\/media\/15314"}],"wp:attachment":[{"href":"https:\/\/kibrisayna.com\/index.php\/wp-json\/wp\/v2\/media?parent=15313"}],"wp:term":[{"taxonomy":"category","embeddable":true,"href":"https:\/\/kibrisayna.com\/index.php\/wp-json\/wp\/v2\/categories?post=15313"},{"taxonomy":"post_tag","embeddable":true,"href":"https:\/\/kibrisayna.com\/index.php\/wp-json\/wp\/v2\/tags?post=15313"}],"curies":[{"name":"wp","href":"https:\/\/api.w.org\/{rel}","templated":true}]}}