{"id":15308,"date":"2024-12-29T20:58:47","date_gmt":"2024-12-29T17:58:47","guid":{"rendered":"https:\/\/kibrisayna.com\/index.php\/2024\/12\/29\/raif-denktas-sampiyonasi-brtk\/"},"modified":"2024-12-29T20:58:47","modified_gmt":"2024-12-29T17:58:47","slug":"raif-denktas-sampiyonasi-brtk","status":"publish","type":"post","link":"https:\/\/kibrisayna.com\/index.php\/2024\/12\/29\/raif-denktas-sampiyonasi-brtk\/","title":{"rendered":"Raif Denkta\u015f \u015eampiyonas\u0131 \u2013 BRTK"},"content":{"rendered":"<p> <br \/>\n<\/p>\n<div>\n<div class=\"mariselle-image-container center\">\n                <img loading=\"lazy\" decoding=\"async\" width=\"1080\" height=\"607\" class=\"lazy-image\" alt=\"\" sizes=\"auto, (max-width: 1080px) 100vw, 1080px\" src=\"https:\/\/brtk.net\/wp-content\/uploads\/2024\/12\/29\/HYONG.jpeg?ver=9516cede8a557582f3e65ac414d6ef01\" srcset=\"https:\/\/brtk.net\/wp-content\/uploads\/2024\/12\/29\/HYONG.jpeg?ver=9516cede8a557582f3e65ac414d6ef01 1080w, https:\/\/brtk.net\/wp-content\/uploads\/2024\/12\/29\/HYONG-300x169.jpeg?ver=53318e211eb7ebd1bdf48e4852ea4457 300w, https:\/\/brtk.net\/wp-content\/uploads\/2024\/12\/29\/HYONG-1024x576.jpeg?ver=53318e211eb7ebd1bdf48e4852ea4457 1024w, https:\/\/brtk.net\/wp-content\/uploads\/2024\/12\/29\/HYONG-768x432.jpeg?ver=24ee5f63ec7a168db0d6ca55f7c37a3f 768w\"\/>                            <\/div>\n<p>Taekwondo Judo Karate A\u0130kido Federasyonu y\u0131l\u0131n son organizasyonunu \u00f6nceki g\u00fcn yaparak y\u0131l\u0131 tamamlad\u0131.<br \/>Y\u0131l\u0131n son m\u00fcsabakas\u0131 ise Raif Denkta\u015f ad\u0131na \u00c7iftler kar\u0131\u015f\u0131k Hyong \u015eampiyonas\u0131 \u015feklinde yap\u0131ld\u0131.<br \/>Kad\u0131nlarda Hyong\u2019ta Hayriye Yetek, Duru Cemre K\u0131l\u0131van, \u0130nci Demir, Arosha Anari, Melis Mina K\u0131z\u0131lta\u015f, Zeliha Arpac\u0131o\u011flu ve Melek \u00dcnver kategorilerinde birinci oldular.<br \/>Erkeklerde kategorilerinde birincilikleri Nesim Can Tosun, Alp \u015eengil, Ali Arpac\u0131o\u011flu ve Mehmet Onur K\u00f6semen ald\u0131lar.<\/p>\n<\/p><\/div>\n<p><script async\n                    defer\n                    crossorigin=\"anonymous\"\n                    src=\"https:\/\/connect.facebook.net\/tr_TR\/sdk.js#xfbml=1&#038;version=v3.3\"\n            ><\/script><br \/>\n<br \/><br \/>\n<br \/><a href=\"https:\/\/brtk.net\/raif-denktas-sampiyonasi\/\">Kaynak BRT <\/a><\/p>\n","protected":false},"excerpt":{"rendered":"<p>Taekwondo Judo Karate A\u0130kido Federasyonu y\u0131l\u0131n son organizasyonunu \u00f6nceki g\u00fcn yaparak y\u0131l\u0131 tamamlad\u0131.Y\u0131l\u0131n son m\u00fcsabakas\u0131 ise Raif Denkta\u015f ad\u0131na \u00c7iftler kar\u0131\u015f\u0131k Hyong \u015eampiyonas\u0131 \u015feklinde yap\u0131ld\u0131.Kad\u0131nlarda Hyong\u2019ta Hayriye Yetek, Duru Cemre K\u0131l\u0131van, \u0130nci Demir, Arosha Anari, Melis Mina K\u0131z\u0131lta\u015f, Zeliha Arpac\u0131o\u011flu ve Melek \u00dcnver kategorilerinde birinci oldular.Erkeklerde kategorilerinde birincilikleri Nesim Can Tosun, Alp \u015eengil, Ali Arpac\u0131o\u011flu [&hellip;]<\/p>\n","protected":false},"author":908,"featured_media":15309,"comment_status":"open","ping_status":"open","sticky":false,"template":"","format":"standard","meta":{"_jetpack_memberships_contains_paid_content":false,"footnotes":"","jetpack_publicize_message":"","jetpack_publicize_feature_enabled":true,"jetpack_social_post_already_shared":true,"jetpack_social_options":{"image_generator_settings":{"template":"highway","default_image_id":0,"font":"","enabled":false},"version":2}},"categories":[9],"tags":[],"class_list":["post-15308","post","type-post","status-publish","format-standard","has-post-thumbnail","hentry","category-spor"],"jetpack_publicize_connections":[],"jetpack_featured_media_url":"https:\/\/kibrisayna.com\/wp-content\/uploads\/2024\/12\/HYONG.jpeg","jetpack_sharing_enabled":true,"_links":{"self":[{"href":"https:\/\/kibrisayna.com\/index.php\/wp-json\/wp\/v2\/posts\/15308","targetHints":{"allow":["GET"]}}],"collection":[{"href":"https:\/\/kibrisayna.com\/index.php\/wp-json\/wp\/v2\/posts"}],"about":[{"href":"https:\/\/kibrisayna.com\/index.php\/wp-json\/wp\/v2\/types\/post"}],"author":[{"embeddable":true,"href":"https:\/\/kibrisayna.com\/index.php\/wp-json\/wp\/v2\/users\/908"}],"replies":[{"embeddable":true,"href":"https:\/\/kibrisayna.com\/index.php\/wp-json\/wp\/v2\/comments?post=15308"}],"version-history":[{"count":0,"href":"https:\/\/kibrisayna.com\/index.php\/wp-json\/wp\/v2\/posts\/15308\/revisions"}],"wp:featuredmedia":[{"embeddable":true,"href":"https:\/\/kibrisayna.com\/index.php\/wp-json\/wp\/v2\/media\/15309"}],"wp:attachment":[{"href":"https:\/\/kibrisayna.com\/index.php\/wp-json\/wp\/v2\/media?parent=15308"}],"wp:term":[{"taxonomy":"category","embeddable":true,"href":"https:\/\/kibrisayna.com\/index.php\/wp-json\/wp\/v2\/categories?post=15308"},{"taxonomy":"post_tag","embeddable":true,"href":"https:\/\/kibrisayna.com\/index.php\/wp-json\/wp\/v2\/tags?post=15308"}],"curies":[{"name":"wp","href":"https:\/\/api.w.org\/{rel}","templated":true}]}}