{"id":15290,"date":"2024-12-29T15:25:10","date_gmt":"2024-12-29T12:25:10","guid":{"rendered":"https:\/\/kibrisayna.com\/index.php\/2024\/12\/29\/ege-denizinde-45-buyuklugunde-deprem-brtk\/"},"modified":"2024-12-29T15:25:10","modified_gmt":"2024-12-29T12:25:10","slug":"ege-denizinde-45-buyuklugunde-deprem-brtk","status":"publish","type":"post","link":"https:\/\/kibrisayna.com\/index.php\/2024\/12\/29\/ege-denizinde-45-buyuklugunde-deprem-brtk\/","title":{"rendered":"Ege Denizi\u2019nde 4,5 b\u00fcy\u00fckl\u00fc\u011f\u00fcnde deprem \u2013 BRTK"},"content":{"rendered":"<p> <br \/>\n<\/p>\n<div>\n<div class=\"mariselle-image-container center\">\n                <img loading=\"lazy\" decoding=\"async\" width=\"864\" height=\"486\" class=\"lazy-image\" alt=\"\" sizes=\"auto, (max-width: 864px) 100vw, 864px\" src=\"https:\/\/brtk.net\/wp-content\/uploads\/2024\/12\/29\/1735460957091thumbs_b_c_12f4f662b4b8d0740626bd234221d482.jpg?ver=7fa06fdc34a53efdf9a3cd73cc90a82d\" srcset=\"https:\/\/brtk.net\/wp-content\/uploads\/2024\/12\/29\/1735460957091thumbs_b_c_12f4f662b4b8d0740626bd234221d482.jpg?ver=7fa06fdc34a53efdf9a3cd73cc90a82d 864w, https:\/\/brtk.net\/wp-content\/uploads\/2024\/12\/29\/1735460957091thumbs_b_c_12f4f662b4b8d0740626bd234221d482-300x169.jpg?ver=7fa06fdc34a53efdf9a3cd73cc90a82d 300w, https:\/\/brtk.net\/wp-content\/uploads\/2024\/12\/29\/1735460957091thumbs_b_c_12f4f662b4b8d0740626bd234221d482-768x432.jpg?ver=7fa06fdc34a53efdf9a3cd73cc90a82d 768w\"\/>                            <\/div>\n<p>\nEge Denizi\u2019nde saat 11.02\u2019de, 4,5 b\u00fcy\u00fckl\u00fc\u011f\u00fcnde deprem meydana geldi.<\/p>\n<p>Afet ve Acil Durum Y\u00f6netimi Ba\u015fkanl\u0131\u011f\u0131n\u0131n (AFAD) internet sitesinde yer alan bilgiye g\u00f6re, Ege Denizi\u2019nde 4,5 b\u00fcy\u00fckl\u00fc\u011f\u00fcnde sars\u0131nt\u0131 kaydedildi.<\/p>\n<p>Mu\u011fla\u2019n\u0131n Dat\u00e7a il\u00e7esine 172,77 kilometre mesafede olan depremin 6,75 kilometre derinlikte meydana geldi\u011fi belirlendi.<\/p>\n<\/p><\/div>\n<p><script async\n                    defer\n                    crossorigin=\"anonymous\"\n                    src=\"https:\/\/connect.facebook.net\/tr_TR\/sdk.js#xfbml=1&#038;version=v3.3\"\n            ><\/script><br \/>\n<br \/><br \/>\n<br \/><a href=\"https:\/\/brtk.net\/ege-denizinde-45-buyuklugunde-deprem-2\/\"><\/a><\/p>\n","protected":false},"excerpt":{"rendered":"<p>Ege Denizi\u2019nde saat 11.02\u2019de, 4,5 b\u00fcy\u00fckl\u00fc\u011f\u00fcnde deprem meydana geldi. Afet ve Acil Durum Y\u00f6netimi Ba\u015fkanl\u0131\u011f\u0131n\u0131n (AFAD) internet sitesinde yer alan bilgiye g\u00f6re, Ege Denizi\u2019nde 4,5 b\u00fcy\u00fckl\u00fc\u011f\u00fcnde sars\u0131nt\u0131 kaydedildi. Mu\u011fla\u2019n\u0131n Dat\u00e7a il\u00e7esine 172,77 kilometre mesafede olan depremin 6,75 kilometre derinlikte meydana geldi\u011fi belirlendi.<\/p>\n","protected":false},"author":908,"featured_media":15291,"comment_status":"open","ping_status":"open","sticky":false,"template":"","format":"standard","meta":{"_jetpack_memberships_contains_paid_content":false,"footnotes":"","jetpack_publicize_message":"","jetpack_publicize_feature_enabled":true,"jetpack_social_post_already_shared":true,"jetpack_social_options":{"image_generator_settings":{"template":"highway","default_image_id":0,"font":"","enabled":false},"version":2}},"categories":[587],"tags":[],"class_list":["post-15290","post","type-post","status-publish","format-standard","has-post-thumbnail","hentry","category-dunya"],"jetpack_publicize_connections":[],"jetpack_featured_media_url":"https:\/\/kibrisayna.com\/wp-content\/uploads\/2024\/12\/1735460957091thumbs_b_c_12f4f662b4b8d0740626bd234221d482.jpg","jetpack_sharing_enabled":true,"_links":{"self":[{"href":"https:\/\/kibrisayna.com\/index.php\/wp-json\/wp\/v2\/posts\/15290","targetHints":{"allow":["GET"]}}],"collection":[{"href":"https:\/\/kibrisayna.com\/index.php\/wp-json\/wp\/v2\/posts"}],"about":[{"href":"https:\/\/kibrisayna.com\/index.php\/wp-json\/wp\/v2\/types\/post"}],"author":[{"embeddable":true,"href":"https:\/\/kibrisayna.com\/index.php\/wp-json\/wp\/v2\/users\/908"}],"replies":[{"embeddable":true,"href":"https:\/\/kibrisayna.com\/index.php\/wp-json\/wp\/v2\/comments?post=15290"}],"version-history":[{"count":0,"href":"https:\/\/kibrisayna.com\/index.php\/wp-json\/wp\/v2\/posts\/15290\/revisions"}],"wp:featuredmedia":[{"embeddable":true,"href":"https:\/\/kibrisayna.com\/index.php\/wp-json\/wp\/v2\/media\/15291"}],"wp:attachment":[{"href":"https:\/\/kibrisayna.com\/index.php\/wp-json\/wp\/v2\/media?parent=15290"}],"wp:term":[{"taxonomy":"category","embeddable":true,"href":"https:\/\/kibrisayna.com\/index.php\/wp-json\/wp\/v2\/categories?post=15290"},{"taxonomy":"post_tag","embeddable":true,"href":"https:\/\/kibrisayna.com\/index.php\/wp-json\/wp\/v2\/tags?post=15290"}],"curies":[{"name":"wp","href":"https:\/\/api.w.org\/{rel}","templated":true}]}}