{"id":15270,"date":"2024-12-29T13:40:09","date_gmt":"2024-12-29T10:40:09","guid":{"rendered":"https:\/\/kibrisayna.com\/index.php\/2024\/12\/29\/yurutulen-milli-siyasetten-geri-donulemez-brtk\/"},"modified":"2024-12-29T13:40:09","modified_gmt":"2024-12-29T10:40:09","slug":"yurutulen-milli-siyasetten-geri-donulemez-brtk","status":"publish","type":"post","link":"https:\/\/kibrisayna.com\/index.php\/2024\/12\/29\/yurutulen-milli-siyasetten-geri-donulemez-brtk\/","title":{"rendered":"\u201cY\u00fcr\u00fct\u00fclen milli siyasetten geri d\u00f6n\u00fclemez\u201d \u2013 BRTK"},"content":{"rendered":"<p> <br \/>\n<\/p>\n<div>\n<div class=\"mariselle-image-container center\">\n                <img loading=\"lazy\" decoding=\"async\" width=\"1600\" height=\"1064\" class=\"lazy-image\" alt=\"\" sizes=\"auto, (max-width: 1600px) 100vw, 1600px\" src=\"https:\/\/brtk.net\/wp-content\/uploads\/2024\/12\/29\/1735456777270TATAR-SEHITLER-HAFTASI-ETKINLIK-1-1.jpg?ver=46907a96cf0c63daeb1c6ed45fbcf732\" srcset=\"https:\/\/brtk.net\/wp-content\/uploads\/2024\/12\/29\/1735456777270TATAR-SEHITLER-HAFTASI-ETKINLIK-1-1.jpg?ver=46907a96cf0c63daeb1c6ed45fbcf732 1600w, https:\/\/brtk.net\/wp-content\/uploads\/2024\/12\/29\/1735456777270TATAR-SEHITLER-HAFTASI-ETKINLIK-1-1-300x200.jpg?ver=40e68e91d5b565f2c71d0183c6880a2b 300w, https:\/\/brtk.net\/wp-content\/uploads\/2024\/12\/29\/1735456777270TATAR-SEHITLER-HAFTASI-ETKINLIK-1-1-1024x681.jpg?ver=40e68e91d5b565f2c71d0183c6880a2b 1024w, https:\/\/brtk.net\/wp-content\/uploads\/2024\/12\/29\/1735456777270TATAR-SEHITLER-HAFTASI-ETKINLIK-1-1-768x511.jpg?ver=40e68e91d5b565f2c71d0183c6880a2b 768w, https:\/\/brtk.net\/wp-content\/uploads\/2024\/12\/29\/1735456777270TATAR-SEHITLER-HAFTASI-ETKINLIK-1-1-1536x1021.jpg?ver=c7a5e26e602405c16eeb03e1421a6a78 1536w\"\/>                            <\/div>\n<p>Cumhurba\u015fkan\u0131 Ersin Tatar, Do\u011fu Akdeniz\u2019deki jeopolitik ve jeostratejik geli\u015fmelere bak\u0131ld\u0131\u011f\u0131nda, K\u0131br\u0131s konusunda y\u00fcr\u00fct\u00fclen siyasetin do\u011fru oldu\u011funun g\u00f6r\u00fcld\u00fc\u011f\u00fcn\u00fc ve bu siyasetin zemininin g\u00fc\u00e7lendi\u011fini kaydederek, KKTC\u2019nin \u00f6nemi ve de\u011ferinin artt\u0131\u011f\u0131n\u0131, T\u00fcrkiye\u2019nin ve T\u00fcrk d\u00fcnyas\u0131n\u0131n milli \u00e7\u0131karlar\u0131 a\u00e7\u0131s\u0131ndan milli siyasetten d\u00f6n\u00fclmemesi gerekti\u011fini s\u00f6yledi.<\/p>\n<p>Cumhurba\u015fkanl\u0131\u011f\u0131\u2019ndan yap\u0131lan a\u00e7\u0131klamaya g\u00f6re Tatar, K\u0131br\u0131s Bar\u0131\u015f Harekat\u0131 50. Y\u0131l\u0131 Kutlama Derne\u011fi\u2019nin 21 Aral\u0131k \u015eehitler Haftas\u0131 nedeniyle d\u00fczenledi\u011fi etkinli\u011fe uzaktan ba\u011flanarak g\u00f6r\u00fcnt\u00fcl\u00fc bir konu\u015fma yapt\u0131.<\/p>\n<p>Cumhurba\u015fkan\u0131 Ersin Tatar konu\u015fmas\u0131nda, K\u0131br\u0131s T\u00fcrk\u00fc\u2019n\u00fcn her zaman yan\u0131nda olan anavatan T\u00fcrkiye Cumhuriyeti ve T\u00fcrk Silahl\u0131 Kuvvetlerine minnet duydu\u011funu ifade etti, K\u0131br\u0131s Bar\u0131\u015f Harekat\u0131 sayesinde K\u0131br\u0131s T\u00fcrk\u00fc\u2019n\u00fcn \u00f6zg\u00fcrl\u00fc\u011f\u00fcne kavu\u015ftu\u011funu ve K\u0131br\u0131s\u2019\u0131n bir Yunan adas\u0131 olmas\u0131n\u0131n engellendi\u011fini s\u00f6yledi.<\/p>\n<p>Cumhurba\u015fkan\u0131 Tatar, Harekat\u2019\u0131n bir d\u00f6n\u00fcm noktas\u0131 oldu\u011funu belirterek, emri veren d\u00f6nemin T\u00fcrkiye Cumhuriyeti Ba\u015fkan\u0131 merhum B\u00fclent Ecevit ve Ba\u015fbakan Yard\u0131mc\u0131s\u0131 Necmettin Erbakan\u2019\u0131 sayg\u0131yla and\u0131, \u015fehitlere rahmet diledi ve gazilere \u015f\u00fckranlar\u0131n\u0131 sundu.<\/p>\n<p>T\u00fcrkiye Cumhuriyeti\u2019nin K\u0131br\u0131s T\u00fcrk\u00fc\u2019n\u00fcn anavatan olmas\u0131n\u0131n yan\u0131nda K\u0131br\u0131s\u2019\u0131n garant\u00f6r \u00fclkesi oldu\u011funu anlatan Cumhurba\u015fkan\u0131 Tatar, T\u00fcrkiye\u2019nin Do\u011fu Akdeniz\u2019in en b\u00fcy\u00fck ve en g\u00fc\u00e7l\u00fc devleti oldu\u011funu vurgulad\u0131.<\/p>\n<p>-\u201cZemin g\u00fc\u00e7lendi\u201d<\/p>\n<p>Do\u011fu Akdeniz\u2019deki jeopolitik ve jeostratejik geli\u015fmelere bak\u0131ld\u0131\u011f\u0131nda, K\u0131br\u0131s konusunda y\u00fcr\u00fct\u00fclen siyasetin do\u011fru oldu\u011funun g\u00f6r\u00fcld\u00fc\u011f\u00fcn\u00fc aktaran Cumhurba\u015fkan\u0131 Tatar, ya\u015fanan geli\u015fmeler sonras\u0131nda y\u00fcr\u00fct\u00fclen siyasetin zemininin g\u00fc\u00e7lendi\u011fini kaydetti.<\/p>\n<p>Gazze ve Suriye\u2019de ya\u015fananlar nedeniyle G\u00fcney K\u0131br\u0131s\u2019ta baz\u0131 \u00e7\u0131kar gruplar\u0131n\u0131n konu\u015fland\u0131\u011f\u0131n\u0131 anlatan Cumhurba\u015fkan\u0131 Tatar, K\u0131br\u0131s meselesi \u00e7\u00f6z\u00fclmeden T\u00fcrkiye\u2019nin \u00fcye olmad\u0131\u011f\u0131 birli\u011fe \u2018K\u0131br\u0131s giremez\u2019 denilmesine ra\u011fmen Annan Plan\u0131na \u2018hay\u0131r\u2019 diyen Rum taraf\u0131n\u0131n tek tarafl\u0131 olarak Avrupa Birli\u011fine al\u0131nmas\u0131yla AB\u2019nin s\u0131n\u0131rlar\u0131n\u0131n K\u0131br\u0131s\u2019a kadar geni\u015fletildi\u011fini ifade etti<\/p>\n<p>\u201cDo\u011fu Akdeniz\u2019de, enerji kaynaklar\u0131, hava, deniz ve k\u0131ta sahanl\u0131\u011f\u0131nda \u00fcst\u00fcnl\u00fck sa\u011flamak istiyorlar bu nedenle Kuzey K\u0131br\u0131s T\u00fcrk Cumhuriyeti\u2019nin \u00f6nemi ve de\u011feri artmaktad\u0131r\u201d diye konu\u015fan Cumhurba\u015fkan\u0131 Tatar, T\u00fcrkiye\u2019nin ve T\u00fcrk d\u00fcnyas\u0131n\u0131n milli \u00e7\u0131karlar\u0131 a\u00e7\u0131s\u0131ndan milli siyasetten d\u00f6n\u00fclmemesi gerekti\u011fine dikkat \u00e7ekti.<\/p>\n<p>K\u0131br\u0131s T\u00fcrk\u00fc\u2019n\u00fcn aras\u0131na \u00e7e\u015fitli faaliyetlerle nifak tohumlar\u0131n\u0131 sokmak ve Kuzey K\u0131br\u0131s T\u00fcrk Cumhuriyeti\u2019ni zafiyete u\u011fratmak isteyenlerin bulundu\u011funu anlatan<\/p>\n<p>Cumhurba\u015fkan\u0131 Tatar \u015f\u00f6yle konu\u015ftu:<\/p>\n<p>\u201cT\u00fcrkiye Cumhuriyeti Cumhurba\u015fkan\u0131 Recep Tayyip Erdo\u011fan, BM Genel Kurul Toplant\u0131s\u0131\u2019nda Kuzey K\u0131br\u0131s T\u00fcrk Cumhuriyeti\u2019nin tan\u0131nmas\u0131, ambargolar\u0131n kald\u0131r\u0131lmas\u0131, diplomatik ve ticari ili\u015fkilerin kurulmas\u0131 \u00e7a\u011fr\u0131s\u0131 yaparken, baz\u0131 muhalifler sosyalist enternasyonal toplant\u0131da, bunun bir zemin olmad\u0131\u011f\u0131n\u0131 Tatar\u2019\u0131n gidece\u011fini ve K\u0131br\u0131s\u2019ta yeniden federasyon g\u00f6r\u00fc\u015f\u00fclece\u011fini s\u00f6yledi. Bilerek K\u0131br\u0131s T\u00fcrk\u00fc\u2019n\u00fcn anavatan T\u00fcrkiye ile ba\u011flar\u0131n\u0131n kopar\u0131lmas\u0131, garant\u00f6rl\u00fck hakk\u0131n\u0131n sona erdirilmesi, T\u00fcrk askerinin adadan \u00e7ekilmesi, asimile edilmemiz ve T\u00fcrkiye\u2019nin Do\u011fu Akdeniz\u2019den d\u0131\u015flanmas\u0131 g\u00fcndemde tutuluyor.\u201d<\/p>\n<p>K\u0131br\u0131s T\u00fcrk\u00fc\u2019n\u00fcn gelece\u011fine \u0131\u015f\u0131k tutmak i\u00e7in milli davay\u0131 savunmaya, T\u00fcrk D\u00fcnyas\u0131nda ve dost \u00fclkelerde milli davay\u0131 anlatmaya devam edeceklerine i\u015faret eden Cumhurba\u015fkan\u0131 Tatar, aradaki manevi ba\u011flar\u0131n g\u00fc\u00e7lenmesi ve milli de\u011ferleri y\u00fckseltmek i\u00e7in birlikte \u00e7al\u0131\u015f\u0131lmas\u0131 gerekti\u011fine dikkat \u00e7ekti.<\/p>\n<p>K\u0131br\u0131s T\u00fcrk\u00fc\u2019n\u00fcn her zaman T\u00fcrkiye\u2019ye g\u00fcvendi\u011fini ve T\u00fcrkiye\u2019nin hi\u00e7bir zaman K\u0131br\u0131s T\u00fcrk\u00fc\u2019n\u00fc yaln\u0131z b\u0131rakmad\u0131\u011f\u0131n\u0131 anlatan Cumhurba\u015fkan\u0131 Tatar, \u201cSon 50 y\u0131lda kazand\u0131klar\u0131m\u0131z anlaml\u0131 ve b\u00fcy\u00fckt\u00fcr. D\u00fcnyaya meydan okumakt\u0131r. K\u0131br\u0131s T\u00fcrk\u00fc az\u0131nl\u0131k de\u011fildir. K\u0131br\u0131s\u2019ta Rumlarla e\u015fit haklara sahip bir halkt\u0131r. Her halk, kendi gelece\u011fini tayin etme hakk\u0131na sahiptir. Yap\u0131lacak antla\u015fman\u0131n buz \u00fcst\u00fcndeki bir yaz\u0131 olmamas\u0131 i\u00e7in egemenlik temelinde bir antla\u015fma istiyoruz\u201d ifadelerini kulland\u0131.<\/p>\n<p>K\u0131br\u0131s T\u00fcrk\u00fc\u2019n\u00fcn m\u00fccadele y\u0131llar\u0131nda g\u00f6\u00e7ler ya\u015fad\u0131\u011f\u0131n\u0131 ve soyk\u0131r\u0131mlardan ge\u00e7ti\u011fini belirten Cumhurba\u015fkan\u0131 Tatar, milli de\u011ferlerin ayaklar alt\u0131na al\u0131nmamas\u0131 i\u00e7in halk\u0131n direndi\u011fini, \u00f6zg\u00fcrl\u00fck ve varolu\u015f m\u00fccadelesinde m\u00fccahitlerin b\u00fcy\u00fck m\u00fccadele g\u00f6sterdi\u011fini vurgulad\u0131.<\/p>\n<p>\u201cMilli varl\u0131\u011f\u0131m\u0131z\u0131 s\u00fcrd\u00fcrmenin onuru i\u00e7indeyiz\u201d diyen Cumhurba\u015fkan\u0131 Tatar, yeni neslin de bu m\u00fccadeleyi s\u00fcrmek ve devletini ya\u015fartmak zorunda oldu\u011funu kaydetti.<\/p>\n<p>K\u0131br\u0131s T\u00fcrk\u00fc\u2019n\u00fcn 2017 y\u0131l\u0131nda Crans Montana g\u00f6r\u00fc\u015fmelerinde, \u201cs\u0131f\u0131r asker ve s\u0131f\u0131r garantinin\u201d kabul edildi\u011fi noktaya getirilme istendi\u011fine dikkat \u00e7eken Cumhurba\u015fkan\u0131 Tatar, gelinen o noktadan sonra devam etmenin m\u00fcmk\u00fcn olmad\u0131\u011f\u0131na vurgu yapt\u0131.<\/p>\n<p>Cumhurba\u015fkan\u0131 se\u00e7ildikten sonra iki ayr\u0131 egemen devletin i\u015fbirli\u011fine dayal\u0131 bir \u00e7\u00f6z\u00fcm siyasetini ortaya koydu\u011funu ve T\u00fcrkiye Cumhuriyeti\u2019nin de bu siyasete tam destek verdi\u011fini dile getiren Cumhurba\u015fkan\u0131 Tatar, K\u0131br\u0131s\u2019ta s\u00fcrd\u00fcr\u00fclebilir, kal\u0131c\u0131 ve adaletli bir antla\u015fman\u0131n ancak bu \u015fekilde sa\u011flanaca\u011f\u0131n\u0131 kaydetti.<\/p>\n<p>Cumhurba\u015fkan\u0131 Tatar, egemen e\u015fitlik ve e\u015fit uluslararas\u0131 stat\u00fcn\u00fcn tesciliyle yeni ve resmi m\u00fczakerelere ba\u015flamaya haz\u0131r oldu\u011funu ifade etti.<\/p>\n<p>Cumhurba\u015fkan\u0131 Tatar, T\u00fcrk Devletler Te\u015fkilat\u0131na g\u00f6zlemci \u00fcye olan Kuzey K\u0131br\u0131s T\u00fcrk Cumhuriyeti\u2019nin T\u00fcrk D\u00fcnyas\u0131\u2019n\u0131n en g\u00fcneydeki devleti olarak mavi ve g\u00f6k vatanda milli \u00e7\u0131karlar\u0131n korunmas\u0131 i\u00e7in varl\u0131\u011f\u0131n\u0131 s\u00fcrd\u00fcrece\u011fini kaydetti.<\/p>\n<\/p><\/div>\n<p><script async\n                    defer\n                    crossorigin=\"anonymous\"\n                    src=\"https:\/\/connect.facebook.net\/tr_TR\/sdk.js#xfbml=1&#038;version=v3.3\"\n            ><\/script><br \/>\n<br \/><br \/>\n<br \/><a href=\"https:\/\/brtk.net\/cumhurbaskani-tatar-yurutulen-milli-siyasetten-geri-donulemez\/\">Kaynak BRT <\/a><\/p>\n","protected":false},"excerpt":{"rendered":"<p>Cumhurba\u015fkan\u0131 Ersin Tatar, Do\u011fu Akdeniz\u2019deki jeopolitik ve jeostratejik geli\u015fmelere bak\u0131ld\u0131\u011f\u0131nda, K\u0131br\u0131s konusunda y\u00fcr\u00fct\u00fclen siyasetin do\u011fru oldu\u011funun g\u00f6r\u00fcld\u00fc\u011f\u00fcn\u00fc ve bu siyasetin zemininin g\u00fc\u00e7lendi\u011fini kaydederek, KKTC\u2019nin \u00f6nemi ve de\u011ferinin artt\u0131\u011f\u0131n\u0131, T\u00fcrkiye\u2019nin ve T\u00fcrk d\u00fcnyas\u0131n\u0131n milli \u00e7\u0131karlar\u0131 a\u00e7\u0131s\u0131ndan milli siyasetten d\u00f6n\u00fclmemesi gerekti\u011fini s\u00f6yledi. Cumhurba\u015fkanl\u0131\u011f\u0131\u2019ndan yap\u0131lan a\u00e7\u0131klamaya g\u00f6re Tatar, K\u0131br\u0131s Bar\u0131\u015f Harekat\u0131 50. Y\u0131l\u0131 Kutlama Derne\u011fi\u2019nin 21 Aral\u0131k \u015eehitler [&hellip;]<\/p>\n","protected":false},"author":908,"featured_media":15271,"comment_status":"open","ping_status":"open","sticky":false,"template":"","format":"standard","meta":{"_jetpack_memberships_contains_paid_content":false,"footnotes":"","jetpack_publicize_message":"","jetpack_publicize_feature_enabled":true,"jetpack_social_post_already_shared":true,"jetpack_social_options":{"image_generator_settings":{"template":"highway","default_image_id":0,"font":"","enabled":false},"version":2}},"categories":[253],"tags":[],"class_list":["post-15270","post","type-post","status-publish","format-standard","has-post-thumbnail","hentry","category-gundem"],"jetpack_publicize_connections":[],"jetpack_featured_media_url":"https:\/\/kibrisayna.com\/wp-content\/uploads\/2024\/12\/1735456777270TATAR-SEHITLER-HAFTASI-ETKINLIK-1-1.jpg","jetpack_sharing_enabled":true,"_links":{"self":[{"href":"https:\/\/kibrisayna.com\/index.php\/wp-json\/wp\/v2\/posts\/15270","targetHints":{"allow":["GET"]}}],"collection":[{"href":"https:\/\/kibrisayna.com\/index.php\/wp-json\/wp\/v2\/posts"}],"about":[{"href":"https:\/\/kibrisayna.com\/index.php\/wp-json\/wp\/v2\/types\/post"}],"author":[{"embeddable":true,"href":"https:\/\/kibrisayna.com\/index.php\/wp-json\/wp\/v2\/users\/908"}],"replies":[{"embeddable":true,"href":"https:\/\/kibrisayna.com\/index.php\/wp-json\/wp\/v2\/comments?post=15270"}],"version-history":[{"count":0,"href":"https:\/\/kibrisayna.com\/index.php\/wp-json\/wp\/v2\/posts\/15270\/revisions"}],"wp:featuredmedia":[{"embeddable":true,"href":"https:\/\/kibrisayna.com\/index.php\/wp-json\/wp\/v2\/media\/15271"}],"wp:attachment":[{"href":"https:\/\/kibrisayna.com\/index.php\/wp-json\/wp\/v2\/media?parent=15270"}],"wp:term":[{"taxonomy":"category","embeddable":true,"href":"https:\/\/kibrisayna.com\/index.php\/wp-json\/wp\/v2\/categories?post=15270"},{"taxonomy":"post_tag","embeddable":true,"href":"https:\/\/kibrisayna.com\/index.php\/wp-json\/wp\/v2\/tags?post=15270"}],"curies":[{"name":"wp","href":"https:\/\/api.w.org\/{rel}","templated":true}]}}