{"id":15261,"date":"2024-12-28T21:15:48","date_gmt":"2024-12-28T18:15:48","guid":{"rendered":"https:\/\/kibrisayna.com\/index.php\/2024\/12\/28\/yonca-kavsagi-ercan-anayolunda-kaza-brtk\/"},"modified":"2024-12-28T21:15:48","modified_gmt":"2024-12-28T18:15:48","slug":"yonca-kavsagi-ercan-anayolunda-kaza-brtk","status":"publish","type":"post","link":"https:\/\/kibrisayna.com\/index.php\/2024\/12\/28\/yonca-kavsagi-ercan-anayolunda-kaza-brtk\/","title":{"rendered":"Yonca kav\u015fa\u011f\u0131 Ercan anayolunda kaza\u2026 \u2013 BRTK"},"content":{"rendered":"<p> <br \/>\n<\/p>\n<div>\n<div class=\"mariselle-image-container center\">\n                <img loading=\"lazy\" decoding=\"async\" width=\"1200\" height=\"1600\" class=\"lazy-image\" alt=\"\" sizes=\"auto, (max-width: 1200px) 100vw, 1200px\" src=\"https:\/\/brtk.net\/wp-content\/uploads\/2024\/12\/28\/1735408445728ercan.jpeg?ver=fa27eea9fc4e4b4368e22e4a60a26273\" srcset=\"https:\/\/brtk.net\/wp-content\/uploads\/2024\/12\/28\/1735408445728ercan.jpeg?ver=fa27eea9fc4e4b4368e22e4a60a26273 1200w, https:\/\/brtk.net\/wp-content\/uploads\/2024\/12\/28\/1735408445728ercan-225x300.jpeg?ver=6c144d98324645758e34f8cf4847093c 225w, https:\/\/brtk.net\/wp-content\/uploads\/2024\/12\/28\/1735408445728ercan-768x1024.jpeg?ver=6c144d98324645758e34f8cf4847093c 768w, https:\/\/brtk.net\/wp-content\/uploads\/2024\/12\/28\/1735408445728ercan-1152x1536.jpeg?ver=95d0c8d92b9c4361b720daab9ce0a105 1152w\"\/>                            <\/div>\n<p>Yonca Kav\u015fa\u011f\u0131 Ercan anayolunda saat 17.00 s\u0131ralar\u0131nda meydana gelen trafik kazas\u0131nda kontrolden \u00e7\u0131kan ara\u00e7 takla att\u0131. Kazada yaralanan olmad\u0131.<\/p>\n<p> Polis Bas\u0131n Subayl\u0131\u011f\u0131\u2019ndan verilen bilgiye g\u00f6re, MA 158 plakal\u0131 salon arac\u0131 soldan ikinci \u015ferit i\u00e7erisinde g\u00fcney istikametine do\u011fru kullanan  Mehmet Ali Karaa\u011fa\u00e7e dikkatsizli\u011fi sonucu direksiyon hakimiyetini kaybederek yolun sa\u011f\u0131nda bulunan beton bariyerlere \u00e7arp\u0131p yol i\u00e7erisinde takla att\u0131.<\/p>\n<p>Kaza sonucu yaralanan olmad\u0131. Soru\u015fturma devam ediyor.<\/p>\n<\/p><\/div>\n<p><script async\n                    defer\n                    crossorigin=\"anonymous\"\n                    src=\"https:\/\/connect.facebook.net\/tr_TR\/sdk.js#xfbml=1&#038;version=v3.3\"\n            ><\/script><br \/>\n<br \/><br \/>\n<br \/><a href=\"https:\/\/brtk.net\/yonca-kavsagi-ercan-anayolunda-kaza\/\"> <\/a><\/p>\n","protected":false},"excerpt":{"rendered":"<p>Yonca Kav\u015fa\u011f\u0131 Ercan anayolunda saat 17.00 s\u0131ralar\u0131nda meydana gelen trafik kazas\u0131nda kontrolden \u00e7\u0131kan ara\u00e7 takla att\u0131. Kazada yaralanan olmad\u0131. Polis Bas\u0131n Subayl\u0131\u011f\u0131\u2019ndan verilen bilgiye g\u00f6re, MA 158 plakal\u0131 salon arac\u0131 soldan ikinci \u015ferit i\u00e7erisinde g\u00fcney istikametine do\u011fru kullanan Mehmet Ali Karaa\u011fa\u00e7e dikkatsizli\u011fi sonucu direksiyon hakimiyetini kaybederek yolun sa\u011f\u0131nda bulunan beton bariyerlere \u00e7arp\u0131p yol i\u00e7erisinde takla [&hellip;]<\/p>\n","protected":false},"author":908,"featured_media":15262,"comment_status":"open","ping_status":"open","sticky":false,"template":"","format":"standard","meta":{"_jetpack_memberships_contains_paid_content":false,"footnotes":"","jetpack_publicize_message":"","jetpack_publicize_feature_enabled":true,"jetpack_social_post_already_shared":true,"jetpack_social_options":{"image_generator_settings":{"template":"highway","default_image_id":0,"font":"","enabled":false},"version":2}},"categories":[253,19],"tags":[],"class_list":["post-15261","post","type-post","status-publish","format-standard","has-post-thumbnail","hentry","category-gundem","category-manset"],"jetpack_publicize_connections":[],"jetpack_featured_media_url":"https:\/\/kibrisayna.com\/wp-content\/uploads\/2024\/12\/1735408445728ercan.jpeg","jetpack_sharing_enabled":true,"_links":{"self":[{"href":"https:\/\/kibrisayna.com\/index.php\/wp-json\/wp\/v2\/posts\/15261","targetHints":{"allow":["GET"]}}],"collection":[{"href":"https:\/\/kibrisayna.com\/index.php\/wp-json\/wp\/v2\/posts"}],"about":[{"href":"https:\/\/kibrisayna.com\/index.php\/wp-json\/wp\/v2\/types\/post"}],"author":[{"embeddable":true,"href":"https:\/\/kibrisayna.com\/index.php\/wp-json\/wp\/v2\/users\/908"}],"replies":[{"embeddable":true,"href":"https:\/\/kibrisayna.com\/index.php\/wp-json\/wp\/v2\/comments?post=15261"}],"version-history":[{"count":0,"href":"https:\/\/kibrisayna.com\/index.php\/wp-json\/wp\/v2\/posts\/15261\/revisions"}],"wp:featuredmedia":[{"embeddable":true,"href":"https:\/\/kibrisayna.com\/index.php\/wp-json\/wp\/v2\/media\/15262"}],"wp:attachment":[{"href":"https:\/\/kibrisayna.com\/index.php\/wp-json\/wp\/v2\/media?parent=15261"}],"wp:term":[{"taxonomy":"category","embeddable":true,"href":"https:\/\/kibrisayna.com\/index.php\/wp-json\/wp\/v2\/categories?post=15261"},{"taxonomy":"post_tag","embeddable":true,"href":"https:\/\/kibrisayna.com\/index.php\/wp-json\/wp\/v2\/tags?post=15261"}],"curies":[{"name":"wp","href":"https:\/\/api.w.org\/{rel}","templated":true}]}}