{"id":15254,"date":"2024-12-28T20:18:30","date_gmt":"2024-12-28T17:18:30","guid":{"rendered":"https:\/\/kibrisayna.com\/index.php\/2024\/12\/28\/polis-haberleri-35-yasindaki-hasim-acarca-hayatini-kaybetti-brtk\/"},"modified":"2024-12-28T20:18:30","modified_gmt":"2024-12-28T17:18:30","slug":"polis-haberleri-35-yasindaki-hasim-acarca-hayatini-kaybetti-brtk","status":"publish","type":"post","link":"https:\/\/kibrisayna.com\/index.php\/2024\/12\/28\/polis-haberleri-35-yasindaki-hasim-acarca-hayatini-kaybetti-brtk\/","title":{"rendered":"Polis haberleri\u2026 35 ya\u015f\u0131ndaki Ha\u015fim Acarca hayat\u0131n\u0131 kaybetti \u2013 BRTK"},"content":{"rendered":"<p> <br \/>\n<\/p>\n<div>\n<div class=\"mariselle-image-container center\">\n                <img loading=\"lazy\" decoding=\"async\" width=\"2477\" height=\"2560\" class=\"lazy-image\" alt=\"\" sizes=\"auto, (max-width: 2477px) 100vw, 2477px\" src=\"https:\/\/brtk.net\/wp-content\/uploads\/2024\/12\/28\/1735381942756polis-genel-mudurlugu-scaled.jpg?ver=d89a71de6a32392a117d5a15c45f17d8\" srcset=\"https:\/\/brtk.net\/wp-content\/uploads\/2024\/12\/28\/1735381942756polis-genel-mudurlugu-scaled.jpg?ver=d89a71de6a32392a117d5a15c45f17d8 2477w, https:\/\/brtk.net\/wp-content\/uploads\/2024\/12\/28\/1735381942756polis-genel-mudurlugu-290x300.jpg?ver=d89a71de6a32392a117d5a15c45f17d8 290w, https:\/\/brtk.net\/wp-content\/uploads\/2024\/12\/28\/1735381942756polis-genel-mudurlugu-991x1024.jpg?ver=dd289d5eb7878ac158f0689421f5a348 991w, https:\/\/brtk.net\/wp-content\/uploads\/2024\/12\/28\/1735381942756polis-genel-mudurlugu-768x794.jpg?ver=9d27777e09c5b65701b9ec89c1a2d94e 768w, https:\/\/brtk.net\/wp-content\/uploads\/2024\/12\/28\/1735381942756polis-genel-mudurlugu-1486x1536.jpg?ver=24c5e1750982a42104e392b5de27ad23 1486w, https:\/\/brtk.net\/wp-content\/uploads\/2024\/12\/28\/1735381942756polis-genel-mudurlugu-1981x2048.jpg?ver=703b76e28b006907fbec5c0d95f18ea5 1981w\"\/>                            <\/div>\n<p>\nGazima\u011fusa\u2019da sakin 35 ya\u015f\u0131ndaki Ha\u015fim Acarca d\u00fcn sabah saat 07.10 s\u0131ralar\u0131nda kald\u0131\u011f\u0131 ikametgah i\u00e7erisinde aniden rahats\u0131zlanarak, ya\u015fam\u0131n\u0131 yitirdi.<\/p>\n<p>Polis Bas\u0131n Subayl\u0131\u011f\u0131\u2019ndan yap\u0131lan a\u00e7\u0131klamaya g\u00f6re, Acarca\u2019n\u0131n (E-35), cans\u0131z bedeni \u00fczerinde doktor taraf\u0131ndan yap\u0131lan d\u0131\u015f muayenede, darp veya cebir izine rastlanmad\u0131. \u00d6l\u00fcm sebebi yap\u0131lacak otopsi sonucunda tespit edilecek.<\/p>\n<p>-Mustafa Sa\u011flam\u2019\u0131n kan ve doku \u00f6rnekleri al\u0131nd\u0131<\/p>\n<p>Derince\u2019de ge\u00e7en sal\u0131 g\u00fcn\u00fc kald\u0131\u011f\u0131 ikametgah i\u00e7erisinde \u00f6l\u00fc bulunan Mustafa Sa\u011flam\u2019\u0131n (E-52), yap\u0131lan otopsisinde, \u00f6l\u00fcm sebebinin tespiti i\u00e7in kan ve doku \u00f6rnekleri al\u0131nd\u0131, \u00f6l\u00fcm sebebi ileri tetkiklerin sonucunda tespit edilecek.<\/p>\n<p>-Haspolat\u2019ta \u00f6\u011frenci yurdunun bah\u00e7esinde b\u0131\u00e7akla yaralama\u2026 2 tutuklu<\/p>\n<p>Haspolat\u2019ta faaliyet g\u00f6steren bir \u00f6\u011frenci yurdunun bah\u00e7esinde d\u00fcn saat 22.00 s\u0131ralar\u0131nda, aralar\u0131nda ya\u015fanan tart\u0131\u015fma sonucu F.B.(E-21) ve K.D.(E-19) bir taraf olup, di\u011fer taraf olan F.T.\u00c7.(E-21) ile kavga ettikleri s\u0131rada, F.B. kanunsuz olarak tasarrufunda bulundurdu\u011fu b\u0131\u00e7ak ile F.T.\u00c7.\u2019yi sa\u011f kar\u0131n k\u0131sm\u0131ndan a\u011f\u0131r \u015fekilde yaralad\u0131.<\/p>\n<p>F.T.\u00c7., kald\u0131r\u0131ld\u0131\u011f\u0131 Lefko\u015fa Dr. Burhan Nalbanto\u011flu Devlet Hastanesi\u2019nde, yap\u0131lan tedavisinin ard\u0131ndan m\u00fc\u015fahede alt\u0131na al\u0131nd\u0131. F.B. ve K.D. tutukland\u0131.<\/p>\n<p>-Lefko\u015fa\u2019da kavga ve \u00e7evreye rahats\u0131zl\u0131ktan 4 ki\u015fi tutukland\u0131<\/p>\n<p>Lefko\u015fa\u2019da d\u00fcn saat 22.00 s\u0131ralar\u0131nda, kamuya a\u00e7\u0131k bir yer olan Dr. Niyazi Manyera Sokak\u2019ta, bir apartmana ait ara\u00e7 park yerinde, ara\u00e7 park yeri konusunda aralar\u0131nda ya\u015fanan tart\u0131\u015fma sonucu L.\u00d6.(E-35) bir taraf olup, di\u011fer taraf olan \u00d6.B.K.(E-25), M.F.\u00c7.(E-24) ve B.A.(E-22) ile kavga edip, y\u00fcksek sesle ba\u011f\u0131rarak, \u00e7evreye rahats\u0131zl\u0131k verdiler. Bahse konu \u015fah\u0131slar tutukland\u0131.<\/p>\n<p>-\u0130kamet izinsiz bir ki\u015fi tutukland\u0131<\/p>\n<p>\u00dclke genelinde d\u00fcn yap\u0131lan denetim ve kontrollerde ikamet izinsiz bir ki\u015fi tutuklanarak, aleyhinde yasal i\u015flem ba\u015flat\u0131ld\u0131.<\/p>\n<p>-G\u00f6nyeli\u2019de bir evin mutfa\u011f\u0131nda \u00e7\u0131kan yang\u0131n zarara neden oldu<\/p>\n<p>G\u00f6nyeli\u2019de \u015eehit Mustafa Yal\u00e7\u0131n Sokak\u2019ta d\u00fcn saat 20.30 s\u0131ralar\u0131nda, bir \u015fahsa ait evin mutfa\u011f\u0131nda, muhtemelen odun sobas\u0131n\u0131 yakmak i\u00e7in kullan\u0131lan yak\u0131c\u0131 maddenin alevlenmesi sonucu yang\u0131n \u00e7\u0131kt\u0131.<\/p>\n<p>\u0130tfaiye ekipleri taraf\u0131ndan s\u00f6nd\u00fcr\u00fclen yang\u0131n sonucu, mutfak i\u00e7erisinde bulunan muhtelif ev e\u015fyalar\u0131 zarar g\u00f6r\u00fcrken, \u00e7\u0131kan duman ve \u0131s\u0131dan dolay\u0131 mutfa\u011f\u0131n duvarlar\u0131 da islendi.<\/p>\n<\/p><\/div>\n<p><script async\n                    defer\n                    crossorigin=\"anonymous\"\n                    src=\"https:\/\/connect.facebook.net\/tr_TR\/sdk.js#xfbml=1&#038;version=v3.3\"\n            ><\/script><br \/>\n<br \/><br \/>\n<br \/><a href=\"https:\/\/brtk.net\/polis-haberleri-35-yasindaki-hasim-acarca-hayatini-kaybetti\/\"> <\/a><\/p>\n","protected":false},"excerpt":{"rendered":"<p>Gazima\u011fusa\u2019da sakin 35 ya\u015f\u0131ndaki Ha\u015fim Acarca d\u00fcn sabah saat 07.10 s\u0131ralar\u0131nda kald\u0131\u011f\u0131 ikametgah i\u00e7erisinde aniden rahats\u0131zlanarak, ya\u015fam\u0131n\u0131 yitirdi. Polis Bas\u0131n Subayl\u0131\u011f\u0131\u2019ndan yap\u0131lan a\u00e7\u0131klamaya g\u00f6re, Acarca\u2019n\u0131n (E-35), cans\u0131z bedeni \u00fczerinde doktor taraf\u0131ndan yap\u0131lan d\u0131\u015f muayenede, darp veya cebir izine rastlanmad\u0131. \u00d6l\u00fcm sebebi yap\u0131lacak otopsi sonucunda tespit edilecek. -Mustafa Sa\u011flam\u2019\u0131n kan ve doku \u00f6rnekleri al\u0131nd\u0131 Derince\u2019de ge\u00e7en [&hellip;]<\/p>\n","protected":false},"author":908,"featured_media":13283,"comment_status":"open","ping_status":"open","sticky":false,"template":"","format":"standard","meta":{"_jetpack_memberships_contains_paid_content":false,"footnotes":"","jetpack_publicize_message":"","jetpack_publicize_feature_enabled":true,"jetpack_social_post_already_shared":true,"jetpack_social_options":{"image_generator_settings":{"template":"highway","default_image_id":0,"font":"","enabled":false},"version":2}},"categories":[253,19],"tags":[],"class_list":["post-15254","post","type-post","status-publish","format-standard","has-post-thumbnail","hentry","category-gundem","category-manset"],"jetpack_publicize_connections":[],"jetpack_featured_media_url":"https:\/\/kibrisayna.com\/wp-content\/uploads\/2024\/12\/olum324.jpg","jetpack_sharing_enabled":true,"_links":{"self":[{"href":"https:\/\/kibrisayna.com\/index.php\/wp-json\/wp\/v2\/posts\/15254","targetHints":{"allow":["GET"]}}],"collection":[{"href":"https:\/\/kibrisayna.com\/index.php\/wp-json\/wp\/v2\/posts"}],"about":[{"href":"https:\/\/kibrisayna.com\/index.php\/wp-json\/wp\/v2\/types\/post"}],"author":[{"embeddable":true,"href":"https:\/\/kibrisayna.com\/index.php\/wp-json\/wp\/v2\/users\/908"}],"replies":[{"embeddable":true,"href":"https:\/\/kibrisayna.com\/index.php\/wp-json\/wp\/v2\/comments?post=15254"}],"version-history":[{"count":0,"href":"https:\/\/kibrisayna.com\/index.php\/wp-json\/wp\/v2\/posts\/15254\/revisions"}],"wp:featuredmedia":[{"embeddable":true,"href":"https:\/\/kibrisayna.com\/index.php\/wp-json\/wp\/v2\/media\/13283"}],"wp:attachment":[{"href":"https:\/\/kibrisayna.com\/index.php\/wp-json\/wp\/v2\/media?parent=15254"}],"wp:term":[{"taxonomy":"category","embeddable":true,"href":"https:\/\/kibrisayna.com\/index.php\/wp-json\/wp\/v2\/categories?post=15254"},{"taxonomy":"post_tag","embeddable":true,"href":"https:\/\/kibrisayna.com\/index.php\/wp-json\/wp\/v2\/tags?post=15254"}],"curies":[{"name":"wp","href":"https:\/\/api.w.org\/{rel}","templated":true}]}}