{"id":15248,"date":"2024-12-28T19:42:05","date_gmt":"2024-12-28T16:42:05","guid":{"rendered":"https:\/\/kibrisayna.com\/index.php\/2024\/12\/28\/basketbolda-kupanin-sahibi-larnaka-gencler-birligi-oldu-brtk\/"},"modified":"2024-12-28T19:42:05","modified_gmt":"2024-12-28T16:42:05","slug":"basketbolda-kupanin-sahibi-larnaka-gencler-birligi-oldu-brtk","status":"publish","type":"post","link":"https:\/\/kibrisayna.com\/index.php\/2024\/12\/28\/basketbolda-kupanin-sahibi-larnaka-gencler-birligi-oldu-brtk\/","title":{"rendered":"Basketbolda Kupan\u0131n sahibi Larnaka Gen\u00e7ler Birli\u011fi oldu \u2013 BRTK"},"content":{"rendered":"<p> <br \/>\n<\/p>\n<div>\n<div class=\"mariselle-image-container center\">\n                <img loading=\"lazy\" decoding=\"async\" width=\"1600\" height=\"1066\" class=\"lazy-image\" alt=\"\" sizes=\"auto, (max-width: 1600px) 100vw, 1600px\" src=\"https:\/\/brtk.net\/wp-content\/uploads\/2024\/12\/28\/Basketbolda-Geleneksel-Iskele-Kupasi.jpeg?ver=b928bb3599c0052973adde971dd7c658\" srcset=\"https:\/\/brtk.net\/wp-content\/uploads\/2024\/12\/28\/Basketbolda-Geleneksel-Iskele-Kupasi.jpeg?ver=b928bb3599c0052973adde971dd7c658 1600w, https:\/\/brtk.net\/wp-content\/uploads\/2024\/12\/28\/Basketbolda-Geleneksel-Iskele-Kupasi-300x200.jpeg?ver=d3efc973fd6895c66d4b7a6f1053c2ff 300w, https:\/\/brtk.net\/wp-content\/uploads\/2024\/12\/28\/Basketbolda-Geleneksel-Iskele-Kupasi-1024x682.jpeg?ver=d3efc973fd6895c66d4b7a6f1053c2ff 1024w, https:\/\/brtk.net\/wp-content\/uploads\/2024\/12\/28\/Basketbolda-Geleneksel-Iskele-Kupasi-768x512.jpeg?ver=d3efc973fd6895c66d4b7a6f1053c2ff 768w, https:\/\/brtk.net\/wp-content\/uploads\/2024\/12\/28\/Basketbolda-Geleneksel-Iskele-Kupasi-1536x1023.jpeg?ver=8ac07c960989325edaff6ee7102743ce 1536w\"\/>                            <\/div>\n<p>Basketbolda Geleneksel \u0130skele Kupas\u0131\u2019nda \u015fampiyon belli oldu\u2026<\/p>\n<p>D\u00fcn ak\u015fam \u0130skele\u2019de oynanan final ma\u00e7\u0131n\u0131 \u00c7etinkaya Spor Kul\u00fcb\u00fc kar\u015f\u0131s\u0131nda 70-58\u2019lik skorla kazanan Larnaka Gen\u00e7ler Birli\u011fi Spor Kul\u00fcb\u00fc, kupay\u0131 m\u00fczesine g\u00f6t\u00fcren taraf oldu\u2026<\/p>\n<p>\u015eampiyonluk t\u00f6reninde kupalar\u0131 1. ve 2.\u2019ye \u0130skele Belediye ba\u015fkan\u0131 Hasan Sad\u0131ko\u011flu verdi\u2026<\/p>\n<p>Geleneksel \u0130skele Kupas\u0131\u2019nda 3\u2019\u00fcnc\u00fcl\u00fck kupas\u0131 ise Cortado ADA Spor\u2019u 55-51\u2019lik skorla ma\u011flup eden Soyer Aksu tak\u0131m\u0131n\u0131n oldu\u2026<\/p>\n<\/p><\/div>\n<p><script async\n                    defer\n                    crossorigin=\"anonymous\"\n                    src=\"https:\/\/connect.facebook.net\/tr_TR\/sdk.js#xfbml=1&#038;version=v3.3\"\n            ><\/script><br \/>\n<br \/><br \/>\n<br \/><a href=\"https:\/\/brtk.net\/basketbolda-kupanin-sahibi-larnaka-gencler-birligi-oldu\/\">Kaynak BRT <\/a><\/p>\n","protected":false},"excerpt":{"rendered":"<p>Basketbolda Geleneksel \u0130skele Kupas\u0131\u2019nda \u015fampiyon belli oldu\u2026 D\u00fcn ak\u015fam \u0130skele\u2019de oynanan final ma\u00e7\u0131n\u0131 \u00c7etinkaya Spor Kul\u00fcb\u00fc kar\u015f\u0131s\u0131nda 70-58\u2019lik skorla kazanan Larnaka Gen\u00e7ler Birli\u011fi Spor Kul\u00fcb\u00fc, kupay\u0131 m\u00fczesine g\u00f6t\u00fcren taraf oldu\u2026 \u015eampiyonluk t\u00f6reninde kupalar\u0131 1. ve 2.\u2019ye \u0130skele Belediye ba\u015fkan\u0131 Hasan Sad\u0131ko\u011flu verdi\u2026 Geleneksel \u0130skele Kupas\u0131\u2019nda 3\u2019\u00fcnc\u00fcl\u00fck kupas\u0131 ise Cortado ADA Spor\u2019u 55-51\u2019lik skorla ma\u011flup eden [&hellip;]<\/p>\n","protected":false},"author":908,"featured_media":15249,"comment_status":"open","ping_status":"open","sticky":false,"template":"","format":"standard","meta":{"_jetpack_memberships_contains_paid_content":false,"footnotes":"","jetpack_publicize_message":"","jetpack_publicize_feature_enabled":true,"jetpack_social_post_already_shared":true,"jetpack_social_options":{"image_generator_settings":{"template":"highway","default_image_id":0,"font":"","enabled":false},"version":2}},"categories":[9],"tags":[],"class_list":["post-15248","post","type-post","status-publish","format-standard","has-post-thumbnail","hentry","category-spor"],"jetpack_publicize_connections":[],"jetpack_featured_media_url":"https:\/\/kibrisayna.com\/wp-content\/uploads\/2024\/12\/Basketbolda-Geleneksel-Iskele-Kupasi.jpeg","jetpack_sharing_enabled":true,"_links":{"self":[{"href":"https:\/\/kibrisayna.com\/index.php\/wp-json\/wp\/v2\/posts\/15248","targetHints":{"allow":["GET"]}}],"collection":[{"href":"https:\/\/kibrisayna.com\/index.php\/wp-json\/wp\/v2\/posts"}],"about":[{"href":"https:\/\/kibrisayna.com\/index.php\/wp-json\/wp\/v2\/types\/post"}],"author":[{"embeddable":true,"href":"https:\/\/kibrisayna.com\/index.php\/wp-json\/wp\/v2\/users\/908"}],"replies":[{"embeddable":true,"href":"https:\/\/kibrisayna.com\/index.php\/wp-json\/wp\/v2\/comments?post=15248"}],"version-history":[{"count":0,"href":"https:\/\/kibrisayna.com\/index.php\/wp-json\/wp\/v2\/posts\/15248\/revisions"}],"wp:featuredmedia":[{"embeddable":true,"href":"https:\/\/kibrisayna.com\/index.php\/wp-json\/wp\/v2\/media\/15249"}],"wp:attachment":[{"href":"https:\/\/kibrisayna.com\/index.php\/wp-json\/wp\/v2\/media?parent=15248"}],"wp:term":[{"taxonomy":"category","embeddable":true,"href":"https:\/\/kibrisayna.com\/index.php\/wp-json\/wp\/v2\/categories?post=15248"},{"taxonomy":"post_tag","embeddable":true,"href":"https:\/\/kibrisayna.com\/index.php\/wp-json\/wp\/v2\/tags?post=15248"}],"curies":[{"name":"wp","href":"https:\/\/api.w.org\/{rel}","templated":true}]}}