{"id":15241,"date":"2024-12-28T18:20:38","date_gmt":"2024-12-28T15:20:38","guid":{"rendered":"https:\/\/kibrisayna.com\/index.php\/2024\/12\/28\/sibel-tatar-istasyondaki-yeni-yil-etkinligine-katildi-brtk\/"},"modified":"2024-12-28T18:20:38","modified_gmt":"2024-12-28T15:20:38","slug":"sibel-tatar-istasyondaki-yeni-yil-etkinligine-katildi-brtk","status":"publish","type":"post","link":"https:\/\/kibrisayna.com\/index.php\/2024\/12\/28\/sibel-tatar-istasyondaki-yeni-yil-etkinligine-katildi-brtk\/","title":{"rendered":"Sibel Tatar, \u0130stasyon\u2019daki yeni y\u0131l etkinli\u011fine kat\u0131ld\u0131 \u2013 BRTK"},"content":{"rendered":"<p> <br \/>\n<\/p>\n<div>\n<div class=\"mariselle-image-container center\">\n                <img loading=\"lazy\" decoding=\"async\" width=\"1600\" height=\"1066\" class=\"lazy-image\" alt=\"\" sizes=\"auto, (max-width: 1600px) 100vw, 1600px\" src=\"https:\/\/brtk.net\/wp-content\/uploads\/2024\/12\/28\/1735394640253IMG-20241228-WA0019.jpg?ver=4cd7aa717e91ed0483350e98268ed38d\" srcset=\"https:\/\/brtk.net\/wp-content\/uploads\/2024\/12\/28\/1735394640253IMG-20241228-WA0019.jpg?ver=4cd7aa717e91ed0483350e98268ed38d 1600w, https:\/\/brtk.net\/wp-content\/uploads\/2024\/12\/28\/1735394640253IMG-20241228-WA0019-300x200.jpg?ver=4cd7aa717e91ed0483350e98268ed38d 300w, https:\/\/brtk.net\/wp-content\/uploads\/2024\/12\/28\/1735394640253IMG-20241228-WA0019-1024x682.jpg?ver=f29b991b0258fb1aefef3f369e00cf14 1024w, https:\/\/brtk.net\/wp-content\/uploads\/2024\/12\/28\/1735394640253IMG-20241228-WA0019-768x512.jpg?ver=f29b991b0258fb1aefef3f369e00cf14 768w, https:\/\/brtk.net\/wp-content\/uploads\/2024\/12\/28\/1735394640253IMG-20241228-WA0019-1536x1023.jpg?ver=f29b991b0258fb1aefef3f369e00cf14 1536w\"\/>                            <\/div>\n<p>Cumhurba\u015fkan\u0131 Ersin Tatar\u2019\u0131n e\u015fi Sibel Tatar, Giri\u015fimci Kad\u0131nlar Kalk\u0131nma Kooperatifi (G\u0130-KA KOOP) taraf\u0131ndan Giri\u015fimci \u0130\u015f Kad\u0131nlar\u0131 Derne\u011fi\u2019nin (G\u0130KAD) \u201c\u0130stasyon\u201d isimli sat\u0131\u015f yerinde d\u00fczenledi\u011fi yeni y\u0131l etkinli\u011fine kat\u0131ld\u0131.<\/p>\n<p>Cumhurba\u015fkanl\u0131\u011f\u0131\u2019ndan yap\u0131lan a\u00e7\u0131klamaya g\u00f6re, Sibel Tatar burada bas\u0131na yapt\u0131\u011f\u0131 a\u00e7\u0131klamada, G\u0130-KA KOOP \u00fcyelerinin haz\u0131rlad\u0131\u011f\u0131 \u00fcr\u00fcnlerin sat\u0131\u015f\u0131n\u0131n yap\u0131ld\u0131\u011f\u0131 etkinlikte bulunmaktan duydu\u011fu memnuniyeti ifade etti.<\/p>\n<div class=\"mariselle-image-container center\">\n                <img loading=\"lazy\" decoding=\"async\" width=\"1600\" height=\"1200\" class=\"lazy-image\" alt=\"\" sizes=\"auto, (max-width: 1600px) 100vw, 1600px\" src=\"https:\/\/brtk.net\/wp-content\/uploads\/2024\/12\/28\/00be233e-2b58-4677-859d-464caf7457e4.jpg?ver=882ec481b194323e687e7a58e91b413a\" srcset=\"https:\/\/brtk.net\/wp-content\/uploads\/2024\/12\/28\/00be233e-2b58-4677-859d-464caf7457e4.jpg?ver=882ec481b194323e687e7a58e91b413a 1600w, https:\/\/brtk.net\/wp-content\/uploads\/2024\/12\/28\/00be233e-2b58-4677-859d-464caf7457e4-300x225.jpg?ver=882ec481b194323e687e7a58e91b413a 300w, https:\/\/brtk.net\/wp-content\/uploads\/2024\/12\/28\/00be233e-2b58-4677-859d-464caf7457e4-1024x768.jpg?ver=b442c7c295da683a6f3f8f90b200bb17 1024w, https:\/\/brtk.net\/wp-content\/uploads\/2024\/12\/28\/00be233e-2b58-4677-859d-464caf7457e4-768x576.jpg?ver=b442c7c295da683a6f3f8f90b200bb17 768w, https:\/\/brtk.net\/wp-content\/uploads\/2024\/12\/28\/00be233e-2b58-4677-859d-464caf7457e4-1536x1152.jpg?ver=83535c176ee84562698f59abdff47f65 1536w\"\/>                            <\/div>\n<p>\u0130stasyon isimli sat\u0131\u015f yerini s\u00fcrekli ziyaret etti\u011fini ve sat\u0131\u015fa sunulan \u00fcr\u00fcnlerin say\u0131s\u0131, kalitesi ve \u00e7e\u015fitlerinin artt\u0131\u011f\u0131n\u0131 belirten Sibel Tatar, G\u0130KAD Ba\u015fkan\u0131 \u0130\u00e7im \u00c7a\u011f\u0131ner Kavuklu, y\u00f6netim kurulu \u00fcyeleri ve G\u0130-KA KOOP \u00fcyelerini yapt\u0131klar\u0131 \u00e7al\u0131\u015fmalardan dolay\u0131 tebrik etti.<\/p>\n<p>Cumhurba\u015fkanl\u0131\u011f\u0131 himayesinde ve Sibel Tatar \u00f6nc\u00fcl\u00fc\u011f\u00fcnde ipekten yap\u0131lan \u201cKozada\u201d ve ke\u00e7eden yap\u0131lan \u201cKe\u00e7ada\u201d markalar\u0131n\u0131n da etkinlikte sergilenmesinin heyecan\u0131 ve gururunu ya\u015fad\u0131\u011f\u0131n\u0131 dile getiren Sibel Tatar, D\u00fcnya Kooperatif\u00e7ilik G\u00fcn\u00fcnde \u00e7al\u0131\u015fan kad\u0131nlar\u0131n G\u0130-KA KOOP\u2019a \u00fcye oldu\u011funu ve sat\u0131\u015flar\u0131n G\u0130-KA KOOP taraf\u0131ndan yap\u0131laca\u011f\u0131n\u0131 vurgulad\u0131.<\/p>\n<p>Ke\u00e7ada ve Kozada markalar\u0131n\u0131n haz\u0131rlanmas\u0131nda eme\u011fi ge\u00e7en e\u011fitmen ve emek\u00e7i kad\u0131nlar\u0131 tebrik eden Sibel Tatar, yeni y\u0131l \u00f6ncesi vatanda\u015f\u0131 \u0130stasyon\u2019da al\u0131\u015fveri\u015f yapmaya \u00e7a\u011f\u0131rd\u0131.<\/p>\n<\/p><\/div>\n<p><script async\n                    defer\n                    crossorigin=\"anonymous\"\n                    src=\"https:\/\/connect.facebook.net\/tr_TR\/sdk.js#xfbml=1&#038;version=v3.3\"\n            ><\/script><br \/>\n<br \/><br \/>\n<br \/><a href=\"https:\/\/brtk.net\/sibel-tatar-istasyondaki-yeni-yil-etkinligine-katildi\/\">Kaynak BRT <\/a><\/p>\n","protected":false},"excerpt":{"rendered":"<p>Cumhurba\u015fkan\u0131 Ersin Tatar\u2019\u0131n e\u015fi Sibel Tatar, Giri\u015fimci Kad\u0131nlar Kalk\u0131nma Kooperatifi (G\u0130-KA KOOP) taraf\u0131ndan Giri\u015fimci \u0130\u015f Kad\u0131nlar\u0131 Derne\u011fi\u2019nin (G\u0130KAD) \u201c\u0130stasyon\u201d isimli sat\u0131\u015f yerinde d\u00fczenledi\u011fi yeni y\u0131l etkinli\u011fine kat\u0131ld\u0131. Cumhurba\u015fkanl\u0131\u011f\u0131\u2019ndan yap\u0131lan a\u00e7\u0131klamaya g\u00f6re, Sibel Tatar burada bas\u0131na yapt\u0131\u011f\u0131 a\u00e7\u0131klamada, G\u0130-KA KOOP \u00fcyelerinin haz\u0131rlad\u0131\u011f\u0131 \u00fcr\u00fcnlerin sat\u0131\u015f\u0131n\u0131n yap\u0131ld\u0131\u011f\u0131 etkinlikte bulunmaktan duydu\u011fu memnuniyeti ifade etti. \u0130stasyon isimli sat\u0131\u015f yerini s\u00fcrekli [&hellip;]<\/p>\n","protected":false},"author":908,"featured_media":15242,"comment_status":"open","ping_status":"open","sticky":false,"template":"","format":"standard","meta":{"_jetpack_memberships_contains_paid_content":false,"footnotes":"","jetpack_publicize_message":"","jetpack_publicize_feature_enabled":true,"jetpack_social_post_already_shared":true,"jetpack_social_options":{"image_generator_settings":{"template":"highway","default_image_id":0,"font":"","enabled":false},"version":2}},"categories":[253],"tags":[],"class_list":["post-15241","post","type-post","status-publish","format-standard","has-post-thumbnail","hentry","category-gundem"],"jetpack_publicize_connections":[],"jetpack_featured_media_url":"https:\/\/kibrisayna.com\/wp-content\/uploads\/2024\/12\/1735394640253IMG-20241228-WA0019.jpg","jetpack_sharing_enabled":true,"_links":{"self":[{"href":"https:\/\/kibrisayna.com\/index.php\/wp-json\/wp\/v2\/posts\/15241","targetHints":{"allow":["GET"]}}],"collection":[{"href":"https:\/\/kibrisayna.com\/index.php\/wp-json\/wp\/v2\/posts"}],"about":[{"href":"https:\/\/kibrisayna.com\/index.php\/wp-json\/wp\/v2\/types\/post"}],"author":[{"embeddable":true,"href":"https:\/\/kibrisayna.com\/index.php\/wp-json\/wp\/v2\/users\/908"}],"replies":[{"embeddable":true,"href":"https:\/\/kibrisayna.com\/index.php\/wp-json\/wp\/v2\/comments?post=15241"}],"version-history":[{"count":0,"href":"https:\/\/kibrisayna.com\/index.php\/wp-json\/wp\/v2\/posts\/15241\/revisions"}],"wp:featuredmedia":[{"embeddable":true,"href":"https:\/\/kibrisayna.com\/index.php\/wp-json\/wp\/v2\/media\/15242"}],"wp:attachment":[{"href":"https:\/\/kibrisayna.com\/index.php\/wp-json\/wp\/v2\/media?parent=15241"}],"wp:term":[{"taxonomy":"category","embeddable":true,"href":"https:\/\/kibrisayna.com\/index.php\/wp-json\/wp\/v2\/categories?post=15241"},{"taxonomy":"post_tag","embeddable":true,"href":"https:\/\/kibrisayna.com\/index.php\/wp-json\/wp\/v2\/tags?post=15241"}],"curies":[{"name":"wp","href":"https:\/\/api.w.org\/{rel}","templated":true}]}}