{"id":15211,"date":"2024-12-28T11:17:26","date_gmt":"2024-12-28T08:17:26","guid":{"rendered":"https:\/\/kibrisayna.com\/index.php\/2024\/12\/28\/dipkarpaz-yenierenkoy-anayolundaki-kazada-goktug-alkan-hayatini-kaybetti-brtk-2\/"},"modified":"2024-12-28T11:17:26","modified_gmt":"2024-12-28T08:17:26","slug":"dipkarpaz-yenierenkoy-anayolundaki-kazada-goktug-alkan-hayatini-kaybetti-brtk-2","status":"publish","type":"post","link":"https:\/\/kibrisayna.com\/index.php\/2024\/12\/28\/dipkarpaz-yenierenkoy-anayolundaki-kazada-goktug-alkan-hayatini-kaybetti-brtk-2\/","title":{"rendered":"Dipkarpaz-Yenierenk\u00f6y anayolundaki kazada G\u00f6ktu\u011f Alkan hayat\u0131n\u0131 kaybetti \u2013 BRTK"},"content":{"rendered":"<p> <br \/>\n<\/p>\n<div>\n<div class=\"mariselle-image-container center\">\n                <img loading=\"lazy\" decoding=\"async\" width=\"500\" height=\"261\" class=\"lazy-image\" alt=\"\" sizes=\"auto, (max-width: 500px) 100vw, 500px\" src=\"https:\/\/brtk.net\/wp-content\/uploads\/2024\/12\/28\/ASA.jpg?ver=99d9bf6d106f32932ccdb0edced2a844\" srcset=\"https:\/\/brtk.net\/wp-content\/uploads\/2024\/12\/28\/ASA.jpg?ver=99d9bf6d106f32932ccdb0edced2a844 500w, https:\/\/brtk.net\/wp-content\/uploads\/2024\/12\/28\/ASA-300x157.jpg?ver=eb44ebdce4098e27b108aa719fee0fca 300w\"\/>                            <\/div>\n<p> Dipkarpaz-Yenierenk\u00f6y anayolunda d\u00fcn gece meydana gelen trafik kazas\u0131nda 25 ya\u015f\u0131ndaki G\u00f6ktu\u011f Alkan hayat\u0131n\u0131 kaybetti.<\/p>\n<p>Polisin a\u00e7\u0131klamas\u0131na g\u00f6re kaza , G\u00f6ktu\u011f Alkan\u2019n\u0131n saat 23.40\u2019ta y\u00f6netimindeki FH 703 plakal\u0131 ara\u00e7la Dipkarpaz istikametine do\u011fru seyretti\u011fi s\u0131rada dikkatsizli\u011fi sonucu direksiyon hakimiyetini kaybederek yoldan \u00e7\u0131k\u0131p \u00f6nce bariyerlere, daha sonra da\u00a0 kar\u015f\u0131 istikametten gelen 26 ya\u015f\u0131ndaki Gamze Ayd\u0131n y\u00f6netimindeki KZ 481 plakal\u0131 salon araca \u00e7arpmas\u0131 sonucu meydana geldi..<br \/>Kaza sonucu G\u00f6ktu\u011f Alkan\u2019\u0131n kaza yerinde ya\u015fam\u0131n\u0131 yitirdi.<br \/>Di\u011fer ara\u00e7 s\u00fcr\u00fcc\u00fcs\u00fc Gamze Ayd\u0131n ile ara\u00e7ta yolcu olarak bulunan 25 ya\u015f\u0131ndaki  Ya\u011fmur Ayd\u0131n ise, kald\u0131r\u0131ld\u0131klar\u0131 Gazima\u011fusa Devlet Hastanesi\u2019nde yap\u0131lan tedavilerinin ard\u0131ndan m\u00fc\u015fahede alt\u0131na al\u0131nd\u0131.<\/p>\n<p>\tPolisin kazayla ilgili soru\u015fturmas\u0131 devam ediyor..<\/p>\n<\/p><\/div>\n<p><script async\n                    defer\n                    crossorigin=\"anonymous\"\n                    src=\"https:\/\/connect.facebook.net\/tr_TR\/sdk.js#xfbml=1&#038;version=v3.3\"\n            ><\/script><br \/>\n<br \/><br \/>\n<br \/><a href=\"https:\/\/brtk.net\/dipkarpaz-yenierenkoy-anayolundaki-kazada-goktug-alkan-hayatini-kaybetti-2\/\"> <\/a><\/p>\n","protected":false},"excerpt":{"rendered":"<p>Dipkarpaz-Yenierenk\u00f6y anayolunda d\u00fcn gece meydana gelen trafik kazas\u0131nda 25 ya\u015f\u0131ndaki G\u00f6ktu\u011f Alkan hayat\u0131n\u0131 kaybetti. Polisin a\u00e7\u0131klamas\u0131na g\u00f6re kaza , G\u00f6ktu\u011f Alkan\u2019n\u0131n saat 23.40\u2019ta y\u00f6netimindeki FH 703 plakal\u0131 ara\u00e7la Dipkarpaz istikametine do\u011fru seyretti\u011fi s\u0131rada dikkatsizli\u011fi sonucu direksiyon hakimiyetini kaybederek yoldan \u00e7\u0131k\u0131p \u00f6nce bariyerlere, daha sonra da\u00a0 kar\u015f\u0131 istikametten gelen 26 ya\u015f\u0131ndaki Gamze Ayd\u0131n y\u00f6netimindeki KZ 481 [&hellip;]<\/p>\n","protected":false},"author":908,"featured_media":15212,"comment_status":"open","ping_status":"open","sticky":false,"template":"","format":"standard","meta":{"_jetpack_memberships_contains_paid_content":false,"footnotes":"","jetpack_publicize_message":"","jetpack_publicize_feature_enabled":true,"jetpack_social_post_already_shared":true,"jetpack_social_options":{"image_generator_settings":{"template":"highway","default_image_id":0,"font":"","enabled":false},"version":2}},"categories":[253,19],"tags":[],"class_list":["post-15211","post","type-post","status-publish","format-standard","has-post-thumbnail","hentry","category-gundem","category-manset"],"jetpack_publicize_connections":[],"jetpack_featured_media_url":"https:\/\/kibrisayna.com\/wp-content\/uploads\/2024\/12\/ASA.jpg","jetpack_sharing_enabled":true,"_links":{"self":[{"href":"https:\/\/kibrisayna.com\/index.php\/wp-json\/wp\/v2\/posts\/15211","targetHints":{"allow":["GET"]}}],"collection":[{"href":"https:\/\/kibrisayna.com\/index.php\/wp-json\/wp\/v2\/posts"}],"about":[{"href":"https:\/\/kibrisayna.com\/index.php\/wp-json\/wp\/v2\/types\/post"}],"author":[{"embeddable":true,"href":"https:\/\/kibrisayna.com\/index.php\/wp-json\/wp\/v2\/users\/908"}],"replies":[{"embeddable":true,"href":"https:\/\/kibrisayna.com\/index.php\/wp-json\/wp\/v2\/comments?post=15211"}],"version-history":[{"count":0,"href":"https:\/\/kibrisayna.com\/index.php\/wp-json\/wp\/v2\/posts\/15211\/revisions"}],"wp:featuredmedia":[{"embeddable":true,"href":"https:\/\/kibrisayna.com\/index.php\/wp-json\/wp\/v2\/media\/15212"}],"wp:attachment":[{"href":"https:\/\/kibrisayna.com\/index.php\/wp-json\/wp\/v2\/media?parent=15211"}],"wp:term":[{"taxonomy":"category","embeddable":true,"href":"https:\/\/kibrisayna.com\/index.php\/wp-json\/wp\/v2\/categories?post=15211"},{"taxonomy":"post_tag","embeddable":true,"href":"https:\/\/kibrisayna.com\/index.php\/wp-json\/wp\/v2\/tags?post=15211"}],"curies":[{"name":"wp","href":"https:\/\/api.w.org\/{rel}","templated":true}]}}