{"id":15209,"date":"2024-12-28T10:55:36","date_gmt":"2024-12-28T07:55:36","guid":{"rendered":"https:\/\/kibrisayna.com\/index.php\/2024\/12\/28\/dipkarpaz-yenierenkoy-anayolundaki-kazada-goktug-alkan-hayatini-kaybetti-brtk\/"},"modified":"2024-12-28T10:55:36","modified_gmt":"2024-12-28T07:55:36","slug":"dipkarpaz-yenierenkoy-anayolundaki-kazada-goktug-alkan-hayatini-kaybetti-brtk","status":"publish","type":"post","link":"https:\/\/kibrisayna.com\/index.php\/2024\/12\/28\/dipkarpaz-yenierenkoy-anayolundaki-kazada-goktug-alkan-hayatini-kaybetti-brtk\/","title":{"rendered":"Dipkarpaz-Yenierenk\u00f6y anayolundaki kazada G\u00f6ktu\u011f Alkan hayat\u0131n\u0131 kaybetti \u2013 BRTK"},"content":{"rendered":"<p> <br \/>\n<\/p>\n<div>\n<div class=\"mariselle-image-container center\">\n                <img loading=\"lazy\" decoding=\"async\" width=\"1600\" height=\"1200\" class=\"lazy-image\" alt=\"\" sizes=\"auto, (max-width: 1600px) 100vw, 1600px\" src=\"https:\/\/brtk.net\/wp-content\/uploads\/2024\/12\/28\/1735366522522IMG-20241228-WA0000.jpg?ver=70ad118b4c842e9cc9e6b9465244e17f\" srcset=\"https:\/\/brtk.net\/wp-content\/uploads\/2024\/12\/28\/1735366522522IMG-20241228-WA0000.jpg?ver=70ad118b4c842e9cc9e6b9465244e17f 1600w, https:\/\/brtk.net\/wp-content\/uploads\/2024\/12\/28\/1735366522522IMG-20241228-WA0000-300x225.jpg?ver=19cea1ed82bbb8826113043097ffba47 300w, https:\/\/brtk.net\/wp-content\/uploads\/2024\/12\/28\/1735366522522IMG-20241228-WA0000-1024x768.jpg?ver=19cea1ed82bbb8826113043097ffba47 1024w, https:\/\/brtk.net\/wp-content\/uploads\/2024\/12\/28\/1735366522522IMG-20241228-WA0000-768x576.jpg?ver=50437e2442b5d7ec1df4b27744039e20 768w, https:\/\/brtk.net\/wp-content\/uploads\/2024\/12\/28\/1735366522522IMG-20241228-WA0000-1536x1152.jpg?ver=50437e2442b5d7ec1df4b27744039e20 1536w\"\/>                            <\/div>\n<p>\nDipkarpaz-Yenierenk\u00f6y anayolunda d\u00fcn gece meydana gelen trafik kazas\u0131nda 25 ya\u015f\u0131ndaki G\u00f6ktu\u011f Alkan hayat\u0131n\u0131 kaybetti.<\/p>\n<p>Polisin a\u00e7\u0131klamas\u0131na g\u00f6re kaza , G\u00f6ktu\u011f Alkan\u2019n\u0131n saat 23.40\u2019ta y\u00f6netimindeki FH 703 plakal\u0131 ara\u00e7la Dipkarpaz istikametine do\u011fru seyretti\u011fi s\u0131rada dikkatsizli\u011fi sonucu direksiyon hakimiyetini kaybederek yoldan \u00e7\u0131k\u0131p \u00f6nce bariyerlere, daha sonra da  kar\u015f\u0131 istikametten gelen 26 ya\u015f\u0131ndaki Gamze Ayd\u0131n y\u00f6netimindeki KZ 481 plakal\u0131 salon araca \u00e7arpmas\u0131 sonucu meydana geldi.<\/p>\n<p>Kaza sonucu G\u00f6ktu\u011f Alkan\u2019\u0131n kaza yerinde ya\u015fam\u0131n\u0131 yitirdi. <\/p>\n<p>Di\u011fer ara\u00e7 s\u00fcr\u00fcc\u00fcs\u00fc Gamze Ayd\u0131n ile ara\u00e7ta yolcu olarak bulunan 25 ya\u015f\u0131ndaki  Ya\u011fmur Ayd\u0131n ise, kald\u0131r\u0131ld\u0131klar\u0131 Gazima\u011fusa Devlet Hastanesi\u2019nde yap\u0131lan tedavilerinin ard\u0131ndan m\u00fc\u015fahede alt\u0131na al\u0131nd\u0131.<\/p>\n<p>Polisin kazayla ilgili soru\u015fturmas\u0131 devam ediyor.<\/p>\n<\/p><\/div>\n<p><script async\n                    defer\n                    crossorigin=\"anonymous\"\n                    src=\"https:\/\/connect.facebook.net\/tr_TR\/sdk.js#xfbml=1&#038;version=v3.3\"\n            ><\/script><br \/>\n<br \/><br \/>\n<br \/><a href=\"https:\/\/brtk.net\/dipkarpaz-yenierenkoy-anayolundaki-kazada-goktug-alkan-hayatini-kaybetti\/\"> <\/a><\/p>\n","protected":false},"excerpt":{"rendered":"<p>Dipkarpaz-Yenierenk\u00f6y anayolunda d\u00fcn gece meydana gelen trafik kazas\u0131nda 25 ya\u015f\u0131ndaki G\u00f6ktu\u011f Alkan hayat\u0131n\u0131 kaybetti. Polisin a\u00e7\u0131klamas\u0131na g\u00f6re kaza , G\u00f6ktu\u011f Alkan\u2019n\u0131n saat 23.40\u2019ta y\u00f6netimindeki FH 703 plakal\u0131 ara\u00e7la Dipkarpaz istikametine do\u011fru seyretti\u011fi s\u0131rada dikkatsizli\u011fi sonucu direksiyon hakimiyetini kaybederek yoldan \u00e7\u0131k\u0131p \u00f6nce bariyerlere, daha sonra da kar\u015f\u0131 istikametten gelen 26 ya\u015f\u0131ndaki Gamze Ayd\u0131n y\u00f6netimindeki KZ 481 [&hellip;]<\/p>\n","protected":false},"author":908,"featured_media":15210,"comment_status":"open","ping_status":"open","sticky":false,"template":"","format":"standard","meta":{"_jetpack_memberships_contains_paid_content":false,"footnotes":"","jetpack_publicize_message":"","jetpack_publicize_feature_enabled":true,"jetpack_social_post_already_shared":true,"jetpack_social_options":{"image_generator_settings":{"template":"highway","default_image_id":0,"font":"","enabled":false},"version":2}},"categories":[253,19],"tags":[],"class_list":["post-15209","post","type-post","status-publish","format-standard","has-post-thumbnail","hentry","category-gundem","category-manset"],"jetpack_publicize_connections":[],"jetpack_featured_media_url":"https:\/\/kibrisayna.com\/wp-content\/uploads\/2024\/12\/1735366522522IMG-20241228-WA0000.jpg","jetpack_sharing_enabled":true,"_links":{"self":[{"href":"https:\/\/kibrisayna.com\/index.php\/wp-json\/wp\/v2\/posts\/15209","targetHints":{"allow":["GET"]}}],"collection":[{"href":"https:\/\/kibrisayna.com\/index.php\/wp-json\/wp\/v2\/posts"}],"about":[{"href":"https:\/\/kibrisayna.com\/index.php\/wp-json\/wp\/v2\/types\/post"}],"author":[{"embeddable":true,"href":"https:\/\/kibrisayna.com\/index.php\/wp-json\/wp\/v2\/users\/908"}],"replies":[{"embeddable":true,"href":"https:\/\/kibrisayna.com\/index.php\/wp-json\/wp\/v2\/comments?post=15209"}],"version-history":[{"count":0,"href":"https:\/\/kibrisayna.com\/index.php\/wp-json\/wp\/v2\/posts\/15209\/revisions"}],"wp:featuredmedia":[{"embeddable":true,"href":"https:\/\/kibrisayna.com\/index.php\/wp-json\/wp\/v2\/media\/15210"}],"wp:attachment":[{"href":"https:\/\/kibrisayna.com\/index.php\/wp-json\/wp\/v2\/media?parent=15209"}],"wp:term":[{"taxonomy":"category","embeddable":true,"href":"https:\/\/kibrisayna.com\/index.php\/wp-json\/wp\/v2\/categories?post=15209"},{"taxonomy":"post_tag","embeddable":true,"href":"https:\/\/kibrisayna.com\/index.php\/wp-json\/wp\/v2\/tags?post=15209"}],"curies":[{"name":"wp","href":"https:\/\/api.w.org\/{rel}","templated":true}]}}