{"id":15174,"date":"2024-12-27T18:24:42","date_gmt":"2024-12-27T15:24:42","guid":{"rendered":"https:\/\/kibrisayna.com\/index.php\/2024\/12\/27\/kibris-turk-ticaret-odasi-azerbaycanda-temaslarda-bulundu-brtk\/"},"modified":"2024-12-27T18:24:42","modified_gmt":"2024-12-27T15:24:42","slug":"kibris-turk-ticaret-odasi-azerbaycanda-temaslarda-bulundu-brtk","status":"publish","type":"post","link":"https:\/\/kibrisayna.com\/index.php\/2024\/12\/27\/kibris-turk-ticaret-odasi-azerbaycanda-temaslarda-bulundu-brtk\/","title":{"rendered":"K\u0131br\u0131s T\u00fcrk Ticaret Odas\u0131, Azerbaycan\u2019da temaslarda bulundu \u2013 BRTK"},"content":{"rendered":"<p> <br \/>\n<\/p>\n<div>\n<div class=\"mariselle-image-container center\">\n                <img loading=\"lazy\" decoding=\"async\" width=\"1491\" height=\"430\" class=\"lazy-image\" alt=\"\" sizes=\"auto, (max-width: 1491px) 100vw, 1491px\" src=\"https:\/\/brtk.net\/wp-content\/uploads\/2024\/12\/27\/rqpirpiq.png?ver=de34e3162d6e68354bd088daf4019a68\" srcset=\"https:\/\/brtk.net\/wp-content\/uploads\/2024\/12\/27\/rqpirpiq.png?ver=de34e3162d6e68354bd088daf4019a68 1491w, https:\/\/brtk.net\/wp-content\/uploads\/2024\/12\/27\/rqpirpiq-300x87.png?ver=1b1bd84b33172e83d65dc94adf86afe0 300w, https:\/\/brtk.net\/wp-content\/uploads\/2024\/12\/27\/rqpirpiq-1024x295.png?ver=ffe08ebac58364ff58f4767bfae04d11 1024w, https:\/\/brtk.net\/wp-content\/uploads\/2024\/12\/27\/rqpirpiq-768x221.png?ver=38fe3af46f16e9411465afbd725bc4a5 768w\"\/>                            <\/div>\n<p>K\u0131br\u0131s T\u00fcrk Ticaret Odas\u0131 Ba\u015fkan\u0131 Turgay Deniz beraberindeki heyetle T\u00fcrk Ticaret ve Sanayi Odalar\u0131 Birli\u011finin 3. Ola\u011fan Genel Kuruluna kat\u0131lmak \u00fczere Azerbaycan\u2019\u0131n ba\u015fkenti Bak\u00fc\u2019ye ziyaret ger\u00e7ekle\u015ftirdi.<\/p>\n<p>Genel Kurulun a\u00e7\u0131l\u0131\u015f konu\u015fmalar\u0131 b\u00f6l\u00fcm\u00fcnde konu\u015fan Turgay Deniz Kazakistan\u2019\u0131n Aktau kentinde ger\u00e7ekle\u015fen u\u00e7ak kazas\u0131nda hayat\u0131n\u0131 kaybedenler i\u00e7in \u00fcz\u00fcnt\u00fclerini belirterek Azerbaycan halk\u0131na ba\u015fsa\u011fl\u0131\u011f\u0131 dileklerini iletti. Oda Ba\u015fkan\u0131 Deniz Genel Kurulda yapt\u0131\u011f\u0131 konu\u015fmada kurulu\u015fundan bug\u00fcne Birli\u011fin ba\u015fkanl\u0131\u011f\u0131n\u0131 y\u00fcr\u00fcten T\u00fcrkiye Odalar ve Borsalar Birli\u011fi (TOBB) Ba\u015fkan\u0131 Rifat Hisarc\u0131kl\u0131o\u011flu\u2019na te\u015fekk\u00fcrlerini iletirken yeni d\u00f6nemde ba\u015fkanl\u0131\u011fa getirilen Azerbaycan \u0130\u015fverenler Federasyonu (ASK) Ba\u015fkan\u0131 Mammad Musayev\u2019e de ba\u015far\u0131lar diledi. G\u00f6zlemci \u00fcye olan K\u0131br\u0131s T\u00fcrk Ticaret Odas\u0131n\u0131n Birli\u011fe tam \u00fcyelik taleplerini ifade eden Turgay Deniz konu\u015fmas\u0131n\u0131n ard\u0131ndan tam \u00fcyelik m\u00fcracaat\u0131n\u0131 Divan Ba\u015fkanl\u0131\u011f\u0131na sundu. K\u0131br\u0131s T\u00fcrk Ticaret Odas\u0131 7 Nisan 2023 tarihinde \u0130stanbul\u2019da T\u00fcrkiye Odalar ve Borsalar Birli\u011fi (TOBB) Plaza\u2019da ger\u00e7ekle\u015ftirilen T\u00fcrk Ticaret ve Sanayi Odalar\u0131 Birli\u011fi Genel Kurulunda g\u00f6zlemci \u00fcyeli\u011fe kabul edilmi\u015fti. <\/p>\n<p>Genel Kurul toplant\u0131lar\u0131nda Oda Ba\u015fkan\u0131 Turgay Deniz\u2019e KKTC Bak\u00fc Temsilcisi B\u00fcy\u00fckel\u00e7i Ufuk Turganer, Oda Genel Sekreteri Aysun \u00d6net \u0130leri, Genel Sekreter Yard\u0131mc\u0131s\u0131 Mustafa Erg\u00fcven ve KKTC Bak\u00fc Temsilcili\u011fi 3. Sekreteri G\u00f6rkem Reis e\u015flik etti.<\/p>\n<p>Genel Kurulun ard\u0131ndan Azerbaycan Ekonomi Bakanl\u0131\u011f\u0131n\u0131 ziyaret eden Deniz, burada Rifat Hisarc\u0131kl\u0131o\u011flu ba\u015fkanl\u0131\u011f\u0131ndaki T\u00fcrk Ticaret ve Sanayi Odalar\u0131 Birli\u011fi heyeti ile birlikte Azerbaycan Ekonomi Bakan\u0131 ile g\u00f6r\u00fc\u015ft\u00fc. G\u00f6r\u00fc\u015fmede T\u00fcrk d\u00fcnyas\u0131 aras\u0131ndaki ekonomik i\u015f birli\u011finin geli\u015ftirilmesi \u00fczerine de\u011ferlendirmelerde bulunuldu.<\/p>\n<\/p><\/div>\n<p><script async\n                    defer\n                    crossorigin=\"anonymous\"\n                    src=\"https:\/\/connect.facebook.net\/tr_TR\/sdk.js#xfbml=1&#038;version=v3.3\"\n            ><\/script><br \/>\n<br \/><br \/>\n<br \/><a href=\"https:\/\/brtk.net\/kibris-turk-ticaret-odasi-azerbaycanda-temaslarda-bulundu\/\">Kaynak BRT <\/a><\/p>\n","protected":false},"excerpt":{"rendered":"<p>K\u0131br\u0131s T\u00fcrk Ticaret Odas\u0131 Ba\u015fkan\u0131 Turgay Deniz beraberindeki heyetle T\u00fcrk Ticaret ve Sanayi Odalar\u0131 Birli\u011finin 3. Ola\u011fan Genel Kuruluna kat\u0131lmak \u00fczere Azerbaycan\u2019\u0131n ba\u015fkenti Bak\u00fc\u2019ye ziyaret ger\u00e7ekle\u015ftirdi. Genel Kurulun a\u00e7\u0131l\u0131\u015f konu\u015fmalar\u0131 b\u00f6l\u00fcm\u00fcnde konu\u015fan Turgay Deniz Kazakistan\u2019\u0131n Aktau kentinde ger\u00e7ekle\u015fen u\u00e7ak kazas\u0131nda hayat\u0131n\u0131 kaybedenler i\u00e7in \u00fcz\u00fcnt\u00fclerini belirterek Azerbaycan halk\u0131na ba\u015fsa\u011fl\u0131\u011f\u0131 dileklerini iletti. Oda Ba\u015fkan\u0131 Deniz Genel Kurulda [&hellip;]<\/p>\n","protected":false},"author":908,"featured_media":15175,"comment_status":"open","ping_status":"open","sticky":false,"template":"","format":"standard","meta":{"_jetpack_memberships_contains_paid_content":false,"footnotes":"","jetpack_publicize_message":"","jetpack_publicize_feature_enabled":true,"jetpack_social_post_already_shared":true,"jetpack_social_options":{"image_generator_settings":{"template":"highway","default_image_id":0,"font":"","enabled":false},"version":2}},"categories":[253],"tags":[],"class_list":["post-15174","post","type-post","status-publish","format-standard","has-post-thumbnail","hentry","category-gundem"],"jetpack_publicize_connections":[],"jetpack_featured_media_url":"https:\/\/kibrisayna.com\/wp-content\/uploads\/2024\/12\/rqpirpiq.png","jetpack_sharing_enabled":true,"_links":{"self":[{"href":"https:\/\/kibrisayna.com\/index.php\/wp-json\/wp\/v2\/posts\/15174","targetHints":{"allow":["GET"]}}],"collection":[{"href":"https:\/\/kibrisayna.com\/index.php\/wp-json\/wp\/v2\/posts"}],"about":[{"href":"https:\/\/kibrisayna.com\/index.php\/wp-json\/wp\/v2\/types\/post"}],"author":[{"embeddable":true,"href":"https:\/\/kibrisayna.com\/index.php\/wp-json\/wp\/v2\/users\/908"}],"replies":[{"embeddable":true,"href":"https:\/\/kibrisayna.com\/index.php\/wp-json\/wp\/v2\/comments?post=15174"}],"version-history":[{"count":0,"href":"https:\/\/kibrisayna.com\/index.php\/wp-json\/wp\/v2\/posts\/15174\/revisions"}],"wp:featuredmedia":[{"embeddable":true,"href":"https:\/\/kibrisayna.com\/index.php\/wp-json\/wp\/v2\/media\/15175"}],"wp:attachment":[{"href":"https:\/\/kibrisayna.com\/index.php\/wp-json\/wp\/v2\/media?parent=15174"}],"wp:term":[{"taxonomy":"category","embeddable":true,"href":"https:\/\/kibrisayna.com\/index.php\/wp-json\/wp\/v2\/categories?post=15174"},{"taxonomy":"post_tag","embeddable":true,"href":"https:\/\/kibrisayna.com\/index.php\/wp-json\/wp\/v2\/tags?post=15174"}],"curies":[{"name":"wp","href":"https:\/\/api.w.org\/{rel}","templated":true}]}}