{"id":15172,"date":"2024-12-27T18:17:28","date_gmt":"2024-12-27T15:17:28","guid":{"rendered":"https:\/\/kibrisayna.com\/index.php\/2024\/12\/27\/cumhurbaskani-tatar-haydarpasa-ticaret-lisesi-heyetini-kabul-etti-brtk\/"},"modified":"2024-12-27T18:17:28","modified_gmt":"2024-12-27T15:17:28","slug":"cumhurbaskani-tatar-haydarpasa-ticaret-lisesi-heyetini-kabul-etti-brtk","status":"publish","type":"post","link":"https:\/\/kibrisayna.com\/index.php\/2024\/12\/27\/cumhurbaskani-tatar-haydarpasa-ticaret-lisesi-heyetini-kabul-etti-brtk\/","title":{"rendered":"Cumhurba\u015fkan\u0131 Tatar, Haydarpa\u015fa Ticaret Lisesi heyetini kabul etti \u2013 BRTK"},"content":{"rendered":"<p> <br \/>\n<\/p>\n<div>\n<div class=\"mariselle-image-container center\">\n                <img loading=\"lazy\" decoding=\"async\" width=\"1128\" height=\"723\" class=\"lazy-image\" alt=\"\" sizes=\"auto, (max-width: 1128px) 100vw, 1128px\" src=\"https:\/\/brtk.net\/wp-content\/uploads\/2024\/12\/27\/irpqir.png?ver=cff18763a9059e1243cb2727b1afe73b\" srcset=\"https:\/\/brtk.net\/wp-content\/uploads\/2024\/12\/27\/irpqir.png?ver=cff18763a9059e1243cb2727b1afe73b 1128w, https:\/\/brtk.net\/wp-content\/uploads\/2024\/12\/27\/irpqir-300x192.png?ver=22411320e6acb06442bbab2e96ccd9e5 300w, https:\/\/brtk.net\/wp-content\/uploads\/2024\/12\/27\/irpqir-1024x656.png?ver=f33d79dab3615c680ad8810e36a866fb 1024w, https:\/\/brtk.net\/wp-content\/uploads\/2024\/12\/27\/irpqir-768x492.png?ver=9ce3c5828c5e2c0feae7a638285edfe0 768w\"\/>                            <\/div>\n<p> Cumhurba\u015fkan\u0131 Ersin Tatar Antalya Gastronomi Yar\u0131\u015fmas\u0131nda \u201cY\u0131l\u0131n En \u0130yi Lisesi\u201d \u00f6d\u00fcl\u00fc alan  Haydarpa\u015fa Ticaret Lisesi m\u00fcd\u00fcr\u00fc, \u00f6\u011fretmen ve \u00f6\u011frencilerini kabul ederek, g\u00f6r\u00fc\u015ft\u00fc. Kabulde, Cumhurba\u015fkan\u0131 Ersin Tatar\u2019\u0131n e\u015fi Sibel Tatar da haz\u0131r bulundu.<\/p>\n<p>Kabulde yapt\u0131\u011f\u0131 konu\u015fmada, Cumhurba\u015fkan\u0131 Ersin Tatar, \u00f6d\u00fcl alan \u00f6\u011frencilerimizi tebrik etti ve ba\u015far\u0131lar\u0131n\u0131n devam\u0131n\u0131 diledi.  Cumhurba\u015fkan\u0131 Tatar, \u201cGastronomi, K\u0131br\u0131s T\u00fcrk halk\u0131n\u0131n k\u00fclt\u00fcr\u00fcd\u00fcr.  Nesilden nesile aktar\u0131l\u0131p, milli de\u011ferlerimizin temsil edilmesi ve uluslararas\u0131 platformda \u00f6d\u00fcl kazan\u0131lmas\u0131 gurur vericidir\u201d dedi.<\/p>\n<p>K\u0131br\u0131s T\u00fcrk halk\u0131n\u0131n s\u00fcrd\u00fcrd\u00fc\u011f\u00fc m\u00fccadelede, milli k\u00fclt\u00fcr\u00fc aktarmak ve turizm ile ekonomiyi geli\u015ftirip b\u00fcy\u00fctmek i\u00e7in mutfa\u011f\u0131n \u00f6nemine de\u011finen Cumhurba\u015fkan\u0131 Tatar, Haydarpa\u015fa Ticaret Lisesindeki \u00f6\u011frencilerin, bu becerileri \u00f6\u011frenip mutfa\u011fa yans\u0131tmalar\u0131n\u0131n ve bu alanda ba\u015far\u0131 elde etmelerinin, \u00e7ok g\u00fczel bir geli\u015fim oldu\u011funu da vurgulad\u0131.<\/p>\n<p>Gastronomi alan\u0131nda gelece\u011fe y\u00f6nelik \u00e7al\u0131\u015fma ve ba\u015far\u0131lar\u0131n \u00e7ok \u00f6nemli f\u0131rsatlar do\u011furaca\u011f\u0131n\u0131 belirten Cumhurba\u015fkan\u0131 Tatar, bu alan\u0131n ekonomik de\u011feri olan bir i\u015f oldu\u011funu ifade etti.<\/p>\n<p>Gastronomi bak\u0131m\u0131ndan zengin bir k\u00fclt\u00fcre sahip oldu\u011fumuzu belirten Cumhurba\u015fkan\u0131 Tatar, bunlar\u0131 sunabilmenin de marifet oldu\u011funu belirterek, ba\u015far\u0131 elde eden \u00f6\u011frencilerimizi tekrardan  tebrik ederek, destek ve katk\u0131 sa\u011flayan \u00f6\u011fretmenlere de te\u015fekk\u00fcr etti.<\/p>\n<p>Cumhurba\u015fkan\u0131 Ersin Tatar\u2019\u0131n e\u015fi Sibel Tatar da Okul m\u00fcd\u00fcr Meltem Adal\u0131\u2019ya, \u00f6nc\u00fcl\u00fc\u011f\u00fcnde haz\u0131rlanan ve geleneksel lezzetlerin tariflerini i\u00e7eren \u201cGelecekten Gelece\u011fe K\u0131br\u0131s Mutfa\u011f\u0131\u201d kitab\u0131n\u0131 hediye etti.<\/p>\n<p>Haydarpa\u015fa Ticaret Lisesi m\u00fcd\u00fcr\u00fc Meltem Adal\u0131, Cumhurba\u015fkan\u0131 Ersin Tatar ve e\u015fi Sibel Tatar ile bir araya gelmekten dolay\u0131 duydu\u011fu memnuniyeti ifade etti. Meltem Adal\u0131, \u00f6\u011frencilerin, yar\u0131\u015fmada \u00f6d\u00fcl ald\u0131\u011f\u0131 tatl\u0131 taba\u011f\u0131n\u0131 Cumhurba\u015fkan\u0131 Ersin Tatar i\u00e7in tekrardan haz\u0131rlad\u0131\u011f\u0131n\u0131n bilgisini verdi. G\u00f6r\u00fc\u015fmede, \u00f6d\u00fcl alan \u00f6\u011frenciler, tatl\u0131 taba\u011f\u0131n\u0131 Cumhurba\u015fkan\u0131 Ersin Tatar\u2019a  takdim etti.<\/p>\n<\/p><\/div>\n<p><script async\n                    defer\n                    crossorigin=\"anonymous\"\n                    src=\"https:\/\/connect.facebook.net\/tr_TR\/sdk.js#xfbml=1&#038;version=v3.3\"\n            ><\/script><br \/>\n<br \/><br \/>\n<br \/><a href=\"https:\/\/brtk.net\/cumhurbaskani-tatar-haydarpasa-ticaret-lisesi-heyetini-kabul-etti\/\">Kaynak BRT <\/a><\/p>\n","protected":false},"excerpt":{"rendered":"<p>Cumhurba\u015fkan\u0131 Ersin Tatar Antalya Gastronomi Yar\u0131\u015fmas\u0131nda \u201cY\u0131l\u0131n En \u0130yi Lisesi\u201d \u00f6d\u00fcl\u00fc alan Haydarpa\u015fa Ticaret Lisesi m\u00fcd\u00fcr\u00fc, \u00f6\u011fretmen ve \u00f6\u011frencilerini kabul ederek, g\u00f6r\u00fc\u015ft\u00fc. Kabulde, Cumhurba\u015fkan\u0131 Ersin Tatar\u2019\u0131n e\u015fi Sibel Tatar da haz\u0131r bulundu. Kabulde yapt\u0131\u011f\u0131 konu\u015fmada, Cumhurba\u015fkan\u0131 Ersin Tatar, \u00f6d\u00fcl alan \u00f6\u011frencilerimizi tebrik etti ve ba\u015far\u0131lar\u0131n\u0131n devam\u0131n\u0131 diledi. Cumhurba\u015fkan\u0131 Tatar, \u201cGastronomi, K\u0131br\u0131s T\u00fcrk halk\u0131n\u0131n k\u00fclt\u00fcr\u00fcd\u00fcr. Nesilden [&hellip;]<\/p>\n","protected":false},"author":908,"featured_media":15173,"comment_status":"open","ping_status":"open","sticky":false,"template":"","format":"standard","meta":{"_jetpack_memberships_contains_paid_content":false,"footnotes":"","jetpack_publicize_message":"","jetpack_publicize_feature_enabled":true,"jetpack_social_post_already_shared":true,"jetpack_social_options":{"image_generator_settings":{"template":"highway","default_image_id":0,"font":"","enabled":false},"version":2}},"categories":[253],"tags":[],"class_list":["post-15172","post","type-post","status-publish","format-standard","has-post-thumbnail","hentry","category-gundem"],"jetpack_publicize_connections":[],"jetpack_featured_media_url":"https:\/\/kibrisayna.com\/wp-content\/uploads\/2024\/12\/irpqir.png","jetpack_sharing_enabled":true,"_links":{"self":[{"href":"https:\/\/kibrisayna.com\/index.php\/wp-json\/wp\/v2\/posts\/15172","targetHints":{"allow":["GET"]}}],"collection":[{"href":"https:\/\/kibrisayna.com\/index.php\/wp-json\/wp\/v2\/posts"}],"about":[{"href":"https:\/\/kibrisayna.com\/index.php\/wp-json\/wp\/v2\/types\/post"}],"author":[{"embeddable":true,"href":"https:\/\/kibrisayna.com\/index.php\/wp-json\/wp\/v2\/users\/908"}],"replies":[{"embeddable":true,"href":"https:\/\/kibrisayna.com\/index.php\/wp-json\/wp\/v2\/comments?post=15172"}],"version-history":[{"count":0,"href":"https:\/\/kibrisayna.com\/index.php\/wp-json\/wp\/v2\/posts\/15172\/revisions"}],"wp:featuredmedia":[{"embeddable":true,"href":"https:\/\/kibrisayna.com\/index.php\/wp-json\/wp\/v2\/media\/15173"}],"wp:attachment":[{"href":"https:\/\/kibrisayna.com\/index.php\/wp-json\/wp\/v2\/media?parent=15172"}],"wp:term":[{"taxonomy":"category","embeddable":true,"href":"https:\/\/kibrisayna.com\/index.php\/wp-json\/wp\/v2\/categories?post=15172"},{"taxonomy":"post_tag","embeddable":true,"href":"https:\/\/kibrisayna.com\/index.php\/wp-json\/wp\/v2\/tags?post=15172"}],"curies":[{"name":"wp","href":"https:\/\/api.w.org\/{rel}","templated":true}]}}