{"id":15165,"date":"2024-12-27T16:07:23","date_gmt":"2024-12-27T13:07:23","guid":{"rendered":"https:\/\/kibrisayna.com\/index.php\/2024\/12\/27\/sendikalar-eylemleri-askiya-aldi-brtk\/"},"modified":"2024-12-27T16:07:23","modified_gmt":"2024-12-27T13:07:23","slug":"sendikalar-eylemleri-askiya-aldi-brtk","status":"publish","type":"post","link":"https:\/\/kibrisayna.com\/index.php\/2024\/12\/27\/sendikalar-eylemleri-askiya-aldi-brtk\/","title":{"rendered":"Sendikalar eylemleri ask\u0131ya ald\u0131 \u2013 BRTK"},"content":{"rendered":"<p> <br \/>\n<\/p>\n<div>\n<div class=\"mariselle-image-container center\">\n                <img loading=\"lazy\" decoding=\"async\" width=\"677\" height=\"342\" class=\"lazy-image\" alt=\"\" sizes=\"auto, (max-width: 677px) 100vw, 677px\" src=\"https:\/\/brtk.net\/wp-content\/uploads\/2024\/12\/27\/1735304481159miting.png?ver=1844e3f596e9cb8e00726cd1c2a3af84\" srcset=\"https:\/\/brtk.net\/wp-content\/uploads\/2024\/12\/27\/1735304481159miting.png?ver=1844e3f596e9cb8e00726cd1c2a3af84 677w, https:\/\/brtk.net\/wp-content\/uploads\/2024\/12\/27\/1735304481159miting-300x152.png?ver=494d6a7bd70521418ce9d603e4d64d02 300w\"\/>                            <\/div>\n<p>Sendikalar, Toplu \u0130\u015f S\u00f6zle\u015fmesi ve Hayat Pahal\u0131l\u0131\u011f\u0131 yasa tasar\u0131lar\u0131na kar\u015f\u0131 ba\u015flat\u0131lan eylemi ask\u0131ya ald\u0131.<\/p>\n<p>Meclis \u00f6n\u00fcnde Maliye Bakan\u0131 ile yap\u0131lan g\u00f6r\u00fc\u015fme sonras\u0131, d\u00fcnden beri genel grev ve eylem yapan 30\u2019dan fazla sendika ad\u0131na bas\u0131na ve kalabal\u0131\u011fa a\u00e7\u0131klama yapan T\u00fcrk-Sen Ba\u015fkan\u0131 Arslan B\u0131\u00e7akl\u0131, Toplu \u0130\u015f S\u00f6zle\u015fmesi yasa tasar\u0131s\u0131n\u0131n geri \u00e7ekildi\u011fini, hayat pahal\u0131l\u0131\u011f\u0131 yasa tasar\u0131s\u0131n\u0131n ise sendikalarla ocak ay\u0131nda yap\u0131lacak g\u00f6r\u00fc\u015fme sonras\u0131 komitede ele al\u0131naca\u011f\u0131n\u0131 kaydetti.<\/p>\n<p>B\u0131\u00e7akl\u0131, \u015fimdi bu karar\u0131n al\u0131nd\u0131\u011f\u0131n\u0131 ancak verilen s\u00f6zler yap\u0131lmazsa ve tersi yap\u0131l\u0131rsa ayn\u0131 g\u00fcn s\u00fcresiz greve gidilece\u011fini ve \u201con bin ki\u015fiyle Meclise gireceklerini\u201d s\u00f6yledi.   <\/p>\n<p>B\u0131\u00e7akl\u0131, ama\u00e7lar\u0131n\u0131n halka s\u0131k\u0131nt\u0131 yaratmak olmad\u0131\u011f\u0131n\u0131, halka kar\u015f\u0131 olanlara kar\u015f\u0131 da tav\u0131rlar\u0131n\u0131n net oldu\u011funu kaydetti.<\/p>\n<\/p><\/div>\n<p><script async\n                    defer\n                    crossorigin=\"anonymous\"\n                    src=\"https:\/\/connect.facebook.net\/tr_TR\/sdk.js#xfbml=1&#038;version=v3.3\"\n            ><\/script><br \/>\n<br \/><br \/>\n<br \/><a href=\"https:\/\/brtk.net\/sendikalar-eylemleri-askiya-aldi\/\">Kaynak BRT <\/a><\/p>\n","protected":false},"excerpt":{"rendered":"<p>Sendikalar, Toplu \u0130\u015f S\u00f6zle\u015fmesi ve Hayat Pahal\u0131l\u0131\u011f\u0131 yasa tasar\u0131lar\u0131na kar\u015f\u0131 ba\u015flat\u0131lan eylemi ask\u0131ya ald\u0131. Meclis \u00f6n\u00fcnde Maliye Bakan\u0131 ile yap\u0131lan g\u00f6r\u00fc\u015fme sonras\u0131, d\u00fcnden beri genel grev ve eylem yapan 30\u2019dan fazla sendika ad\u0131na bas\u0131na ve kalabal\u0131\u011fa a\u00e7\u0131klama yapan T\u00fcrk-Sen Ba\u015fkan\u0131 Arslan B\u0131\u00e7akl\u0131, Toplu \u0130\u015f S\u00f6zle\u015fmesi yasa tasar\u0131s\u0131n\u0131n geri \u00e7ekildi\u011fini, hayat pahal\u0131l\u0131\u011f\u0131 yasa tasar\u0131s\u0131n\u0131n ise sendikalarla [&hellip;]<\/p>\n","protected":false},"author":908,"featured_media":15166,"comment_status":"open","ping_status":"open","sticky":false,"template":"","format":"standard","meta":{"_jetpack_memberships_contains_paid_content":false,"footnotes":"","jetpack_publicize_message":"","jetpack_publicize_feature_enabled":true,"jetpack_social_post_already_shared":true,"jetpack_social_options":{"image_generator_settings":{"template":"highway","default_image_id":0,"font":"","enabled":false},"version":2}},"categories":[253],"tags":[],"class_list":["post-15165","post","type-post","status-publish","format-standard","has-post-thumbnail","hentry","category-gundem"],"jetpack_publicize_connections":[],"jetpack_featured_media_url":"https:\/\/kibrisayna.com\/wp-content\/uploads\/2024\/12\/1735304481159miting.png","jetpack_sharing_enabled":true,"_links":{"self":[{"href":"https:\/\/kibrisayna.com\/index.php\/wp-json\/wp\/v2\/posts\/15165","targetHints":{"allow":["GET"]}}],"collection":[{"href":"https:\/\/kibrisayna.com\/index.php\/wp-json\/wp\/v2\/posts"}],"about":[{"href":"https:\/\/kibrisayna.com\/index.php\/wp-json\/wp\/v2\/types\/post"}],"author":[{"embeddable":true,"href":"https:\/\/kibrisayna.com\/index.php\/wp-json\/wp\/v2\/users\/908"}],"replies":[{"embeddable":true,"href":"https:\/\/kibrisayna.com\/index.php\/wp-json\/wp\/v2\/comments?post=15165"}],"version-history":[{"count":0,"href":"https:\/\/kibrisayna.com\/index.php\/wp-json\/wp\/v2\/posts\/15165\/revisions"}],"wp:featuredmedia":[{"embeddable":true,"href":"https:\/\/kibrisayna.com\/index.php\/wp-json\/wp\/v2\/media\/15166"}],"wp:attachment":[{"href":"https:\/\/kibrisayna.com\/index.php\/wp-json\/wp\/v2\/media?parent=15165"}],"wp:term":[{"taxonomy":"category","embeddable":true,"href":"https:\/\/kibrisayna.com\/index.php\/wp-json\/wp\/v2\/categories?post=15165"},{"taxonomy":"post_tag","embeddable":true,"href":"https:\/\/kibrisayna.com\/index.php\/wp-json\/wp\/v2\/tags?post=15165"}],"curies":[{"name":"wp","href":"https:\/\/api.w.org\/{rel}","templated":true}]}}