{"id":15163,"date":"2024-12-27T14:09:40","date_gmt":"2024-12-27T11:09:40","guid":{"rendered":"https:\/\/kibrisayna.com\/index.php\/2024\/12\/27\/kultur-sanat-calismalari-medeni-dunyada-yerimizi-almamiza-hizmet-ediyor-brtk\/"},"modified":"2024-12-27T14:09:40","modified_gmt":"2024-12-27T11:09:40","slug":"kultur-sanat-calismalari-medeni-dunyada-yerimizi-almamiza-hizmet-ediyor-brtk","status":"publish","type":"post","link":"https:\/\/kibrisayna.com\/index.php\/2024\/12\/27\/kultur-sanat-calismalari-medeni-dunyada-yerimizi-almamiza-hizmet-ediyor-brtk\/","title":{"rendered":"K\u00fclt\u00fcr-sanat \u00e7al\u0131\u015fmalar\u0131, medeni d\u00fcnyada yerimizi almam\u0131za hizmet ediyor \u2013 BRTK"},"content":{"rendered":"<p> <br \/>\n<\/p>\n<div>\n<div class=\"mariselle-image-container center\">\n                <img loading=\"lazy\" decoding=\"async\" width=\"1134\" height=\"452\" class=\"lazy-image\" alt=\"\" sizes=\"auto, (max-width: 1134px) 100vw, 1134px\" src=\"https:\/\/brtk.net\/wp-content\/uploads\/2024\/12\/27\/140919041.png?ver=99641eea4757bd9680788349ac64996d\" srcset=\"https:\/\/brtk.net\/wp-content\/uploads\/2024\/12\/27\/140919041.png?ver=99641eea4757bd9680788349ac64996d 1134w, https:\/\/brtk.net\/wp-content\/uploads\/2024\/12\/27\/140919041-300x120.png?ver=315cc7f7e66e3ba3ba022abb7871174f 300w, https:\/\/brtk.net\/wp-content\/uploads\/2024\/12\/27\/140919041-1024x408.png?ver=a30acb0a2f6bc478a483ebd4e4023e11 1024w, https:\/\/brtk.net\/wp-content\/uploads\/2024\/12\/27\/140919041-768x306.png?ver=001935f7aa04944e4e3b47b92bf6ad87 768w\"\/>                            <\/div>\n<p> Cumhurba\u015fkan\u0131 Ersin Tatar, Yak\u0131n Do\u011fu \u00dcniversitesi (YD\u00dc) G\u00fczel Sanatlar ve Tasar\u0131m Fak\u00fcltesi\u2019nin \u00f6d\u00fcll\u00fc akademisyen sanat\u00e7\u0131lar\u0131 ile K\u0131br\u0131s Modern Sanat M\u00fczesi sanat\u00e7\u0131lar\u0131n\u0131n eserlerinden olu\u015fan \u201cG\u00fczel Sanatlar Aral\u0131k Y\u0131l Sonu Sergisi\u2019nin\u201d a\u00e7\u0131l\u0131\u015f\u0131na kat\u0131ld\u0131.<\/p>\n<p>\u0130rfan G\u00fcnsel Kongre Merkezi Sergi Salonu\u2019nda ger\u00e7ekle\u015fen a\u00e7\u0131l\u0131\u015f t\u00f6reninde konu\u015fan Cumhurba\u015fkan\u0131 Tatar, 2024 y\u0131l\u0131n\u0131n zorluklar ve m\u00fccadelelerle ge\u00e7ti\u011fini belirterek, Yak\u0131n Do\u011fu \u00dcniversitesi\u2019nin farkl\u0131 alanlarda ger\u00e7ekle\u015ftirdi\u011fi \u00e7al\u0131\u015fmalar ve kazand\u0131\u011f\u0131 ba\u015far\u0131larla Kuzey K\u0131br\u0131s T\u00fcrk Cumhuriyeti\u2019nin sesini d\u00fcnyaya duyurmay\u0131 ba\u015fard\u0131\u011f\u0131n\u0131 ifade etti.<\/p>\n<p>YD\u00dc G\u00fczel Sanatlar ve Tasar\u0131m Fak\u00fcltesi taraf\u0131ndan d\u00fczenlenen serginin \u00fcniversitenin \u00fcretkenli\u011fini ve zenginli\u011fini ortaya koyarken, eserlerin m\u00fcze niteli\u011finde bir ar\u015fiv olu\u015fturmas\u0131n\u0131n \u00f6nemine dikkat \u00e7eken Cumhurba\u015fkan\u0131 Ersin Tatar, \u201cBu \u00e7abalar, e\u011fitim sistemimizin ne kadar ileri seviyelere ula\u015ft\u0131\u011f\u0131n\u0131 ve b\u00f6lgemizdeki \u00f6nc\u00fcl\u00fc\u011f\u00fcm\u00fcz\u00fc bir kez daha g\u00f6zler \u00f6n\u00fcne seriyor\u201d dedi.<\/p>\n<p>Yap\u0131lan k\u00fclt\u00fcr ve sanat \u00e7al\u0131\u015fmalar\u0131n\u0131n Kuzey K\u0131br\u0131s T\u00fcrk Cumhuriyeti\u2019nin medeni d\u00fcnyada yerini almas\u0131na hizmet etti\u011fini anlatan Cumhurba\u015fkan\u0131 Tatar, YD\u00dc Kurucu Rekt\u00f6r\u00fc Suat G\u00fcnsel\u2019in yan\u0131 s\u0131ra serginin d\u00fczenlenmesinde eme\u011fi ge\u00e7enleri tebrik ederek, ba\u015far\u0131lar diledi.<\/p>\n<\/p><\/div>\n<p><script async\n                    defer\n                    crossorigin=\"anonymous\"\n                    src=\"https:\/\/connect.facebook.net\/tr_TR\/sdk.js#xfbml=1&#038;version=v3.3\"\n            ><\/script><br \/>\n<br \/><br \/>\n<br \/><a href=\"https:\/\/brtk.net\/cumhurbaskani-tatar-kultur-sanat-calismalari-medeni-dunyada-yerimizi-almamiza-hizmet-ediyor\/\">Kaynak BRT <\/a><\/p>\n","protected":false},"excerpt":{"rendered":"<p>Cumhurba\u015fkan\u0131 Ersin Tatar, Yak\u0131n Do\u011fu \u00dcniversitesi (YD\u00dc) G\u00fczel Sanatlar ve Tasar\u0131m Fak\u00fcltesi\u2019nin \u00f6d\u00fcll\u00fc akademisyen sanat\u00e7\u0131lar\u0131 ile K\u0131br\u0131s Modern Sanat M\u00fczesi sanat\u00e7\u0131lar\u0131n\u0131n eserlerinden olu\u015fan \u201cG\u00fczel Sanatlar Aral\u0131k Y\u0131l Sonu Sergisi\u2019nin\u201d a\u00e7\u0131l\u0131\u015f\u0131na kat\u0131ld\u0131. \u0130rfan G\u00fcnsel Kongre Merkezi Sergi Salonu\u2019nda ger\u00e7ekle\u015fen a\u00e7\u0131l\u0131\u015f t\u00f6reninde konu\u015fan Cumhurba\u015fkan\u0131 Tatar, 2024 y\u0131l\u0131n\u0131n zorluklar ve m\u00fccadelelerle ge\u00e7ti\u011fini belirterek, Yak\u0131n Do\u011fu \u00dcniversitesi\u2019nin farkl\u0131 alanlarda [&hellip;]<\/p>\n","protected":false},"author":908,"featured_media":15164,"comment_status":"open","ping_status":"open","sticky":false,"template":"","format":"standard","meta":{"_jetpack_memberships_contains_paid_content":false,"footnotes":"","jetpack_publicize_message":"","jetpack_publicize_feature_enabled":true,"jetpack_social_post_already_shared":true,"jetpack_social_options":{"image_generator_settings":{"template":"highway","default_image_id":0,"font":"","enabled":false},"version":2}},"categories":[253],"tags":[],"class_list":["post-15163","post","type-post","status-publish","format-standard","has-post-thumbnail","hentry","category-gundem"],"jetpack_publicize_connections":[],"jetpack_featured_media_url":"https:\/\/kibrisayna.com\/wp-content\/uploads\/2024\/12\/140919041.png","jetpack_sharing_enabled":true,"_links":{"self":[{"href":"https:\/\/kibrisayna.com\/index.php\/wp-json\/wp\/v2\/posts\/15163","targetHints":{"allow":["GET"]}}],"collection":[{"href":"https:\/\/kibrisayna.com\/index.php\/wp-json\/wp\/v2\/posts"}],"about":[{"href":"https:\/\/kibrisayna.com\/index.php\/wp-json\/wp\/v2\/types\/post"}],"author":[{"embeddable":true,"href":"https:\/\/kibrisayna.com\/index.php\/wp-json\/wp\/v2\/users\/908"}],"replies":[{"embeddable":true,"href":"https:\/\/kibrisayna.com\/index.php\/wp-json\/wp\/v2\/comments?post=15163"}],"version-history":[{"count":0,"href":"https:\/\/kibrisayna.com\/index.php\/wp-json\/wp\/v2\/posts\/15163\/revisions"}],"wp:featuredmedia":[{"embeddable":true,"href":"https:\/\/kibrisayna.com\/index.php\/wp-json\/wp\/v2\/media\/15164"}],"wp:attachment":[{"href":"https:\/\/kibrisayna.com\/index.php\/wp-json\/wp\/v2\/media?parent=15163"}],"wp:term":[{"taxonomy":"category","embeddable":true,"href":"https:\/\/kibrisayna.com\/index.php\/wp-json\/wp\/v2\/categories?post=15163"},{"taxonomy":"post_tag","embeddable":true,"href":"https:\/\/kibrisayna.com\/index.php\/wp-json\/wp\/v2\/tags?post=15163"}],"curies":[{"name":"wp","href":"https:\/\/api.w.org\/{rel}","templated":true}]}}