{"id":15120,"date":"2024-12-26T21:03:31","date_gmt":"2024-12-26T18:03:31","guid":{"rendered":"https:\/\/kibrisayna.com\/index.php\/2024\/12\/26\/belediye-emekcileri-sendikasi-olaganustu-toplaniyor-brtk\/"},"modified":"2024-12-26T21:03:31","modified_gmt":"2024-12-26T18:03:31","slug":"belediye-emekcileri-sendikasi-olaganustu-toplaniyor-brtk","status":"publish","type":"post","link":"https:\/\/kibrisayna.com\/index.php\/2024\/12\/26\/belediye-emekcileri-sendikasi-olaganustu-toplaniyor-brtk\/","title":{"rendered":"Belediye Emek\u00e7ileri Sendikas\u0131 ola\u011fan\u00fcst\u00fc toplan\u0131yor \u2013 BRTK"},"content":{"rendered":"<p> <br \/>\n<\/p>\n<div>\n<div class=\"mariselle-image-container center\">\n                <img loading=\"lazy\" decoding=\"async\" width=\"880\" height=\"440\" class=\"lazy-image\" alt=\"\" sizes=\"auto, (max-width: 880px) 100vw, 880px\" src=\"https:\/\/brtk.net\/wp-content\/uploads\/2024\/12\/26\/bes.jpg?ver=bf22f6e7aafc8fdbf4801ae321897052\" srcset=\"https:\/\/brtk.net\/wp-content\/uploads\/2024\/12\/26\/bes.jpg?ver=bf22f6e7aafc8fdbf4801ae321897052 880w, https:\/\/brtk.net\/wp-content\/uploads\/2024\/12\/26\/bes-300x150.jpg?ver=737cfbadfd94fadfc5ab61039daefa29 300w, https:\/\/brtk.net\/wp-content\/uploads\/2024\/12\/26\/bes-768x384.jpg?ver=737cfbadfd94fadfc5ab61039daefa29 768w, https:\/\/brtk.net\/wp-content\/uploads\/2024\/12\/26\/bes-720x360.jpg?ver=04364b12c087d492c65bd1680ea8951d 720w\"\/>                            <\/div>\n<p>Belediye Emek\u00e7ileri Sendikas\u0131 (BES) Y\u00f6netim Kurulu yar\u0131n sabah ola\u011fan\u00fcst\u00fc toplan\u0131yor. BES\u2019in grev ve eylem stratejisi toplant\u0131n\u0131n ard\u0131ndan a\u00e7\u0131klanacak\u00e7<\/p>\n<p><strong>BES\u2019in grev ve eylem stratejisi toplant\u0131n\u0131n ard\u0131ndan a\u00e7\u0131klanacak<\/strong><\/p>\n<p>BES\u2019ten yap\u0131lan a\u00e7\u0131klamaya g\u00f6re y\u00f6netimin g\u00fcndeminde; sendikalar\u0131n grev ve eylemlerine kar\u015f\u0131n h\u00fck\u00fcmetin hala duyars\u0131z davranmas\u0131 ve Toplu \u0130\u015f S\u00f6zle\u015fmesi (T\u0130S) ile Hayat Pahal\u0131l\u0131\u011f\u0131 \u00d6dene\u011fi yasalar\u0131nda yapmak istedi\u011fi emek\u00e7i d\u00fc\u015fman\u0131 de\u011fi\u015fiklikleri geri \u00e7ekmemesi konular\u0131 olacak.<\/p>\n<p>Yar\u0131n sabah ger\u00e7ekle\u015fecek toplant\u0131n\u0131n ard\u0131ndan BES\u2019in eylem ve grev stratejisini a\u00e7\u0131klamas\u0131 bekleniyor.<\/p>\n<\/p><\/div>\n<p><script async\n                    defer\n                    crossorigin=\"anonymous\"\n                    src=\"https:\/\/connect.facebook.net\/tr_TR\/sdk.js#xfbml=1&#038;version=v3.3\"\n            ><\/script><br \/>\n<br \/><br \/>\n<br \/><a href=\"https:\/\/brtk.net\/belediye-emekcileri-sendikasi-olaganustu-toplaniyor\/\">Kaynak BRT <\/a><\/p>\n","protected":false},"excerpt":{"rendered":"<p>Belediye Emek\u00e7ileri Sendikas\u0131 (BES) Y\u00f6netim Kurulu yar\u0131n sabah ola\u011fan\u00fcst\u00fc toplan\u0131yor. BES\u2019in grev ve eylem stratejisi toplant\u0131n\u0131n ard\u0131ndan a\u00e7\u0131klanacak\u00e7 BES\u2019in grev ve eylem stratejisi toplant\u0131n\u0131n ard\u0131ndan a\u00e7\u0131klanacak BES\u2019ten yap\u0131lan a\u00e7\u0131klamaya g\u00f6re y\u00f6netimin g\u00fcndeminde; sendikalar\u0131n grev ve eylemlerine kar\u015f\u0131n h\u00fck\u00fcmetin hala duyars\u0131z davranmas\u0131 ve Toplu \u0130\u015f S\u00f6zle\u015fmesi (T\u0130S) ile Hayat Pahal\u0131l\u0131\u011f\u0131 \u00d6dene\u011fi yasalar\u0131nda yapmak istedi\u011fi emek\u00e7i d\u00fc\u015fman\u0131 [&hellip;]<\/p>\n","protected":false},"author":908,"featured_media":15121,"comment_status":"open","ping_status":"open","sticky":false,"template":"","format":"standard","meta":{"_jetpack_memberships_contains_paid_content":false,"footnotes":"","jetpack_publicize_message":"","jetpack_publicize_feature_enabled":true,"jetpack_social_post_already_shared":true,"jetpack_social_options":{"image_generator_settings":{"template":"highway","default_image_id":0,"font":"","enabled":false},"version":2}},"categories":[253],"tags":[],"class_list":["post-15120","post","type-post","status-publish","format-standard","has-post-thumbnail","hentry","category-gundem"],"jetpack_publicize_connections":[],"jetpack_featured_media_url":"https:\/\/kibrisayna.com\/wp-content\/uploads\/2024\/12\/bes.jpg","jetpack_sharing_enabled":true,"_links":{"self":[{"href":"https:\/\/kibrisayna.com\/index.php\/wp-json\/wp\/v2\/posts\/15120","targetHints":{"allow":["GET"]}}],"collection":[{"href":"https:\/\/kibrisayna.com\/index.php\/wp-json\/wp\/v2\/posts"}],"about":[{"href":"https:\/\/kibrisayna.com\/index.php\/wp-json\/wp\/v2\/types\/post"}],"author":[{"embeddable":true,"href":"https:\/\/kibrisayna.com\/index.php\/wp-json\/wp\/v2\/users\/908"}],"replies":[{"embeddable":true,"href":"https:\/\/kibrisayna.com\/index.php\/wp-json\/wp\/v2\/comments?post=15120"}],"version-history":[{"count":0,"href":"https:\/\/kibrisayna.com\/index.php\/wp-json\/wp\/v2\/posts\/15120\/revisions"}],"wp:featuredmedia":[{"embeddable":true,"href":"https:\/\/kibrisayna.com\/index.php\/wp-json\/wp\/v2\/media\/15121"}],"wp:attachment":[{"href":"https:\/\/kibrisayna.com\/index.php\/wp-json\/wp\/v2\/media?parent=15120"}],"wp:term":[{"taxonomy":"category","embeddable":true,"href":"https:\/\/kibrisayna.com\/index.php\/wp-json\/wp\/v2\/categories?post=15120"},{"taxonomy":"post_tag","embeddable":true,"href":"https:\/\/kibrisayna.com\/index.php\/wp-json\/wp\/v2\/tags?post=15120"}],"curies":[{"name":"wp","href":"https:\/\/api.w.org\/{rel}","templated":true}]}}