{"id":15119,"date":"2024-12-26T20:58:32","date_gmt":"2024-12-26T17:58:32","guid":{"rendered":"https:\/\/kibrisayna.com\/index.php\/2024\/12\/26\/2-arac-carpisti-3-yarali-brtk\/"},"modified":"2024-12-26T20:58:32","modified_gmt":"2024-12-26T17:58:32","slug":"2-arac-carpisti-3-yarali-brtk","status":"publish","type":"post","link":"https:\/\/kibrisayna.com\/index.php\/2024\/12\/26\/2-arac-carpisti-3-yarali-brtk\/","title":{"rendered":"2 ara\u00e7 \u00e7arp\u0131\u015ft\u0131, 3 yaral\u0131 \u2013 BRTK"},"content":{"rendered":"<p> <br \/>\n<\/p>\n<div>\n<div class=\"mariselle-image-container center\">\n                <img loading=\"lazy\" decoding=\"async\" width=\"850\" height=\"458\" class=\"lazy-image\" alt=\"\" sizes=\"auto, (max-width: 850px) 100vw, 850px\" src=\"https:\/\/brtk.net\/wp-content\/uploads\/2023\/01\/20\/trafik-kazasi-123.jpg?ver=5b247b09f9955fe821e8f724a56c88ad\" srcset=\"https:\/\/brtk.net\/wp-content\/uploads\/2023\/01\/20\/trafik-kazasi-123.jpg?ver=5b247b09f9955fe821e8f724a56c88ad 850w, https:\/\/brtk.net\/wp-content\/uploads\/2023\/01\/20\/trafik-kazasi-123-300x162.jpg?ver=51ac27f00c69e78286a22b70e7df3752 300w, https:\/\/brtk.net\/wp-content\/uploads\/2023\/01\/20\/trafik-kazasi-123-768x414.jpg?ver=51ac27f00c69e78286a22b70e7df3752 768w\"\/>                            <\/div>\n<p>Ge\u00e7itkale birinci yol kav\u015fa\u011f\u0131nda bug\u00fcn saat 16.00 s\u0131ralar\u0131nda meydana gelen trafik kazas\u0131nda 3 ki\u015fi yaraland\u0131.<\/p>\n<p>Polis Bas\u0131n Subayl\u0131\u011f\u0131\u2019ndan verilen bilgiye g\u00f6re, Meryem Memi\u015f (K-40) kullan\u0131m\u0131ndaki CD 475 plakal\u0131 salon ara\u00e7 ile \u0130skele istikametinden Ge\u00e7itkale istikametine do\u011fru dikkatsizce seyredip sa\u011fa do\u011fru d\u00f6n\u00fc\u015f yaparak, o esnada ana yol \u00fczerinde Ge\u00e7itkale istikametinden \u0130skele istikametine do\u011fru seyreden  Bu\u011fra Esenda\u011f (E-37) kullan\u0131m\u0131ndaki KB 101 plakal\u0131 salon arac\u0131n \u00f6n\u00fcn\u00fc t\u0131kamas\u0131 sonucu \u00e7arp\u0131\u015ft\u0131lar.<\/p>\n<p>\u00c7arpman\u0131n etkisiyle savrulan KB 101 plakal\u0131 ara\u00e7 yolun sa\u011f\u0131ndan \u00e7\u0131k\u0131p arac\u0131n\u0131n sol arka k\u0131sm\u0131 ile elektrik dire\u011fine \u00e7arp\u0131p durdu.<\/p>\n<p>Kaza sonucu yaralanan her iki ara\u00e7 s\u00fcr\u00fcc\u00fcs\u00fc ile CD 475 plakal\u0131 ara\u00e7ta yolcu olarak bulunan Himmet Tosun (E-17) kald\u0131r\u0131ld\u0131klar\u0131 Gazima\u011fusa Devlet Hastanesinde tedavileri halen s\u00fcr\u00fcyor.<\/p>\n<p>Soru\u015fturma devam ediyor.<\/p>\n<\/p><\/div>\n<p><script async\n                    defer\n                    crossorigin=\"anonymous\"\n                    src=\"https:\/\/connect.facebook.net\/tr_TR\/sdk.js#xfbml=1&#038;version=v3.3\"\n            ><\/script><br \/>\n<br \/><br \/>\n<br \/><a href=\"https:\/\/brtk.net\/gecitkalede-kaza-2-arac-carpisti-3-yarali\/\"> <\/a><\/p>\n","protected":false},"excerpt":{"rendered":"<p>Ge\u00e7itkale birinci yol kav\u015fa\u011f\u0131nda bug\u00fcn saat 16.00 s\u0131ralar\u0131nda meydana gelen trafik kazas\u0131nda 3 ki\u015fi yaraland\u0131. Polis Bas\u0131n Subayl\u0131\u011f\u0131\u2019ndan verilen bilgiye g\u00f6re, Meryem Memi\u015f (K-40) kullan\u0131m\u0131ndaki CD 475 plakal\u0131 salon ara\u00e7 ile \u0130skele istikametinden Ge\u00e7itkale istikametine do\u011fru dikkatsizce seyredip sa\u011fa do\u011fru d\u00f6n\u00fc\u015f yaparak, o esnada ana yol \u00fczerinde Ge\u00e7itkale istikametinden \u0130skele istikametine do\u011fru seyreden Bu\u011fra Esenda\u011f [&hellip;]<\/p>\n","protected":false},"author":908,"featured_media":2417,"comment_status":"open","ping_status":"open","sticky":false,"template":"","format":"standard","meta":{"_jetpack_memberships_contains_paid_content":false,"footnotes":"","jetpack_publicize_message":"","jetpack_publicize_feature_enabled":true,"jetpack_social_post_already_shared":true,"jetpack_social_options":{"image_generator_settings":{"template":"highway","default_image_id":0,"font":"","enabled":false},"version":2}},"categories":[253,19],"tags":[],"class_list":["post-15119","post","type-post","status-publish","format-standard","has-post-thumbnail","hentry","category-gundem","category-manset"],"jetpack_publicize_connections":[],"jetpack_featured_media_url":"https:\/\/kibrisayna.com\/wp-content\/uploads\/2024\/08\/trafik-kazasi-123.jpg","jetpack_sharing_enabled":true,"_links":{"self":[{"href":"https:\/\/kibrisayna.com\/index.php\/wp-json\/wp\/v2\/posts\/15119","targetHints":{"allow":["GET"]}}],"collection":[{"href":"https:\/\/kibrisayna.com\/index.php\/wp-json\/wp\/v2\/posts"}],"about":[{"href":"https:\/\/kibrisayna.com\/index.php\/wp-json\/wp\/v2\/types\/post"}],"author":[{"embeddable":true,"href":"https:\/\/kibrisayna.com\/index.php\/wp-json\/wp\/v2\/users\/908"}],"replies":[{"embeddable":true,"href":"https:\/\/kibrisayna.com\/index.php\/wp-json\/wp\/v2\/comments?post=15119"}],"version-history":[{"count":0,"href":"https:\/\/kibrisayna.com\/index.php\/wp-json\/wp\/v2\/posts\/15119\/revisions"}],"wp:featuredmedia":[{"embeddable":true,"href":"https:\/\/kibrisayna.com\/index.php\/wp-json\/wp\/v2\/media\/2417"}],"wp:attachment":[{"href":"https:\/\/kibrisayna.com\/index.php\/wp-json\/wp\/v2\/media?parent=15119"}],"wp:term":[{"taxonomy":"category","embeddable":true,"href":"https:\/\/kibrisayna.com\/index.php\/wp-json\/wp\/v2\/categories?post=15119"},{"taxonomy":"post_tag","embeddable":true,"href":"https:\/\/kibrisayna.com\/index.php\/wp-json\/wp\/v2\/tags?post=15119"}],"curies":[{"name":"wp","href":"https:\/\/api.w.org\/{rel}","templated":true}]}}