{"id":15117,"date":"2024-12-26T18:48:40","date_gmt":"2024-12-26T15:48:40","guid":{"rendered":"https:\/\/kibrisayna.com\/index.php\/2024\/12\/26\/sendikalar-yarin-da-orgutlu-isyerlerinde-greve-devam-edecek-brtk\/"},"modified":"2024-12-26T18:48:40","modified_gmt":"2024-12-26T15:48:40","slug":"sendikalar-yarin-da-orgutlu-isyerlerinde-greve-devam-edecek-brtk","status":"publish","type":"post","link":"https:\/\/kibrisayna.com\/index.php\/2024\/12\/26\/sendikalar-yarin-da-orgutlu-isyerlerinde-greve-devam-edecek-brtk\/","title":{"rendered":"Sendikalar yar\u0131n da \u00f6rg\u00fctl\u00fc i\u015fyerlerinde greve devam edecek \u2013 BRTK"},"content":{"rendered":"<p> <br \/>\n<\/p>\n<div>\n<div class=\"mariselle-image-container center\">\n                <img loading=\"lazy\" decoding=\"async\" width=\"890\" height=\"560\" class=\"lazy-image\" alt=\"\" sizes=\"auto, (max-width: 890px) 100vw, 890px\" src=\"https:\/\/brtk.net\/wp-content\/uploads\/2024\/12\/26\/1735227762672sendika-3.png?ver=0c722c58b6f39b5d3ab32af42339e1ee\" srcset=\"https:\/\/brtk.net\/wp-content\/uploads\/2024\/12\/26\/1735227762672sendika-3.png?ver=0c722c58b6f39b5d3ab32af42339e1ee 890w, https:\/\/brtk.net\/wp-content\/uploads\/2024\/12\/26\/1735227762672sendika-3-300x189.png?ver=3561be59a5424438635ad0b6736c09ef 300w, https:\/\/brtk.net\/wp-content\/uploads\/2024\/12\/26\/1735227762672sendika-3-768x483.png?ver=bef6379abdae59185363f999e1d18133 768w\"\/>                            <\/div>\n<p>Hayat pahal\u0131l\u0131\u011f\u0131 hesaplamas\u0131n\u0131n de\u011fi\u015ftirilmesine ve toplu i\u015f s\u00f6zle\u015fmesi d\u00fczeninin de\u011fi\u015fmesine y\u00f6nelik yasa tasar\u0131lar\u0131na kar\u015f\u0131 \u00e7\u0131kan ve bug\u00fcn genel greve gideren Cumhuriyet Meclisi \u00f6n\u00fcnde eylem yapan 32 sendika, genel greve yar\u0131n da devam edilece\u011fini a\u00e7\u0131kland\u0131.<\/p>\n<p>Sendikalar ad\u0131na KT\u00d6S Genel Sekreteri Burak Mavi\u015f taraf\u0131ndan yap\u0131lan yaz\u0131l\u0131 a\u00e7\u0131klamada \u201cH\u00fck\u00fcmetin, Toplu \u0130\u015f S\u00f6zle\u015fmesi, Grev ve Referandum Yasas\u0131 ile Hayat Pahal\u0131l\u0131\u011f\u0131 Alma Hakk\u0131 Yasas\u0131 \u00fczerinde yapmak istedi\u011fi de\u011fi\u015fikliklerle al\u0131m g\u00fcc\u00fcm\u00fcz\u00fc reel olarak d\u00fc\u015f\u00fcrmeye, asgari \u00fccretliyi patronlar\u0131n insaf\u0131na b\u0131rakmaya toplu s\u00f6zle\u015fme hakk\u0131m\u0131z\u0131 gasp etmeye ve halk\u0131 daha da fakirle\u015ftirmeye y\u00f6nelik giri\u015fimlerine kar\u015f\u0131 m\u00fccadelemiz devam edecektir\u201d denildi.<\/p>\n<p>A\u00e7\u0131klamada \u201cBu kararl\u0131l\u0131kla yar\u0131n yeniden t\u00fcm \u00f6rg\u00fctl\u00fc yerlerimizde grevde olaca\u011f\u0131z! Hakk\u0131m\u0131z olan insanca ya\u015fam\u0131 ve \u00f6rg\u00fctl\u00fc \u00e7al\u0131\u015fma hayat\u0131n\u0131 koruyana kadar geri ad\u0131m atmayaca\u011f\u0131z. Yasa geri \u00e7ekilene kadar grevimiz s\u00fcrecek; grevlerin yasaklanmas\u0131 durumunda ise bu yasa\u011fa boyun e\u011fmeyece\u011fiz\u201d ifadeleri kullan\u0131ld\u0131.<\/p>\n<p>\u201cToplu \u0130\u015f S\u00f6zle\u015fmesi, Grev ve Referandum Yasas\u0131n\u0131 yasa g\u00fcc\u00fcnde kararname ile keyfi bir \u015fekilde de\u011fi\u015ftirerek ve keyfi grev yasa\u011f\u0131na kar\u015f\u0131 hukuk m\u00fccadelemizi de s\u00fcrd\u00fcr\u00fcyoruz ve bu adaletsiz giri\u015fimi Anayasa Mahkemesi\u2019ne ta\u015f\u0131d\u0131k\u201d diyen Burak Mavi\u015f, t\u00fcm emek\u00e7ileri, yar\u0131nki greve ve m\u00fccadeleye kat\u0131lmaya \u00e7a\u011f\u0131rd\u0131.<\/p>\n<\/p><\/div>\n<p><script async\n                    defer\n                    crossorigin=\"anonymous\"\n                    src=\"https:\/\/connect.facebook.net\/tr_TR\/sdk.js#xfbml=1&#038;version=v3.3\"\n            ><\/script><br \/>\n<br \/><br \/>\n<br \/><a href=\"https:\/\/brtk.net\/sendikalar-yarin-da-orgutlu-isyerlerinde-greve-devam-edecek\/\">Kaynak BRT <\/a><\/p>\n","protected":false},"excerpt":{"rendered":"<p>Hayat pahal\u0131l\u0131\u011f\u0131 hesaplamas\u0131n\u0131n de\u011fi\u015ftirilmesine ve toplu i\u015f s\u00f6zle\u015fmesi d\u00fczeninin de\u011fi\u015fmesine y\u00f6nelik yasa tasar\u0131lar\u0131na kar\u015f\u0131 \u00e7\u0131kan ve bug\u00fcn genel greve gideren Cumhuriyet Meclisi \u00f6n\u00fcnde eylem yapan 32 sendika, genel greve yar\u0131n da devam edilece\u011fini a\u00e7\u0131kland\u0131. Sendikalar ad\u0131na KT\u00d6S Genel Sekreteri Burak Mavi\u015f taraf\u0131ndan yap\u0131lan yaz\u0131l\u0131 a\u00e7\u0131klamada \u201cH\u00fck\u00fcmetin, Toplu \u0130\u015f S\u00f6zle\u015fmesi, Grev ve Referandum Yasas\u0131 ile Hayat [&hellip;]<\/p>\n","protected":false},"author":908,"featured_media":14932,"comment_status":"open","ping_status":"open","sticky":false,"template":"","format":"standard","meta":{"_jetpack_memberships_contains_paid_content":false,"footnotes":"","jetpack_publicize_message":"","jetpack_publicize_feature_enabled":true,"jetpack_social_post_already_shared":true,"jetpack_social_options":{"image_generator_settings":{"template":"highway","default_image_id":0,"font":"","enabled":false},"version":2}},"categories":[253],"tags":[],"class_list":["post-15117","post","type-post","status-publish","format-standard","has-post-thumbnail","hentry","category-gundem"],"jetpack_publicize_connections":[],"jetpack_featured_media_url":"https:\/\/kibrisayna.com\/wp-content\/uploads\/2024\/12\/1735053815403grev-foto.jpg","jetpack_sharing_enabled":true,"_links":{"self":[{"href":"https:\/\/kibrisayna.com\/index.php\/wp-json\/wp\/v2\/posts\/15117","targetHints":{"allow":["GET"]}}],"collection":[{"href":"https:\/\/kibrisayna.com\/index.php\/wp-json\/wp\/v2\/posts"}],"about":[{"href":"https:\/\/kibrisayna.com\/index.php\/wp-json\/wp\/v2\/types\/post"}],"author":[{"embeddable":true,"href":"https:\/\/kibrisayna.com\/index.php\/wp-json\/wp\/v2\/users\/908"}],"replies":[{"embeddable":true,"href":"https:\/\/kibrisayna.com\/index.php\/wp-json\/wp\/v2\/comments?post=15117"}],"version-history":[{"count":0,"href":"https:\/\/kibrisayna.com\/index.php\/wp-json\/wp\/v2\/posts\/15117\/revisions"}],"wp:featuredmedia":[{"embeddable":true,"href":"https:\/\/kibrisayna.com\/index.php\/wp-json\/wp\/v2\/media\/14932"}],"wp:attachment":[{"href":"https:\/\/kibrisayna.com\/index.php\/wp-json\/wp\/v2\/media?parent=15117"}],"wp:term":[{"taxonomy":"category","embeddable":true,"href":"https:\/\/kibrisayna.com\/index.php\/wp-json\/wp\/v2\/categories?post=15117"},{"taxonomy":"post_tag","embeddable":true,"href":"https:\/\/kibrisayna.com\/index.php\/wp-json\/wp\/v2\/tags?post=15117"}],"curies":[{"name":"wp","href":"https:\/\/api.w.org\/{rel}","templated":true}]}}