{"id":15106,"date":"2024-12-26T17:02:43","date_gmt":"2024-12-26T14:02:43","guid":{"rendered":"https:\/\/kibrisayna.com\/index.php\/2024\/12\/26\/medya-etik-kurulu-zirve-kibrisa-uyari-verdi-brtk\/"},"modified":"2024-12-26T17:02:43","modified_gmt":"2024-12-26T14:02:43","slug":"medya-etik-kurulu-zirve-kibrisa-uyari-verdi-brtk","status":"publish","type":"post","link":"https:\/\/kibrisayna.com\/index.php\/2024\/12\/26\/medya-etik-kurulu-zirve-kibrisa-uyari-verdi-brtk\/","title":{"rendered":"Medya Etik Kurulu \u201cZirve K\u0131br\u0131s\u201da uyar\u0131 verdi \u2013 BRTK"},"content":{"rendered":"<p> <br \/>\n<\/p>\n<div>\n<div class=\"mariselle-image-container center\">\n                <img loading=\"lazy\" decoding=\"async\" width=\"786\" height=\"410\" class=\"lazy-image\" alt=\"\" sizes=\"auto, (max-width: 786px) 100vw, 786px\" src=\"https:\/\/brtk.net\/wp-content\/uploads\/2024\/12\/26\/1735214499269medya-etik-kurulu.png?ver=13b8c663b2f972f59d80679dbf0db62d\" srcset=\"https:\/\/brtk.net\/wp-content\/uploads\/2024\/12\/26\/1735214499269medya-etik-kurulu.png?ver=13b8c663b2f972f59d80679dbf0db62d 786w, https:\/\/brtk.net\/wp-content\/uploads\/2024\/12\/26\/1735214499269medya-etik-kurulu-300x156.png?ver=17b9b6e98e889cb552b8b3def4c4556e 300w, https:\/\/brtk.net\/wp-content\/uploads\/2024\/12\/26\/1735214499269medya-etik-kurulu-768x401.png?ver=17b9b6e98e889cb552b8b3def4c4556e 768w, https:\/\/brtk.net\/wp-content\/uploads\/2024\/12\/26\/1735214499269medya-etik-kurulu-736x384.png?ver=17b9b6e98e889cb552b8b3def4c4556e 736w\"\/>                            <\/div>\n<p>Medya Etik Kurulu, \u201cZirve K\u0131br\u0131s\u201da, K\u0131br\u0131sl\u0131 Gazetesi\u2019nin yay\u0131mlad\u0131\u011f\u0131 bir videoyu logosunu keserek, kendi i\u00e7eri\u011fi gibi payla\u015f\u0131lmas\u0131ndan dolay\u0131 uyar\u0131 verdi.<\/p>\n<p>Medya Etik Kurulundan yap\u0131lan a\u00e7\u0131klamada, K\u0131br\u0131sl\u0131 Gazetesi Haber M\u00fcd\u00fcr\u00fc Selda Bekta\u015f taraf\u0131ndan yap\u0131lan \u015fikayet \u00fczerine, Zirve K\u0131br\u0131s taraf\u0131ndan ger\u00e7ekle\u015ftirilen bir payla\u015f\u0131m incelendi.<\/p>\n<p>\u015eik\u00e2yetin, \u201cK\u0131br\u0131sl\u0131 Gazetesi\u2019nin 23 Aral\u0131k Pazartesi g\u00fcn\u00fc Ad\u0131yaman\u2019a giderken u\u00e7akta \u00e7ekti\u011fi ve sosyal medya platformlar\u0131nda yay\u0131mlad\u0131\u011f\u0131 bir videonun, Zirve K\u0131br\u0131s taraf\u0131ndan izinsiz bir \u015fekilde logonun kesilerek, kendi i\u00e7eri\u011fi gibi payla\u015f\u0131lmas\u0131n\u0131\u201d i\u00e7erdi\u011fi belirtilen a\u00e7\u0131klamada, \u015funlar kaydedildi:<\/p>\n<p>\u201cGazetecilik Etik Deklarasyonu\u2019nun 3. maddesi, ba\u015fka bir medya kurulu\u015fundan al\u0131nan haberlerde kayna\u011f\u0131n a\u00e7\u0131k\u00e7a belirtilmesini ve haberi \u00fcreten kurulu\u015fa y\u00f6nlendirme yap\u0131lmas\u0131n\u0131 zorunlu k\u0131lar. Zirve K\u0131br\u0131s, K\u0131br\u0131sl\u0131 Gazetesi\u2019ne ait \u00f6zel i\u00e7eri\u011fi izinsiz bir \u015fekilde kullanm\u0131\u015f ve kaynak g\u00f6stermemi\u015ftir. Ayr\u0131ca, logonun kesilmesiyle \u015feffafl\u0131k ilkesine ayk\u0131r\u0131 bir tutum sergileyerek okuyucuyu yan\u0131ltm\u0131\u015ft\u0131r. Meslekta\u015f dayan\u0131\u015fmas\u0131 ve adil rekabet, meslek eti\u011finin temel ilkeleri aras\u0131ndad\u0131r. Zirve K\u0131br\u0131s, meslekta\u015flar\u0131n\u0131n eme\u011fine sayg\u0131 g\u00f6stermemi\u015f ve etik olmayan bir y\u00f6ntemle i\u00e7eri\u011fi kendi \u00fcretmi\u015f gibi g\u00f6stermi\u015ftir. Bu durum, mesleki dayan\u0131\u015fmay\u0131 zedeledi\u011fi gibi adil rekabet kurallar\u0131na da ayk\u0131r\u0131d\u0131r.<\/p>\n<p>Bununla birlikte, bir medya kurulu\u015funun \u00fcretti\u011fi \u00f6zel i\u00e7erik, o kurulu\u015fun fikri m\u00fclkiyet haklar\u0131 kapsam\u0131ndad\u0131r. K\u0131br\u0131sl\u0131 Gazetesi\u2019nin videosunun izinsiz al\u0131narak logonun kesilmesi ve kaynak belirtilmeksizin payla\u015f\u0131lmas\u0131, fikri m\u00fclkiyet haklar\u0131n\u0131n a\u00e7\u0131k bir ihlalidir. Bu t\u00fcr ihlaller, gazetecilik mesle\u011finin sayg\u0131nl\u0131\u011f\u0131n\u0131 zedelemektedir.<\/p>\n<p>Medya Etik Kurulu, yap\u0131lan de\u011ferlendirmeler sonucunda Zirve K\u0131br\u0131s\u2019a uyar\u0131 verilmesini kararla\u015ft\u0131rm\u0131\u015ft\u0131r. Bu karar, medya kurulu\u015flar\u0131n\u0131n kaynak belirtme ve \u015feffafl\u0131k ilkelerine uygun davranma, meslekta\u015flar\u0131n\u0131n fikri m\u00fclkiyet haklar\u0131na sayg\u0131 g\u00f6sterme ve adil rekabet kurallar\u0131na uyarak mesleki etik standartlara ba\u011fl\u0131 kalma gerekliliklerini hat\u0131rlatmaktad\u0131r.\u201d<\/p>\n<\/p><\/div>\n<p><script async\n                    defer\n                    crossorigin=\"anonymous\"\n                    src=\"https:\/\/connect.facebook.net\/tr_TR\/sdk.js#xfbml=1&#038;version=v3.3\"\n            ><\/script><br \/>\n<br \/><br \/>\n<br \/><a href=\"https:\/\/brtk.net\/medya-etik-kurulu-zirve-kibrisa-uyari-verdi\/\">Kaynak BRT <\/a><\/p>\n","protected":false},"excerpt":{"rendered":"<p>Medya Etik Kurulu, \u201cZirve K\u0131br\u0131s\u201da, K\u0131br\u0131sl\u0131 Gazetesi\u2019nin yay\u0131mlad\u0131\u011f\u0131 bir videoyu logosunu keserek, kendi i\u00e7eri\u011fi gibi payla\u015f\u0131lmas\u0131ndan dolay\u0131 uyar\u0131 verdi. Medya Etik Kurulundan yap\u0131lan a\u00e7\u0131klamada, K\u0131br\u0131sl\u0131 Gazetesi Haber M\u00fcd\u00fcr\u00fc Selda Bekta\u015f taraf\u0131ndan yap\u0131lan \u015fikayet \u00fczerine, Zirve K\u0131br\u0131s taraf\u0131ndan ger\u00e7ekle\u015ftirilen bir payla\u015f\u0131m incelendi. \u015eik\u00e2yetin, \u201cK\u0131br\u0131sl\u0131 Gazetesi\u2019nin 23 Aral\u0131k Pazartesi g\u00fcn\u00fc Ad\u0131yaman\u2019a giderken u\u00e7akta \u00e7ekti\u011fi ve sosyal medya [&hellip;]<\/p>\n","protected":false},"author":908,"featured_media":15107,"comment_status":"open","ping_status":"open","sticky":false,"template":"","format":"standard","meta":{"_jetpack_memberships_contains_paid_content":false,"footnotes":"","jetpack_publicize_message":"","jetpack_publicize_feature_enabled":true,"jetpack_social_post_already_shared":true,"jetpack_social_options":{"image_generator_settings":{"template":"highway","default_image_id":0,"font":"","enabled":false},"version":2}},"categories":[253],"tags":[],"class_list":["post-15106","post","type-post","status-publish","format-standard","has-post-thumbnail","hentry","category-gundem"],"jetpack_publicize_connections":[],"jetpack_featured_media_url":"https:\/\/kibrisayna.com\/wp-content\/uploads\/2024\/12\/1735214499269medya-etik-kurulu.png","jetpack_sharing_enabled":true,"_links":{"self":[{"href":"https:\/\/kibrisayna.com\/index.php\/wp-json\/wp\/v2\/posts\/15106","targetHints":{"allow":["GET"]}}],"collection":[{"href":"https:\/\/kibrisayna.com\/index.php\/wp-json\/wp\/v2\/posts"}],"about":[{"href":"https:\/\/kibrisayna.com\/index.php\/wp-json\/wp\/v2\/types\/post"}],"author":[{"embeddable":true,"href":"https:\/\/kibrisayna.com\/index.php\/wp-json\/wp\/v2\/users\/908"}],"replies":[{"embeddable":true,"href":"https:\/\/kibrisayna.com\/index.php\/wp-json\/wp\/v2\/comments?post=15106"}],"version-history":[{"count":0,"href":"https:\/\/kibrisayna.com\/index.php\/wp-json\/wp\/v2\/posts\/15106\/revisions"}],"wp:featuredmedia":[{"embeddable":true,"href":"https:\/\/kibrisayna.com\/index.php\/wp-json\/wp\/v2\/media\/15107"}],"wp:attachment":[{"href":"https:\/\/kibrisayna.com\/index.php\/wp-json\/wp\/v2\/media?parent=15106"}],"wp:term":[{"taxonomy":"category","embeddable":true,"href":"https:\/\/kibrisayna.com\/index.php\/wp-json\/wp\/v2\/categories?post=15106"},{"taxonomy":"post_tag","embeddable":true,"href":"https:\/\/kibrisayna.com\/index.php\/wp-json\/wp\/v2\/tags?post=15106"}],"curies":[{"name":"wp","href":"https:\/\/api.w.org\/{rel}","templated":true}]}}