{"id":15094,"date":"2024-12-26T15:47:05","date_gmt":"2024-12-26T12:47:05","guid":{"rendered":"https:\/\/kibrisayna.com\/index.php\/2024\/12\/26\/bazi-yollarda-isaretleme-ve-trafik-levha-calismasi-yapilacak-brtk\/"},"modified":"2024-12-26T15:47:05","modified_gmt":"2024-12-26T12:47:05","slug":"bazi-yollarda-isaretleme-ve-trafik-levha-calismasi-yapilacak-brtk","status":"publish","type":"post","link":"https:\/\/kibrisayna.com\/index.php\/2024\/12\/26\/bazi-yollarda-isaretleme-ve-trafik-levha-calismasi-yapilacak-brtk\/","title":{"rendered":"Baz\u0131 yollarda i\u015faretleme ve trafik levha \u00e7al\u0131\u015fmas\u0131 yap\u0131lacak \u2013 BRTK"},"content":{"rendered":"<p> <br \/>\n<\/p>\n<div>\n<div class=\"mariselle-image-container center\">\n                <img loading=\"lazy\" decoding=\"async\" width=\"789\" height=\"406\" class=\"lazy-image\" alt=\"\" sizes=\"auto, (max-width: 789px) 100vw, 789px\" src=\"https:\/\/brtk.net\/wp-content\/uploads\/2024\/12\/26\/isaretler.png?ver=869af924721229349596d42ccc3199a3\" srcset=\"https:\/\/brtk.net\/wp-content\/uploads\/2024\/12\/26\/isaretler.png?ver=869af924721229349596d42ccc3199a3 789w, https:\/\/brtk.net\/wp-content\/uploads\/2024\/12\/26\/isaretler-300x154.png?ver=50e0135456faf443ec5c46b5d9d5993c 300w, https:\/\/brtk.net\/wp-content\/uploads\/2024\/12\/26\/isaretler-768x395.png?ver=3d550cfa8840ae149df702d74a7e09ca 768w\"\/>                            <\/div>\n<p>Karayollar\u0131 Dairesi, 10 Ocak 2025\u2019e kadar baz\u0131 yollarda i\u015faretleme ve levha \u00e7al\u0131\u015fmas\u0131 yap\u0131laca\u011f\u0131n\u0131 duyurdu.<\/p>\n<p>Daireden yap\u0131lan duyuruya g\u00f6re, Ercan Havaliman\u0131 Kav\u015fa\u011f\u0131-Ge\u00e7itkale-\u0130skele Yolunda 26-29 Aral\u0131k, Ercan Havaliman\u0131-Gazik\u00f6y-Pa\u015fak\u00f6y-Vadili-Akdo\u011fan-D\u00f6rtyol Yolunda 30 Aral\u0131k 2024- 10 Ocak 2025, Pa\u015fak\u00f6y-Dilekkaya-Erdemli-Yi\u011fitler Yolunda da 30 Aral\u0131k \u2013 10 Ocak 2025 aras\u0131nda d\u00fc\u015fey i\u015faretleme trafik levha \u00e7al\u0131\u015fmalar\u0131 yap\u0131lacak. <\/p>\n<p>Duyuruda, s\u00fcr\u00fcc\u00fclerin trafik i\u015faretlerine dikkat etmesi uyar\u0131s\u0131 da yap\u0131ld\u0131.<\/p>\n<\/p><\/div>\n<p><script async\n                    defer\n                    crossorigin=\"anonymous\"\n                    src=\"https:\/\/connect.facebook.net\/tr_TR\/sdk.js#xfbml=1&#038;version=v3.3\"\n            ><\/script><br \/>\n<br \/><br \/>\n<br \/><a href=\"https:\/\/brtk.net\/bazi-yollarda-isaretleme-ve-trafik-levha-calismasi-yapilacak\/\">Kaynak BRT <\/a><\/p>\n","protected":false},"excerpt":{"rendered":"<p>Karayollar\u0131 Dairesi, 10 Ocak 2025\u2019e kadar baz\u0131 yollarda i\u015faretleme ve levha \u00e7al\u0131\u015fmas\u0131 yap\u0131laca\u011f\u0131n\u0131 duyurdu. Daireden yap\u0131lan duyuruya g\u00f6re, Ercan Havaliman\u0131 Kav\u015fa\u011f\u0131-Ge\u00e7itkale-\u0130skele Yolunda 26-29 Aral\u0131k, Ercan Havaliman\u0131-Gazik\u00f6y-Pa\u015fak\u00f6y-Vadili-Akdo\u011fan-D\u00f6rtyol Yolunda 30 Aral\u0131k 2024- 10 Ocak 2025, Pa\u015fak\u00f6y-Dilekkaya-Erdemli-Yi\u011fitler Yolunda da 30 Aral\u0131k \u2013 10 Ocak 2025 aras\u0131nda d\u00fc\u015fey i\u015faretleme trafik levha \u00e7al\u0131\u015fmalar\u0131 yap\u0131lacak. Duyuruda, s\u00fcr\u00fcc\u00fclerin trafik i\u015faretlerine dikkat etmesi [&hellip;]<\/p>\n","protected":false},"author":908,"featured_media":15095,"comment_status":"open","ping_status":"open","sticky":false,"template":"","format":"standard","meta":{"_jetpack_memberships_contains_paid_content":false,"footnotes":"","jetpack_publicize_message":"","jetpack_publicize_feature_enabled":true,"jetpack_social_post_already_shared":true,"jetpack_social_options":{"image_generator_settings":{"template":"highway","default_image_id":0,"font":"","enabled":false},"version":2}},"categories":[253],"tags":[],"class_list":["post-15094","post","type-post","status-publish","format-standard","has-post-thumbnail","hentry","category-gundem"],"jetpack_publicize_connections":[],"jetpack_featured_media_url":"https:\/\/kibrisayna.com\/wp-content\/uploads\/2024\/12\/isaretler.png","jetpack_sharing_enabled":true,"_links":{"self":[{"href":"https:\/\/kibrisayna.com\/index.php\/wp-json\/wp\/v2\/posts\/15094","targetHints":{"allow":["GET"]}}],"collection":[{"href":"https:\/\/kibrisayna.com\/index.php\/wp-json\/wp\/v2\/posts"}],"about":[{"href":"https:\/\/kibrisayna.com\/index.php\/wp-json\/wp\/v2\/types\/post"}],"author":[{"embeddable":true,"href":"https:\/\/kibrisayna.com\/index.php\/wp-json\/wp\/v2\/users\/908"}],"replies":[{"embeddable":true,"href":"https:\/\/kibrisayna.com\/index.php\/wp-json\/wp\/v2\/comments?post=15094"}],"version-history":[{"count":0,"href":"https:\/\/kibrisayna.com\/index.php\/wp-json\/wp\/v2\/posts\/15094\/revisions"}],"wp:featuredmedia":[{"embeddable":true,"href":"https:\/\/kibrisayna.com\/index.php\/wp-json\/wp\/v2\/media\/15095"}],"wp:attachment":[{"href":"https:\/\/kibrisayna.com\/index.php\/wp-json\/wp\/v2\/media?parent=15094"}],"wp:term":[{"taxonomy":"category","embeddable":true,"href":"https:\/\/kibrisayna.com\/index.php\/wp-json\/wp\/v2\/categories?post=15094"},{"taxonomy":"post_tag","embeddable":true,"href":"https:\/\/kibrisayna.com\/index.php\/wp-json\/wp\/v2\/tags?post=15094"}],"curies":[{"name":"wp","href":"https:\/\/api.w.org\/{rel}","templated":true}]}}