{"id":15055,"date":"2024-12-26T01:19:40","date_gmt":"2024-12-25T22:19:40","guid":{"rendered":"https:\/\/kibrisayna.com\/index.php\/2024\/12\/26\/son-dakika-haberi-ikinci-el-otomobilde-6-ay-6-bin-kilometre-sarti-uzatildi-son-dakika-turkiye-haberleri\/"},"modified":"2024-12-26T01:19:40","modified_gmt":"2024-12-25T22:19:40","slug":"son-dakika-haberi-ikinci-el-otomobilde-6-ay-6-bin-kilometre-sarti-uzatildi-son-dakika-turkiye-haberleri","status":"publish","type":"post","link":"https:\/\/kibrisayna.com\/index.php\/2024\/12\/26\/son-dakika-haberi-ikinci-el-otomobilde-6-ay-6-bin-kilometre-sarti-uzatildi-son-dakika-turkiye-haberleri\/","title":{"rendered":"SON DAK\u0130KA HABER\u0130:\u00a0\u0130kinci el otomobilde 6 ay-6 bin kilometre \u015fart\u0131 uzat\u0131ld\u0131 &#8211; Son Dakika T\u00fcrkiye Haberleri"},"content":{"rendered":"<p> <br \/>\n<\/p>\n<div>\n<p>Resmi Gazete&#8217;de yay\u0131mlanan kararla, ikinci el ara\u00e7 sat\u0131\u015f\u0131nda uygulanan 6 ay-6 bin kilometre ve ilan k\u0131s\u0131tlamas\u0131 uygulamalar\u0131n\u0131n s\u00fcresi yeniden uzat\u0131ld\u0131.\u00a0<\/p>\n<p>1 Ocak 2025&#8217;te sona erecek uygulama 6 daha ertelenerek 1 Temmuz 2025&#8217;e kadar devam edecek.<\/p>\n<p><strong>YEN\u0130DEN ERTELEND\u0130<\/strong><\/p>\n<p>Uygulama ilk olarak 1 Temmuz 2023 tarihinde sona erecekken, 1 Ocak 2024\u2019e, daha sonra 1 Temmuz 2024&#8217;e ve 1 Ocak 2025\u2019e kadar uzat\u0131lm\u0131\u015ft\u0131.<\/p>\n<p><strong>FAH\u0130\u015e F\u0130YATI ENGELL\u0130YOR<\/strong><\/p>\n<p>D\u00fczenlemeyle, s\u0131f\u0131r kilometre ara\u00e7lar\u0131n tescil tarihinden itibaren 6 ay veya 6 bin kilometre ge\u00e7medik\u00e7e ikinci el olarak sat\u0131\u015f\u0131 yasaklan\u0131yor.<\/p>\n<p>Ayr\u0131ca ikinci el ara\u00e7lar\u0131n, \u00fcretici veya distrib\u00fct\u00f6r taraf\u0131ndan tavsiye edilen g\u00fcncel sat\u0131\u015f fiyat\u0131n\u0131n \u00fczerinde bir fiyattan ilana konularak sat\u0131\u015f\u0131n\u0131n yap\u0131lmas\u0131n\u0131n \u00f6n\u00fcne ge\u00e7ilmesi ama\u00e7lan\u0131yor.<\/p>\n<\/div>\n<p><br \/>\n<br \/><a href=\"https:\/\/www.ntv.com.tr\/turkiye\/son-dakika-haberiikinci-el-otomobilde-6-bin-kilometre-sarti-uzatildi,AAnEIgiocU-zNBD6F4gmrA\"><\/a><\/p>\n","protected":false},"excerpt":{"rendered":"<p>Resmi Gazete&#8217;de yay\u0131mlanan kararla, ikinci el ara\u00e7 sat\u0131\u015f\u0131nda uygulanan 6 ay-6 bin kilometre ve ilan k\u0131s\u0131tlamas\u0131 uygulamalar\u0131n\u0131n s\u00fcresi yeniden uzat\u0131ld\u0131.\u00a0 1 Ocak 2025&#8217;te sona erecek uygulama 6 daha ertelenerek 1 Temmuz 2025&#8217;e kadar devam edecek. YEN\u0130DEN ERTELEND\u0130 Uygulama ilk olarak 1 Temmuz 2023 tarihinde sona erecekken, 1 Ocak 2024\u2019e, daha sonra 1 Temmuz 2024&#8217;e ve [&hellip;]<\/p>\n","protected":false},"author":908,"featured_media":1965,"comment_status":"open","ping_status":"open","sticky":false,"template":"","format":"standard","meta":{"_jetpack_memberships_contains_paid_content":false,"footnotes":"","jetpack_publicize_message":"","jetpack_publicize_feature_enabled":true,"jetpack_social_post_already_shared":true,"jetpack_social_options":{"image_generator_settings":{"template":"highway","default_image_id":0,"font":"","enabled":false},"version":2}},"categories":[13],"tags":[],"class_list":["post-15055","post","type-post","status-publish","format-standard","has-post-thumbnail","hentry","category-otomobil"],"jetpack_publicize_connections":[],"jetpack_featured_media_url":"https:\/\/kibrisayna.com\/wp-content\/uploads\/2024\/08\/I3bwgi7CakGHNAXnYQrXDA.jpg","jetpack_sharing_enabled":true,"_links":{"self":[{"href":"https:\/\/kibrisayna.com\/index.php\/wp-json\/wp\/v2\/posts\/15055","targetHints":{"allow":["GET"]}}],"collection":[{"href":"https:\/\/kibrisayna.com\/index.php\/wp-json\/wp\/v2\/posts"}],"about":[{"href":"https:\/\/kibrisayna.com\/index.php\/wp-json\/wp\/v2\/types\/post"}],"author":[{"embeddable":true,"href":"https:\/\/kibrisayna.com\/index.php\/wp-json\/wp\/v2\/users\/908"}],"replies":[{"embeddable":true,"href":"https:\/\/kibrisayna.com\/index.php\/wp-json\/wp\/v2\/comments?post=15055"}],"version-history":[{"count":0,"href":"https:\/\/kibrisayna.com\/index.php\/wp-json\/wp\/v2\/posts\/15055\/revisions"}],"wp:featuredmedia":[{"embeddable":true,"href":"https:\/\/kibrisayna.com\/index.php\/wp-json\/wp\/v2\/media\/1965"}],"wp:attachment":[{"href":"https:\/\/kibrisayna.com\/index.php\/wp-json\/wp\/v2\/media?parent=15055"}],"wp:term":[{"taxonomy":"category","embeddable":true,"href":"https:\/\/kibrisayna.com\/index.php\/wp-json\/wp\/v2\/categories?post=15055"},{"taxonomy":"post_tag","embeddable":true,"href":"https:\/\/kibrisayna.com\/index.php\/wp-json\/wp\/v2\/tags?post=15055"}],"curies":[{"name":"wp","href":"https:\/\/api.w.org\/{rel}","templated":true}]}}