{"id":15053,"date":"2024-12-25T23:24:15","date_gmt":"2024-12-25T20:24:15","guid":{"rendered":"https:\/\/kibrisayna.com\/index.php\/2024\/12\/25\/emekliye-ayrilan-polis-mensuplari-onore-edildi-brtk\/"},"modified":"2024-12-25T23:24:15","modified_gmt":"2024-12-25T20:24:15","slug":"emekliye-ayrilan-polis-mensuplari-onore-edildi-brtk","status":"publish","type":"post","link":"https:\/\/kibrisayna.com\/index.php\/2024\/12\/25\/emekliye-ayrilan-polis-mensuplari-onore-edildi-brtk\/","title":{"rendered":"Emekliye ayr\u0131lan polis mensuplar\u0131 onore edildi \u2013 BRTK"},"content":{"rendered":"<p> <br \/>\n<\/p>\n<div>\n<div class=\"mariselle-image-container center\">\n                <img loading=\"lazy\" decoding=\"async\" width=\"960\" height=\"395\" class=\"lazy-image\" alt=\"\" sizes=\"auto, (max-width: 960px) 100vw, 960px\" src=\"https:\/\/brtk.net\/wp-content\/uploads\/2024\/12\/25\/ojs.jpg?ver=94d7038d84e206a718f32657bb63aaf7\" srcset=\"https:\/\/brtk.net\/wp-content\/uploads\/2024\/12\/25\/ojs.jpg?ver=94d7038d84e206a718f32657bb63aaf7 960w, https:\/\/brtk.net\/wp-content\/uploads\/2024\/12\/25\/ojs-300x123.jpg?ver=94d7038d84e206a718f32657bb63aaf7 300w, https:\/\/brtk.net\/wp-content\/uploads\/2024\/12\/25\/ojs-768x316.jpg?ver=94d7038d84e206a718f32657bb63aaf7 768w\"\/>                            <\/div>\n<p>Polis \u00d6rg\u00fct\u00fc\u2019n\u00fcn \u00e7e\u015fitli birimlerinde uzun y\u0131llar g\u00f6rev yap\u0131p y\u0131l i\u00e7erisinde emeklilik hakk\u0131 kazanan polis mensuplar\u0131na, Polis Genel M\u00fcd\u00fcrl\u00fc\u011f\u00fc\u2019nde bug\u00fcn d\u00fczenlenen t\u00f6renle plaket ve hizmet belgeleri takdim edildi. <\/p>\n<p>D\u00fczenlenen t\u00f6rene, Polis Genel M\u00fcd\u00fcr\u00fc (PGM) Kas\u0131m KUN\u0130\u2019nin yan\u0131 s\u0131ra, PGM I. Yard\u0131mc\u0131s\u0131 Ali ADALIER, PGM II. Yard\u0131mc\u0131s\u0131 Kaan Resa SA\u00c7AR, \u0130l\u00e7e ve PGM-B\u00f6l\u00fcm M\u00fcd\u00fcrleri ile emekli personel ve aileleri kat\u0131ld\u0131.<\/p>\n<p>T\u00f6rende emekli olan meslekta\u015flar\u0131na hitap eden PGM Kas\u0131m KUN\u0130; Polis \u00d6rg\u00fct\u00fc\u2019n\u00fcn \u00e7al\u0131\u015fan\u0131 ve emeklisi ile birlikte b\u00fcy\u00fck bir aile oldu\u011funu belirterek, emekliye ayr\u0131lan personelin de her zaman bu ailenin bir ferdi olarak kalmaya devam edece\u011fine vurgu yapt\u0131. Polis Genel M\u00fcd\u00fcrl\u00fc\u011f\u00fc olarak her zaman emeklilerin yan\u0131nda olduklar\u0131n\u0131 kaydeden PGM KUN\u0130, emekliye ayr\u0131lan meslekta\u015flar\u0131na bundan sonraki ya\u015famlar\u0131nda sevdikleriyle birlikte sa\u011fl\u0131k, huzur ve mutluluk dileklerinde bulundu.  <\/p>\n<p>PGM Kas\u0131m KUN\u0130\u2019nin konu\u015fmas\u0131n\u0131n ard\u0131ndan, emekliye ayr\u0131lan polis mensuplar\u0131na Polis \u00d6rg\u00fct\u00fcne vermi\u015f olduklar\u0131 hizmetleri an\u0131s\u0131na plaket ve hizmet belgeleri takdim edildi.<\/p>\n<\/p><\/div>\n<p><script async\n                    defer\n                    crossorigin=\"anonymous\"\n                    src=\"https:\/\/connect.facebook.net\/tr_TR\/sdk.js#xfbml=1&#038;version=v3.3\"\n            ><\/script><br \/>\n<br \/><br \/>\n<br \/><a href=\"https:\/\/brtk.net\/emekliye-ayrilan-polis-mensuplari-onore-edildi\/\"> <\/a><\/p>\n","protected":false},"excerpt":{"rendered":"<p>Polis \u00d6rg\u00fct\u00fc\u2019n\u00fcn \u00e7e\u015fitli birimlerinde uzun y\u0131llar g\u00f6rev yap\u0131p y\u0131l i\u00e7erisinde emeklilik hakk\u0131 kazanan polis mensuplar\u0131na, Polis Genel M\u00fcd\u00fcrl\u00fc\u011f\u00fc\u2019nde bug\u00fcn d\u00fczenlenen t\u00f6renle plaket ve hizmet belgeleri takdim edildi. D\u00fczenlenen t\u00f6rene, Polis Genel M\u00fcd\u00fcr\u00fc (PGM) Kas\u0131m KUN\u0130\u2019nin yan\u0131 s\u0131ra, PGM I. Yard\u0131mc\u0131s\u0131 Ali ADALIER, PGM II. Yard\u0131mc\u0131s\u0131 Kaan Resa SA\u00c7AR, \u0130l\u00e7e ve PGM-B\u00f6l\u00fcm M\u00fcd\u00fcrleri ile emekli personel [&hellip;]<\/p>\n","protected":false},"author":908,"featured_media":15054,"comment_status":"open","ping_status":"open","sticky":false,"template":"","format":"standard","meta":{"_jetpack_memberships_contains_paid_content":false,"footnotes":"","jetpack_publicize_message":"","jetpack_publicize_feature_enabled":true,"jetpack_social_post_already_shared":true,"jetpack_social_options":{"image_generator_settings":{"template":"highway","default_image_id":0,"font":"","enabled":false},"version":2}},"categories":[253,19],"tags":[],"class_list":["post-15053","post","type-post","status-publish","format-standard","has-post-thumbnail","hentry","category-gundem","category-manset"],"jetpack_publicize_connections":[],"jetpack_featured_media_url":"https:\/\/kibrisayna.com\/wp-content\/uploads\/2024\/12\/ojs.jpg","jetpack_sharing_enabled":true,"_links":{"self":[{"href":"https:\/\/kibrisayna.com\/index.php\/wp-json\/wp\/v2\/posts\/15053","targetHints":{"allow":["GET"]}}],"collection":[{"href":"https:\/\/kibrisayna.com\/index.php\/wp-json\/wp\/v2\/posts"}],"about":[{"href":"https:\/\/kibrisayna.com\/index.php\/wp-json\/wp\/v2\/types\/post"}],"author":[{"embeddable":true,"href":"https:\/\/kibrisayna.com\/index.php\/wp-json\/wp\/v2\/users\/908"}],"replies":[{"embeddable":true,"href":"https:\/\/kibrisayna.com\/index.php\/wp-json\/wp\/v2\/comments?post=15053"}],"version-history":[{"count":0,"href":"https:\/\/kibrisayna.com\/index.php\/wp-json\/wp\/v2\/posts\/15053\/revisions"}],"wp:featuredmedia":[{"embeddable":true,"href":"https:\/\/kibrisayna.com\/index.php\/wp-json\/wp\/v2\/media\/15054"}],"wp:attachment":[{"href":"https:\/\/kibrisayna.com\/index.php\/wp-json\/wp\/v2\/media?parent=15053"}],"wp:term":[{"taxonomy":"category","embeddable":true,"href":"https:\/\/kibrisayna.com\/index.php\/wp-json\/wp\/v2\/categories?post=15053"},{"taxonomy":"post_tag","embeddable":true,"href":"https:\/\/kibrisayna.com\/index.php\/wp-json\/wp\/v2\/tags?post=15053"}],"curies":[{"name":"wp","href":"https:\/\/api.w.org\/{rel}","templated":true}]}}